{"id":19978,"date":"2021-11-04T00:00:00","date_gmt":"2021-11-04T06:00:00","guid":{"rendered":"https:\/\/dralvarez.com.mx\/larevista\/blog\/no-al-paro"},"modified":"2024-02-23T11:11:28","modified_gmt":"2024-02-23T17:11:28","slug":"no-al-paro","status":"publish","type":"post","link":"https:\/\/dralvarez.com.mx\/larevista\/opiniones\/no-al-paro","title":{"rendered":"No al paro"},"content":{"rendered":"<p><b><i>Se comenta solo\u2026<\/i>, por: Carlos Ramos Padilla.*<\/b><\/p>\n<\/p>\n<p>Si algo distingue a la UNAM es su intensa actividad que permite evolucionar. Ante las ya permanentes agresiones del presidente an\u00f3nimos proponen parar las actividades y cerrar las instalaciones. Nada m\u00e1s nocivo que eso.<\/p>\n<p>En la universidad se desprenden las mejores argumentaciones en todo sentido para debatir y resolver, lo peor que puede suceder es el silencio, es el recogimiento, el aislamiento, eso pretenden los revoltosos, paralizar a la Casa de Estudios, no debemos permitirlo.<\/p>\n<p>La UNAM ha sido ejemplo desde la declaraci\u00f3n de la pandemia y la aplicaci\u00f3n de protocolos sanitarios. El Rector Enrique Graue ha sido prudente, serio y claro: a nadie se le va a arriesgar y el campus azul y oro no ha sido ni ser\u00e1 centro de contagios.<\/p>\n<p>Aun as\u00ed, la UNAM ha seguido adelante y sobresalen, a pesar de que el ejecutivo emprenda contra los cient\u00edficos, los proyectos e investigaciones para procurar salud a la poblaci\u00f3n.<\/p>\n<p>Llama la atenci\u00f3n la serie de peticiones que pretenden los paristas: una disculpa p\u00fablica en la ma\u00f1anera, aumento del presupuesto en un 68%, energ\u00edas limpias para la naci\u00f3n (\u00bf!), juicio a Manuel Bartlett, c\u00e1rcel para Marcelo Ebrard por el accidente en la L\u00ednea 12 y -aqu\u00ed lo inaudito- autom\u00f3viles Tesla para todo el personal docente y administrativo. Los intercambios de razones la UNAM siempre los prepara y opera con orden, con informaci\u00f3n.<\/p>\n<p>No acostumbra disparar temas sin una a consistencia y mucho menos construye paredones para juicios populares. La UNAM no discute en las calles sus procedimientos internos ni su presupuesto. La UNAM no consolida marchas p\u00fablicas para dotar de autos a su personal. <\/p>\n<p>No hay que caer en la trampa. A ning\u00fan universitario le interesa ni conviene cerrar sus aulas, sus centros de investigaci\u00f3n, sus laboratorios, sus centros deportivos, sus oficinas para llevar a los corruptos a la c\u00e1rcel. La UNAM no es agencia del ministerio p\u00fablico. Iniciar un paro es aprobar una escalada de actos de desestabilizaci\u00f3n para la Instituci\u00f3n, es vulnerarla, es debilitarla.<\/p>\n<p>El m\u00fasculo es y ser\u00e1 la fuerza del talento e inteligencia de sus miembros, la b\u00fasqueda de la excelencia a trav\u00e9s de mecanismos pac\u00edficos y de envergadura, generar una extensi\u00f3n cultural que ofrezca dignidad a todo aquel que por diferentes circunstancias no pudieron matricularse como universitarios.<\/p>\n<p>A los j\u00f3venes no se les debe mutilar su futuro y pensar que M\u00e9xico estar\u00e1 en mejores condiciones con par\u00e1sitos y holgazanes. La UNAM ha aportado lo necesario para construir 98 centros de investigaci\u00f3n tecnol\u00f3gica y de manufactura de punta bajo la responsabilidad de los j\u00f3venes.<\/p>\n<p>En la UNAM se encuentra la mayor poblaci\u00f3n de \u201caspiracionistas\u201d que desean un pa\u00eds m\u00e1s s\u00f3lido y seguro. Todo aquel que cumple con sus requisitos acad\u00e9micos merece una licencia que lo acredita ante la as\u00f3cielas para producir, para crecer, para generar riqueza y estabilidad y esto no significa que sea conservador o fif\u00ed o neoliberal ni de derecha.<\/p>\n<p>Son y somos mexicanos que contribuimos a construir familia, comunidad y patria. Esa es la misi\u00f3n de nuestra UNAM activa no con candados, cadenas y estancamiento. El Rector Graue nos ha ense\u00f1ado a la comunidad universitaria como superarnos a\u00fan con fuertes y graves obst\u00e1culos como la crisis econ\u00f3mica, procesos electorales, el estancamiento, la violencia, los ataques institucionales, la reducci\u00f3n de presupuesto e incluso la pandemia.<\/p>\n<p>No podemos permitir que nos convierten en adversarios entre los universitarios. Nunca antes hab\u00eda o Servando a un gobierno tan poco educado y tan agresivo con todos los sectores. En el ambiente pol\u00edtico confrontado con los partidos pol\u00edticos, con los gobiernos estatales, con los migrantes, con los \u00f3rganos electorales, con las universidades, con el clero y humillando a las Fuerzas Armadas.<\/p>\n<p>En el ambiente social fracturado en el sector salud, reprobado en el educativo, cerrando fideicomisos para la ciencia y la investigaci\u00f3n, multiplicando el desempleo, creciendo la econom\u00eda informal, fracasando en el combate a los sicarios y asesinos, cerrando estancias infantiles. El balance no es positivo incluso en la procuraci\u00f3n de ambientes ambientales sanos y limpios.<\/p>\n<p>En materia internacional con un debilitamiento comprobable. Pero los mejores seres humanos y sus ideas para revertir estos males, est\u00e1n en la UNAM no en otro sitio porque ah\u00ed se da el humanismo, la capilaridad social, la universalidad del conocimiento, la fuerza de la informaci\u00f3n, el honor del debate argumentado. Creer que detener todo esto para pedir coches es infame, es reducido, es inaceptable.<\/p>\n<p>*Conductor del programa VaEnSerio MexiquenseTV canal 34.2<\/p><\/p>\n","protected":false},"excerpt":{"rendered":"<p>Se comenta solo\u2026<\/p>\n","protected":false},"author":1168,"featured_media":34969,"comment_status":"open","ping_status":"open","sticky":false,"template":"","format":"standard","meta":{"tdm_status":"","tdm_grid_status":"","footnotes":""},"categories":[25],"tags":[],"_links":{"self":[{"href":"https:\/\/dralvarez.com.mx\/larevista\/wp-json\/wp\/v2\/posts\/19978"}],"collection":[{"href":"https:\/\/dralvarez.com.mx\/larevista\/wp-json\/wp\/v2\/posts"}],"about":[{"href":"https:\/\/dralvarez.com.mx\/larevista\/wp-json\/wp\/v2\/types\/post"}],"author":[{"embeddable":true,"href":"https:\/\/dralvarez.com.mx\/larevista\/wp-json\/wp\/v2\/users\/1168"}],"replies":[{"embeddable":true,"href":"https:\/\/dralvarez.com.mx\/larevista\/wp-json\/wp\/v2\/comments?post=19978"}],"version-history":[{"count":1,"href":"https:\/\/dralvarez.com.mx\/larevista\/wp-json\/wp\/v2\/posts\/19978\/revisions"}],"predecessor-version":[{"id":34968,"href":"https:\/\/dralvarez.com.mx\/larevista\/wp-json\/wp\/v2\/posts\/19978\/revisions\/34968"}],"wp:featuredmedia":[{"embeddable":true,"href":"https:\/\/dralvarez.com.mx\/larevista\/wp-json\/wp\/v2\/media\/34969"}],"wp:attachment":[{"href":"https:\/\/dralvarez.com.mx\/larevista\/wp-json\/wp\/v2\/media?parent=19978"}],"wp:term":[{"taxonomy":"category","embeddable":true,"href":"https:\/\/dralvarez.com.mx\/larevista\/wp-json\/wp\/v2\/categories?post=19978"},{"taxonomy":"post_tag","embeddable":true,"href":"https:\/\/dralvarez.com.mx\/larevista\/wp-json\/wp\/v2\/tags?post=19978"}],"curies":[{"name":"wp","href":"https:\/\/api.w.org\/{rel}","templated":true}]}}