{"id":19968,"date":"2021-11-04T00:00:00","date_gmt":"2021-11-04T06:00:00","guid":{"rendered":"https:\/\/dralvarez.com.mx\/larevista\/blog\/abuelito-dime-tu-solo-la-regla-importa"},"modified":"2024-02-23T11:11:09","modified_gmt":"2024-02-23T17:11:09","slug":"abuelito-dime-tu-solo-la-regla-importa","status":"publish","type":"post","link":"https:\/\/dralvarez.com.mx\/larevista\/opiniones\/abuelito-dime-tu-solo-la-regla-importa","title":{"rendered":"Abuelito, Dime T\u00fa\u2026 \u00bfS\u00f3lo la Regla Importa?"},"content":{"rendered":"<p><b>Por: Jorge Valladares S\u00e1nchez.*<\/b><\/p>\n<p><b>dr.jorge.valladares@gmail.com<\/b><br \/><b>@DrJValladares en Twitter<\/b><br \/><b>@dr.jorge.valladares en Facebook<\/b><br \/><b>Dr. Jorge Valladares en Youtube<\/b><\/p>\n<\/p>\n<p>Quienes me han hecho el honor de leer m\u00e1s de dos de<br \/>\nmis art\u00edculos se dar\u00e1n cuenta que hoy me permitir\u00e9 una reacci\u00f3n, un desahogo,<br \/>\nalgo que no acostumbro y cuenten con que probablemente no voy a repetir pronto.<br \/>\nPor cierto, mucho les agradezco que lean, lo que gentilmente La Revista<br \/>\nPeninsular me permite compartir.<\/p>\n<p>Tengo por convicci\u00f3n y costumbre hablar s\u00f3lo de lo que<br \/>\ns\u00e9 o cuando he entendido; y con mayor raz\u00f3n si lo que hago es escribir. Y<br \/>\nevito, tanto como puedo, reaccionar cuando creo que se trata de algo que puede<br \/>\nser importante, si creo que lo que diga puede servir de algo. Por ello, me he<br \/>\nreservado de escribir sobre la forma en que desde algunos cargos p\u00fablicos se<br \/>\ndicen necedades o frases est\u00fapidas (hoy llamadas desafortunadas).<\/p>\n<p>Sin hacer mucho caso a la nota llamativa y la<br \/>\n\u201cviralizaci\u00f3n\u201d, procuro hablar de contenidos y no de las frases distractoras;<br \/>\nno referirme a lo escandaloso, sino a lo que sirve analizar para entender y<br \/>\nactuar desde la ciudadan\u00eda o la familia. Lo que diga o deje de decir cualquier<br \/>\nfuncionario\/a no me importa, pero pago, y tooooodos\/as pagamos, por lo que haga<br \/>\no provoque, y eso s\u00ed amerita escribir.<\/p>\n<p>Tengo previsto escribir sobre mi percepci\u00f3n de c\u00f3mo<br \/>\nalgunos funcionarios\/as usan las ocurrencias y declaraciones ajenas a su<br \/>\nfunci\u00f3n para distraer a la opini\u00f3n p\u00fablica y desviar la atenci\u00f3n sobre los<br \/>\ntemas que a la ciudadan\u00eda importan, y que son de los que esperamos soluciones y<br \/>\npor los cuales les pagamos, y muy bien. Los medios y nuestra humana curiosidad<br \/>\nalcanzan para que logren su objetivo habitualmente, pero tengo la certeza de<br \/>\nque podemos tomar el control de la agenda para revertir eso, espero pronto<br \/>\npoder explicar a qu\u00e9 me refiero y con tino contribuir en algo para ello.<\/p>\n<p>Tengo tambi\u00e9n en el tintero electr\u00f3nico un par de<br \/>\nnotas sobre temas relevantes de salud mental y social que estoy preparando con<br \/>\nbuenas y profesionales personas, que han le\u00eddo notas previas y aceptaron la<br \/>\ninvitaci\u00f3n a conversar, acordando escribir algo en conjunto para poner al<br \/>\nalcance ideas y formas de colaborar con quien guste.<\/p>\n<p>\u00a1Pero estoy enchilado! Y decid\u00ed hoy s\u00ed atender la que<br \/>\nme parece la m\u00e1s desafortunada (l\u00e9ase con confianza: est\u00fapida) de las<br \/>\nexpresiones que han salido de la boca de la persona a la que hoy empleamos en<br \/>\nel puesto de Presidente de nuestro M\u00e9xico. M\u00e1s enchilado que si hubiera comido<br \/>\nbarbacoa de chivo, con harta salsa, con mis queridos amigos\/as guerrerenses;<br \/>\ntan enchilado como si creyera que Andr\u00e9s Manuel piensa lo que dice y supiera<br \/>\nque tengo hijas; enchilado como supongo estuvieron muchos pumas, todos los<br \/>\npadres de ni\u00f1os con c\u00e1ncer y miles de amigos que se identificaron como<br \/>\n\u201caspiracionistas\u201d cuando fueron usados como distracci\u00f3n a los deberes presidenciales,<br \/>\nen alguna ma\u00f1ana en d\u00edas m\u00e1s o menos recientes. Probablemente pierda un par de<br \/>\nsimpat\u00edas, pero \u00bfya qu\u00e9?<\/p>\n<p>Hago esta aclaraci\u00f3n porque s\u00e9 que estoy frente a una<br \/>\nm\u00e1s de las formas de distraer a la ciudadan\u00eda para no cuestionar y exigir sobre<br \/>\nlos temas en los que necesitamos resultados, por los que estamos pagando al<br \/>\naparato gubernamental. Lamento reconocer que hoy yo tambi\u00e9n ced\u00ed a esta<br \/>\ntentaci\u00f3n, al ver en video la forma en que alguien puede ser tan irresponsable,<br \/>\ninsensible, socialmente torpe y vil en el af\u00e1n de  mantener el control. Conf\u00edo en siguientes<br \/>\ncomentarios mantenerme en los temas que s\u00ed son relevantes para la ciudadan\u00eda y<br \/>\ncuidarme mejor de estos distractores; adem\u00e1s, elijo dudar de su capacidad para<br \/>\nsuperar lo que esta vez dijo.<\/p>\n<p>Andr\u00e9s Manuel L\u00f3pez Obrador fue hace unos d\u00edas a la<br \/>\nllamada regi\u00f3n de \u201cLa Monta\u00f1a\u201d en Guerrero y all\u00ed, sin que nadie se lo pidiera,<br \/>\ndijo que \u201cunas periodistas, por toda la campa\u00f1a que se genera de quienes no<br \/>\nconocen las comunidades, ni conocen las culturas de los pueblos\u201d le hab\u00edan<br \/>\npreguntado si fue a \u201cver lo de la venta de las ni\u00f1as\u201d, \u201clo de la prostituci\u00f3n<br \/>\nde las ni\u00f1as\u201d, tenso y  molesto nos<br \/>\nconfes\u00f3 que respondi\u00f3:<\/p>\n<p>&#8211; \u00a1No!, \u00a1No! No vengo a ver eso; porque\u2026 \u00a1eso!&#8230; no,<br \/>\nes, la, regla. En las comunidades hay muchos valores, culturales, morales,<br \/>\nespirituales; \u201ceso\u201d puede ser la excepci\u00f3n, pero no es la regla. \u00bfQu\u00e9, acaso<br \/>\nentonces la prostituci\u00f3n nada m\u00e1s est\u00e1 con los pobres? Toda una campa\u00f1a en ese<br \/>\nsentido. Pero, NO es motivo para cuestionar a nadie.<\/p>\n<p>Y luego pase\u00f3 por las conocidas descalificaciones a<br \/>\nlos medios, repasos superficiales de la historia que \u00e9l conoce y ret\u00f3rica<br \/>\nin\u00fatil del pasado. Unos d\u00edas despu\u00e9s, en su escenario cotidiano, con la<br \/>\noportunidad de recular con valor o aclarar con modestia se limit\u00f3 a:<\/p>\n<p>&#8211; lamentar \u201cque esto suceda\u201d y calificarlo de<br \/>\n\u201creprobable\u201d,<\/p>\n<p>&#8211; reiterar que puede ser la excepci\u00f3n, pero no la<br \/>\nregla,<\/p>\n<p>&#8211; afinar la perogrullada de la cultura de nuestros<br \/>\npueblos,<\/p>\n<p>&#8211; afirmar que hay que seguir denunciando y no<br \/>\npermitir, \u00a1Ah, ok!, (con gesto duro),<\/p>\n<p>&#8211; aclarar que no puede decir m\u00e1s, por respeto (\u00bf?),<\/p>\n<p>-y, a insistencia de una (otra) periodista, afirmar<br \/>\nque hay cosas terribles (comparadas con que los padres vendan a sus hijas) que<br \/>\nlos medios ocultan, mismas que \u201cah\u00ed se las deja de tarea\u201d, en vez de especificarlas<br \/>\na quien se\u00f1alaba con el dedo (ahora s\u00ed con una amplia sonrisa).<\/p>\n<p>La soluci\u00f3n que responde a pregunta directa es<br \/>\n\u201cfortalecer los valores, que no sea lo material lo fundamental; exaltar los<br \/>\nvalores que hay en el M\u00e9xico profundo\u201d.<\/p>\n<p>Asumiendo que es seria su respuesta, que la pens\u00f3, que<br \/>\ncree que es la soluci\u00f3n y que es ese su \u201cprograma o acci\u00f3n de gobierno\u201d frente<br \/>\na este problema: \u00bfCu\u00e1ntas ni\u00f1as m\u00e1s vivir\u00e1n esta situaci\u00f3n antes de que este<br \/>\nbonito deseo (pero lugar com\u00fan) afecte a las pr\u00e1cticas de cualquier padre que<br \/>\ncree que es su derecho hacerlo? Con lo que s\u00ed s\u00e9 de educaci\u00f3n, ley, cultura y<br \/>\ncambios sociales, aseguro que no ha nacido la ni\u00f1a que se vaya a beneficiar de<br \/>\nlo que este Presidente cree que basta como soluci\u00f3n.<\/p>\n<p>Queda claro que Andr\u00e9s Manuel no considera que tenga<br \/>\nque ser parte de la soluci\u00f3n en lo social; espero que esa frase al menos la<br \/>\npractique seguido con su peque\u00f1o Ernesto y a estas alturas \u00e9l s\u00ed crea que esto<br \/>\nes algo que no debe hacer y no debe consentir que otros hagan.<\/p>\n<p>No conozco lo suficiente acerca de esta dolorosa<br \/>\nsituaci\u00f3n, as\u00ed que no voy a distraer con datos y leyes, que quienes luchan por<br \/>\neste tema s\u00ed nos pueden dar bien, como es el caso de la OSC Yo Quiero, Yo<br \/>\nPuedo, donde participa mi querida colega Susan Pick (<a target=\"_blank\" rel=\"nofollow noopener\" href=\"http:\/\/www.yoquieroyopuedo.org.mx)\">www.yoquieroyopuedo.org.mx)<\/a>.\n<\/p>\n<p>Lo que puedo decir es que la mera posibilidad de que una<br \/>\nni\u00f1a, mi hija, la de quien me hace favor de leer, la de cualquiera, fuera<br \/>\nvendida por la cantidad que sea, se arreglara para ella un matrimonio a sus<br \/>\n10-11 a\u00f1os o se intercambiara por algo en un ritual comunitariamente aceptado,<br \/>\ncomo sea que funcione\u2026 una sola ni\u00f1a, basta para que esto sea una realidad<br \/>\naberrante prioritaria de atender. \u00bfHay algo m\u00e1s qu\u00e9 explicar?<\/p>\n<p>La Presidente de la Comisi\u00f3n de Derechos Humanos en<br \/>\nGuerrero afirm\u00f3 que \u201cesas pr\u00e1cticas son ancestrales, pero no pueden seguirse<br \/>\npermitiendo, pues no pueden estar por encima de los derechos fundamentales de<br \/>\nnuestra ni\u00f1as\u201d. Describi\u00f3 que la situaci\u00f3n consiste en \u201cuna compra venta de<br \/>\nni\u00f1as por una cierta cantidad en efectivo o en ocasiones por cartones de<br \/>\ncerveza o comida o cigarros\u201d, y que esto se estila en algunas partes de La<br \/>\nMonta\u00f1a. Pr\u00e1ctica que como mujer y ombuds person reprob\u00f3.<\/p>\n<p>La problem\u00e1tica amerita por s\u00ed misma el trabajo de la<br \/>\nciencia, las instituciones y la sociedad y abordarlo con seriedad y utilidad.<br \/>\nLo que s\u00ed puedo afirmar es que yo no he escuchado a ninguna persona seria<br \/>\nreferirse a las comunidades que tengan esta pr\u00e1ctica o al sistema de usos y<br \/>\ncostumbres como \u201cel problema\u201d. S\u00ed, en cambio, se habla de que no es posible<br \/>\npermitir que siga sucediendo el hecho, pero no es una cuesti\u00f3n ni clasista, ni<br \/>\nracista, sino una simple aplicaci\u00f3n del m\u00e1s simple pensar y actuar con<br \/>\nhumanidad y en apego a lo que ahora se llama derechos humanos. <\/p>\n<p>No hay margen para interpretar que Andr\u00e9s Manuel<br \/>\n\u201cdefendi\u00f3 a las comunidades ind\u00edgenas\u201d y en ello se arm\u00f3 una confusi\u00f3n o<br \/>\ntergiversaci\u00f3n del tema. Nadie acus\u00f3 a comunidad alguna, ni se\u00f1al\u00f3 o excluy\u00f3 a<br \/>\nniveles, clases o regiones. Simplemente la pregunta sobre la zona, si<br \/>\nefectivamente se la hicieron, se motiv\u00f3 porque estaba all\u00ed.<\/p>\n<p>Quiz\u00e1 todo es cuesti\u00f3n de llegar a tiempo o de tener<br \/>\nel problema adecuado. Hace un par de semanas la opini\u00f3n p\u00fablica nacional se<br \/>\nenter\u00f3 de lo que Ang\u00e9lica tuvo que sufrir al vivir la experiencia de haber sido<br \/>\nobjeto de esta pr\u00e1ctica y luego de una justicia que la encarcel\u00f3 por liberarse<br \/>\nde ella, cuando (nos dice ella) su suegro quiso violarla, pues \u00e9l \u201cla hab\u00eda<br \/>\ncomprado\u201d. La nueva Gobernadora de Guerrero reaccion\u00f3 de inmediato, dos d\u00edas<br \/>\nantes de tomar el cargo:<\/p>\n<p>&#8211; Yo he dicho en muchas ocasiones que Guerrero tiene<br \/>\nque ser un santuario para las mujeres. Donde el respeto a los derechos humanos<br \/>\nde las mujeres sean prioridad. Es por eso que, de las primeras acciones que voy<br \/>\na hacer, es que me voy a trasladar a la comunidad Cochoapa, yo voy a estar en<br \/>\nLa Monta\u00f1a directamente; me va a acompa\u00f1ar la Secretaria de la Mujer, la<br \/>\nSecretar\u00eda de la Salud y vamos a estar todos en perfecta coordinaci\u00f3n para<br \/>\npoder sensibilizar, para poder hablar, para poder llevar a cabo acciones que<br \/>\nsean ya contundentes. \u00a1Eso debe de terminar, eso no debe de existir!<\/p>\n<p>\u2026 si tan s\u00f3lo hubiera ido a La Monta\u00f1a sin este lastre<br \/>\nde compa\u00f1\u00eda, tal vez estar\u00eda ya la gente responsable aplicada de mejor manera a<br \/>\nerradicar ese enorme problema.<\/p>\n<p>O, como bien intuye el buen Chumel Torres, si esas<br \/>\nni\u00f1as pudieran jugar \u201cnintendo&#8221; y, al llegar a La Monta\u00f1a, al Presidente<br \/>\nle hubieran preguntado qu\u00e9 iba a hacer por ellas, merecer\u00edan alguna atenci\u00f3n y<br \/>\nacciones de la maquinaria del gobierno que le tenemos encomendado. <\/p>\n<p>He escuchado a Andr\u00e9s Manuel decir que un problema tan<br \/>\ngrave como la corrupci\u00f3n, en nuestro pa\u00eds ya se acab\u00f3, \u201c\u00a1ya no hay!\u201d. Por<br \/>\nsupuesto que eso est\u00e1 muy lejos de la realidad que veo y de la que me comparten<br \/>\nlas personas con las que conozco, pero en ello su discurso fue muy contundente.<br \/>\nC\u00f3mo me gustar\u00eda que este problema que \u00e9l considera insuficiente para motivar<br \/>\nuna gira, mereciera la misma contundencia y en vez de decir que \u201cpuede ser,<br \/>\npero s\u00f3lo la excepci\u00f3n\u201d, nos pudiera decir, que \u00a1ya no hay!, en vez de \u201chay que<br \/>\nseguir denunciando\u201d.<\/p>\n<p>Leo que en algunos casos se habla de que el precio o<br \/>\nintercambio que se pacta es mayor si a esa ni\u00f1a \u201cno la ha tocado la luna\u201d,<br \/>\neufemismo grotesco para referirse a que no ha tenido \u201cla regla\u201d o menstruaci\u00f3n<br \/>\na\u00fan; por ello cuando se acercan a los 11 a\u00f1os el acuerdo, venta, o lo que sea,<br \/>\ntiene su mejor momento. En este sentido, para ese intercambio, \u201cla regla\u201d es<br \/>\nmuy importante.<\/p>\n<p>En vergonzosa y repudiable consistencia, Andr\u00e9s Manuel<br \/>\npretende argumentar al se\u00f1alar que si \u201cno es la regla\u201d, no es un tema que tenga<br \/>\nque tratar \u00e9l en una gira, descalifica a quienes afirman que s\u00ed, pues, para \u00e9l,<br \/>\nes s\u00f3lo una excepci\u00f3n que igual ocurre en otros niveles econ\u00f3micos y espacios<br \/>\nsociales, y pide no \u201csatanizar\u201d la venta de ni\u00f1as.<\/p>\n<p>Muchas personas que vivimos esos a\u00f1os, escuchamos en<br \/>\nlos Setentas a la dulce Heidi cantar: \u201cAbuelito, dime t\u00fa\u2026\u201d, frase que<br \/>\nprobablemente millones han tenido la emoci\u00f3n de escuchar de alguna de sus<br \/>\nnietas. A sus casi 68 Andr\u00e9s Manuel a\u00fan no vive esa alegr\u00eda, pues su \u00fanico<br \/>\nnieto a\u00fan es infante y es var\u00f3n. <\/p>\n<p>Mi reflexi\u00f3n es: si la vida te diera una nieta, y no<br \/>\nte pudiera cantar por estar, a sus 10 u 11 a\u00f1os, ocupada en ser la mercanc\u00eda de<br \/>\nun matrimonio arreglado, \u00bfte ocupar\u00edas de eso? O, solamente, lamentar\u00edas que<br \/>\nesas cosas pasen y que tu nieta fuera la excepci\u00f3n, o \u00bfse la mentar\u00edas al<br \/>\nfuncionario que as\u00ed se expresara de lo que pasa?<\/p>\n<p>Terminando este desahogo, que reconozco no pude<br \/>\nevitar, para que quede muy clarito, y para facilitar la comprensi\u00f3n de quienes<br \/>\nprefieren un texto breve:<\/p>\n<p><b>\u00a1Andr\u00e9s<br \/>\nManuel!:<\/b><\/p>\n<p>Lamento entender, en lo que dijiste sobre la venta de<br \/>\nni\u00f1as, que \u00a1no tienes un poquito de madre! Y eso me impide decirte lo que estoy<br \/>\npensando. \u00a1Te lo dej\u00f3 de tarea!<\/p>\n<p>(Cerca de 140 caracteres).<\/p>\n<p>&#8212;&#8212;&#8212;&#8212;&#8212;&#8212;&#8212;&#8212;&#8212;&#8212;&#8212;&#8212;&#8212;&#8212;&#8212;&#8212;<\/p>\n<p><b>*Jorge Valladares S\u00e1nchez<\/b><br \/>Pap\u00e1,<br \/>\nCiudadano, Consultor.<br \/>Doctor<br \/>\nen Ciencias Sociales.<br \/>Doctor<br \/>\nen Derechos Humanos.<br \/>Coordinador<br \/>\nNacional de la Red C\u00edvica Mx, A.C.<br \/>Especialista<br \/>\nen Psicolog\u00eda y Licenciado en Derecho.<\/p><\/p>\n","protected":false},"excerpt":{"rendered":"<p>Por: Jorge Valladares S\u00e1nchez.*<\/p>\n","protected":false},"author":1112,"featured_media":34959,"comment_status":"open","ping_status":"open","sticky":false,"template":"","format":"standard","meta":{"tdm_status":"","tdm_grid_status":"","footnotes":""},"categories":[25],"tags":[],"_links":{"self":[{"href":"https:\/\/dralvarez.com.mx\/larevista\/wp-json\/wp\/v2\/posts\/19968"}],"collection":[{"href":"https:\/\/dralvarez.com.mx\/larevista\/wp-json\/wp\/v2\/posts"}],"about":[{"href":"https:\/\/dralvarez.com.mx\/larevista\/wp-json\/wp\/v2\/types\/post"}],"author":[{"embeddable":true,"href":"https:\/\/dralvarez.com.mx\/larevista\/wp-json\/wp\/v2\/users\/1112"}],"replies":[{"embeddable":true,"href":"https:\/\/dralvarez.com.mx\/larevista\/wp-json\/wp\/v2\/comments?post=19968"}],"version-history":[{"count":1,"href":"https:\/\/dralvarez.com.mx\/larevista\/wp-json\/wp\/v2\/posts\/19968\/revisions"}],"predecessor-version":[{"id":34958,"href":"https:\/\/dralvarez.com.mx\/larevista\/wp-json\/wp\/v2\/posts\/19968\/revisions\/34958"}],"wp:featuredmedia":[{"embeddable":true,"href":"https:\/\/dralvarez.com.mx\/larevista\/wp-json\/wp\/v2\/media\/34959"}],"wp:attachment":[{"href":"https:\/\/dralvarez.com.mx\/larevista\/wp-json\/wp\/v2\/media?parent=19968"}],"wp:term":[{"taxonomy":"category","embeddable":true,"href":"https:\/\/dralvarez.com.mx\/larevista\/wp-json\/wp\/v2\/categories?post=19968"},{"taxonomy":"post_tag","embeddable":true,"href":"https:\/\/dralvarez.com.mx\/larevista\/wp-json\/wp\/v2\/tags?post=19968"}],"curies":[{"name":"wp","href":"https:\/\/api.w.org\/{rel}","templated":true}]}}