{"id":19966,"date":"2021-11-04T00:00:00","date_gmt":"2021-11-04T06:00:00","guid":{"rendered":"https:\/\/dralvarez.com.mx\/larevista\/blog\/la-estorbosa-autonomia"},"modified":"2024-02-23T11:11:06","modified_gmt":"2024-02-23T17:11:06","slug":"la-estorbosa-autonomia","status":"publish","type":"post","link":"https:\/\/dralvarez.com.mx\/larevista\/opiniones\/la-estorbosa-autonomia","title":{"rendered":"La estorbosa autonom\u00eda"},"content":{"rendered":"<p><b>Por: Pascal Beltr\u00e1n del R\u00edo.<\/b><\/p>\n<\/p>\n<p>El 12 de mayo de 2018, en San Pablo Guelatao, Oaxaca,<br \/>\nla tierra natal de Benito Ju\u00e1rez, el entonces candidato presidencial Andr\u00e9s<br \/>\nManuel L\u00f3pez Obrador lanz\u00f3 sus propuestas en materia educativa.<\/p>\n<p>La cuarta de diez ten\u00eda que ver con educaci\u00f3n<br \/>\nsuperior. Prometi\u00f3 que todo aquel que quisiera estudiar en una universidad<br \/>\npodr\u00eda hacerlo. \u201cNo habr\u00e1 rechazados; 100% de inscripci\u00f3n a todos los j\u00f3venes<br \/>\nque deseen ingresar a las universidades\u201d.<\/p>\n<p>Luego de haber impulsado las llamadas Universidades<br \/>\npara el Bienestar Benito Ju\u00e1rez, de las que hay 140 planteles en el pa\u00eds y que<br \/>\ncumplen con la promesa de campa\u00f1a, el Presidente parece listo para llevar su<br \/>\nmodelo a las universidades p\u00fablicas que exist\u00edan antes de su llegada al<br \/>\ngobierno, incluyendo la UNAM, en la que \u00e9l estudi\u00f3.<\/p>\n<p>Desde Palacio Nacional, arremeti\u00f3 por quinta vez<br \/>\nconsecutiva contra la Universidad Nacional \u2013a la que ha acusado de haberse<br \/>\n\u201cderechizado\u201d y de haber sido c\u00f3mplice de los gobiernos \u201cneoliberales\u201d\u2013 y opin\u00f3<br \/>\nque debe reformarse.<\/p>\n<p>Carlos Ornelas, especialista en educaci\u00f3n, escribi\u00f3<br \/>\nque la ofensiva presidencial contra la UNAM pudiera tener un prop\u00f3sito de<br \/>\nfondo, que es la transformaci\u00f3n del modelo de educaci\u00f3n superior, la cual<br \/>\npasar\u00eda por desmantelar de autonom\u00eda a las universidades.<\/p>\n<p>En su colaboraci\u00f3n semanal en Imagen Radio, Ornelas<br \/>\nrecord\u00f3 un incidente de la contrarreforma educativa iniciada en los albores del<br \/>\nsexenio, cuando la propuesta de modificaci\u00f3n de la fracci\u00f3n VII del art\u00edculo<br \/>\nTercero constitucional desapareci\u00f3 toda referencia a la autonom\u00eda<br \/>\nuniversitaria.<\/p>\n<p>El hecho se quiso atribuir a \u201cun error en la captura<br \/>\nmecanogr\u00e1fica\u201d de la iniciativa. Y, aunque se enmend\u00f3, qued\u00f3 como una an\u00e9cdota<br \/>\nque hoy vuelve a cobrar vida en medio de las cr\u00edticas a la UNAM y la idea de<br \/>\nreforma de la M\u00e1xima Casa de Estudios que ha lanzado el Presidente.<\/p>\n<p>En su texto, Ornelas tambi\u00e9n hace notar una extra\u00f1a<br \/>\ncoincidencia con el momento en que L\u00f3pez Obrador lanz\u00f3 la primera de sus cr\u00edticas<br \/>\na la UNAM. El mi\u00e9rcoles 20 de octubre, la v\u00edspera de aquella ma\u00f1anera, se llev\u00f3<br \/>\na cabo una sesi\u00f3n especial del Consejo Universitario de la Universidad Aut\u00f3noma<br \/>\nde Zacatecas (UAZ), en el Teatro Calder\u00f3n, el m\u00e1s importante recinto cultural<br \/>\nde la capital estatal.<\/p>\n<p>La reuni\u00f3n fue presidida por el rector Rub\u00e9n de Jes\u00fas<br \/>\nIbarra Reyes y cont\u00f3 con la presencia del gobernador David Monreal \u00c1vila y el<br \/>\nsubsecretario de Educaci\u00f3n Superior de la SEP, Luciano Concheiro.<\/p>\n<p>La reforma de la UAZ ha sido presentada como \u201cun<br \/>\nesfuerzo con proyecci\u00f3n nacional\u201d, es decir, una suerte de programa piloto para<br \/>\ntransformar la educaci\u00f3n superior en todo el pa\u00eds.<\/p>\n<p>Concheiro \u2013exmilitante del Partido Comunista, quien en<br \/>\nseptiembre de 2019 declar\u00f3 que el comunismo era necesario para transformar a<br \/>\nM\u00e9xico\u2013 dijo que el proyecto de la UAZ \u201crepresenta una ruptura radical,<br \/>\ncontrario a un modelo de universidad que se hab\u00eda instalado entre nosotros, que<br \/>\nes una lectura dominante, que nos arrastra hacia el positivismo y el<br \/>\nneopositivismo\u201d.<\/p>\n<p>Festej\u00f3 que se est\u00e9 dejando atr\u00e1s un modelo de<br \/>\n\u201chorror\u201d en el que \u201cest\u00e1bamos generando \u2018sin querer queriendo\u2019, mercanc\u00edas\u201d.<br \/>\nCalific\u00f3 el actual paradigma de la educaci\u00f3n superior como el de una<br \/>\n\u201cuniversidad napole\u00f3nica, recubierta de neoliberalismo\u201d. Y agreg\u00f3: \u201cEst\u00e1bamos<br \/>\ncosificando a nuestros estudiantes, a trav\u00e9s de las competencias famosas,<br \/>\ncreyendo que, de esa manera, \u00edbamos a tener una mejor inserci\u00f3n en el mercado<br \/>\nlaboral (\u2026) y lo \u00fanico que est\u00e1bamos haciendo, es vender nuestra alma al<br \/>\ndiablo\u201d.<\/p>\n<p>El rector Ibarra Reyes dijo que la UAZ ya estaba<br \/>\nimplementando su \u201cnuevo modelo de universidad\u201d mediante una unidad acad\u00e9mica<br \/>\npiloto, consistente en cuatro carreras de ingenier\u00eda, \u201cen la l\u00f3gica de lograr<br \/>\nel cero rechazo\u201d de estudiantes. Explic\u00f3 que ya se hab\u00eda admitido a 425<br \/>\nestudiantes, que no hab\u00edan logrado ingresar en la universidad en ciclos<br \/>\nprevios.<\/p>\n<p>\u00bfSer\u00e1 que est\u00e1n relacionados el anuncio en Zacatecas y<br \/>\nlas cr\u00edticas de L\u00f3pez Obrador contra la UNAM y su llamado a que \u00e9sta se<br \/>\nreforme? \u00bfSe est\u00e1 buscando que la UNAM y otras universidades renuncien al rigor<br \/>\nacad\u00e9mico y cambien su visi\u00f3n cr\u00edtica por el acompa\u00f1amiento al gobierno?<\/p><\/p>\n","protected":false},"excerpt":{"rendered":"<p>Por: Pascal Beltr\u00e1n del R\u00edo.<\/p>\n","protected":false},"author":1127,"featured_media":34957,"comment_status":"open","ping_status":"open","sticky":false,"template":"","format":"standard","meta":{"tdm_status":"","tdm_grid_status":"","footnotes":""},"categories":[25],"tags":[],"_links":{"self":[{"href":"https:\/\/dralvarez.com.mx\/larevista\/wp-json\/wp\/v2\/posts\/19966"}],"collection":[{"href":"https:\/\/dralvarez.com.mx\/larevista\/wp-json\/wp\/v2\/posts"}],"about":[{"href":"https:\/\/dralvarez.com.mx\/larevista\/wp-json\/wp\/v2\/types\/post"}],"author":[{"embeddable":true,"href":"https:\/\/dralvarez.com.mx\/larevista\/wp-json\/wp\/v2\/users\/1127"}],"replies":[{"embeddable":true,"href":"https:\/\/dralvarez.com.mx\/larevista\/wp-json\/wp\/v2\/comments?post=19966"}],"version-history":[{"count":1,"href":"https:\/\/dralvarez.com.mx\/larevista\/wp-json\/wp\/v2\/posts\/19966\/revisions"}],"predecessor-version":[{"id":34956,"href":"https:\/\/dralvarez.com.mx\/larevista\/wp-json\/wp\/v2\/posts\/19966\/revisions\/34956"}],"wp:featuredmedia":[{"embeddable":true,"href":"https:\/\/dralvarez.com.mx\/larevista\/wp-json\/wp\/v2\/media\/34957"}],"wp:attachment":[{"href":"https:\/\/dralvarez.com.mx\/larevista\/wp-json\/wp\/v2\/media?parent=19966"}],"wp:term":[{"taxonomy":"category","embeddable":true,"href":"https:\/\/dralvarez.com.mx\/larevista\/wp-json\/wp\/v2\/categories?post=19966"},{"taxonomy":"post_tag","embeddable":true,"href":"https:\/\/dralvarez.com.mx\/larevista\/wp-json\/wp\/v2\/tags?post=19966"}],"curies":[{"name":"wp","href":"https:\/\/api.w.org\/{rel}","templated":true}]}}