{"id":19964,"date":"2021-11-04T00:00:00","date_gmt":"2021-11-04T06:00:00","guid":{"rendered":"https:\/\/dralvarez.com.mx\/larevista\/blog\/la-naturaleza-nos-pone-a-prueba-2"},"modified":"2024-02-23T11:11:02","modified_gmt":"2024-02-23T17:11:02","slug":"la-naturaleza-nos-pone-a-prueba-2","status":"publish","type":"post","link":"https:\/\/dralvarez.com.mx\/larevista\/opiniones\/la-naturaleza-nos-pone-a-prueba-2","title":{"rendered":"La naturaleza nos pone a prueba"},"content":{"rendered":"<p><b>Por: Marco Antonio Cortez Navarrete.&nbsp;<\/b><\/p>\n<\/p>\n<p>&#8220;Hay noticias alentadoras, llevamos ya tres meses<br \/>\nconsecutivos en la reducci\u00f3n de la epidemia&#8221;, con estas palabras inici\u00f3 el<br \/>\nmartes 26 de octubre, Hugo L\u00f3pez Gatell, subsecretario de salud, en la conferencia<br \/>\nde prensa del mandatario mexicano L\u00f3pez Obrador.<\/p>\n<p>Hasta ese momento, seg\u00fan las cifras gubernamentales,<br \/>\nen M\u00e9xico hay un registro oficial de poco m\u00e1s de 4 millones de contagios por<br \/>\nCOVID, 3,1 millones de recuperado y 286 mil 496 personas fallecidas v\u00edctimas<br \/>\nmortales del virus.<\/p>\n<p>A nivel mundial, de acuerdo con recientes cifras, se<br \/>\nreporta 245 millones de contagios y 4 millones 960 mil decesos. Cierto, se<br \/>\naplican vacunas, algunas con mayor prestigio y &#8220;efectividad&#8221; que<br \/>\notras, pero finalmente fluyen, salvo en los pa\u00edses llamados del tercer y cuarto<br \/>\nmundo donde a\u00fan el virus sigue imperando pese a las reiteradas peticiones de<br \/>\norganismos como la OMS y la OPS de apoyar a quienes menos tienen.<\/p>\n<p>En Yucat\u00e1n, no podemos dejar de citar a la tierra<br \/>\ndonde vivimos, hay un descenso en el n\u00famero de contagios y de personas<br \/>\nfallecidas, de manera especial en los \u00faltimos 6 d\u00edas, con cifras que muestran<br \/>\nque el n\u00famero de personas que fallecen son menos de 10, oscilando entre 7 y 5,<br \/>\ny los contagios han ido de los 138, el 21 de octubre pasado hasta los 75 el d\u00eda<br \/>\n25 de este mismo mes, subiendo a 94 un d\u00eda despu\u00e9s y esperando que esta cifra<br \/>\nsiga bajando porque eso ser\u00eda sin\u00f3nimo no tan solo de vida sino de esperanza<br \/>\npara muchas personas que son m\u00e1s susceptibles a la enfermedad y\/o que atraviesan<br \/>\nsituaciones complejas en lo econ\u00f3mico y familiar.<\/p>\n<p>En la conferencia de prensa de este martes el llamado<br \/>\nestratega contra el COVID-19 asegur\u00f3 que todo M\u00e9xico est\u00e1 t\u00e9cnicamente por<br \/>\ndebajo del 1 por ciento de casos activos y que el 84 por ciento de las camas<br \/>\n&#8220;Covid&#8221; lucen desocupadas y es m\u00e1s ya son utilizadas para atender<br \/>\notras enfermedades y, como siempre ha dicho el m\u00e9dico L\u00f3pez Gatell:<br \/>\n&#8220;Mientras siga la epidemia activa podr\u00eda haber un repunte, pero hasta el<br \/>\nmomento, tres meses de reducci\u00f3n consecutiva en todos los indicadores&#8221;.<\/p>\n<p>La lectura que en lo personal doy a este panorama y a<br \/>\nestas declaraciones del funcionario federal es que los mexicanos y los<br \/>\nyucatecos ya aprendimos a valorar la epidemia, ya sabemos qu\u00e9 es y c\u00f3mo afecta.<br \/>\nAhora est\u00e1 en tus manos y en mis manos no tan solo conservar este conocimiento<br \/>\nsino mejorarlo, enriquecerlo y aplicarlo a nuestras vidas cotidianas. Hemos<br \/>\nsido vacunados la mayor\u00eda, seg\u00fan el mismo gobierno federal, entonces<br \/>\naprovechemos esta oportunidad que en muchos pa\u00edses a\u00fan no tienen y cuyas<br \/>\npoblaciones siguen vulnerables al virus que, no olvidemos, lleg\u00f3 a este planeta<br \/>\npara quedarse, adaptarse y mutar las veces que su existencia est\u00e9 en riesgo, es<br \/>\nun organismo como t\u00fa y yo que busca sobrevivir a cualquier costo.<\/p>\n<p>Y ya que hablamos de la vacunaci\u00f3n en mayores de 18<br \/>\na\u00f1os, al menos con una dosis, este viernes en el vecino estado de Campeche se<br \/>\nllevar\u00e1 al cabo de manera oficial el cierre de dicho plan en un evento que<br \/>\nencabezar\u00e1 el presidente L\u00f3pez Obrador acompa\u00f1ado de su gabinete de salud y<br \/>\nautoridades de los gobiernos de la Pen\u00ednsula. Vale la pena que adem\u00e1s de este<br \/>\ntema y de supervisar las obras del Tren Maya el mandatario mexicano presidir\u00e1<br \/>\ntambi\u00e9n sendas reuniones de seguridad, tanto en M\u00e9rida, ma\u00f1ana jueves, como en Campeche<br \/>\nel viernes.<\/p>\n<p>P.D. Buena oportunidad para analizar y ponerle un<br \/>\nhasta aqu\u00ed a lo que sucede a lo largo de las costas de Quintana Roo donde<br \/>\naumenta de manera considerable la violencia y que pone en jaque a la gallina de<br \/>\nlos huevos de oro, es decir, al turismo, la segunda fuente de ingresos en<br \/>\nimportancia para M\u00e9xico despu\u00e9s del petr\u00f3leo.<\/p>\n<p><b>Saludos<br \/>\ny hasta la pr\u00f3xima.<\/b><\/p><\/p>\n","protected":false},"excerpt":{"rendered":"<p>Por: Marco Antonio Cortez Navarrete.<\/p>\n","protected":false},"author":1124,"featured_media":34955,"comment_status":"open","ping_status":"open","sticky":false,"template":"","format":"standard","meta":{"tdm_status":"","tdm_grid_status":"","footnotes":""},"categories":[25],"tags":[],"_links":{"self":[{"href":"https:\/\/dralvarez.com.mx\/larevista\/wp-json\/wp\/v2\/posts\/19964"}],"collection":[{"href":"https:\/\/dralvarez.com.mx\/larevista\/wp-json\/wp\/v2\/posts"}],"about":[{"href":"https:\/\/dralvarez.com.mx\/larevista\/wp-json\/wp\/v2\/types\/post"}],"author":[{"embeddable":true,"href":"https:\/\/dralvarez.com.mx\/larevista\/wp-json\/wp\/v2\/users\/1124"}],"replies":[{"embeddable":true,"href":"https:\/\/dralvarez.com.mx\/larevista\/wp-json\/wp\/v2\/comments?post=19964"}],"version-history":[{"count":1,"href":"https:\/\/dralvarez.com.mx\/larevista\/wp-json\/wp\/v2\/posts\/19964\/revisions"}],"predecessor-version":[{"id":34954,"href":"https:\/\/dralvarez.com.mx\/larevista\/wp-json\/wp\/v2\/posts\/19964\/revisions\/34954"}],"wp:featuredmedia":[{"embeddable":true,"href":"https:\/\/dralvarez.com.mx\/larevista\/wp-json\/wp\/v2\/media\/34955"}],"wp:attachment":[{"href":"https:\/\/dralvarez.com.mx\/larevista\/wp-json\/wp\/v2\/media?parent=19964"}],"wp:term":[{"taxonomy":"category","embeddable":true,"href":"https:\/\/dralvarez.com.mx\/larevista\/wp-json\/wp\/v2\/categories?post=19964"},{"taxonomy":"post_tag","embeddable":true,"href":"https:\/\/dralvarez.com.mx\/larevista\/wp-json\/wp\/v2\/tags?post=19964"}],"curies":[{"name":"wp","href":"https:\/\/api.w.org\/{rel}","templated":true}]}}