{"id":19952,"date":"2021-10-31T00:00:00","date_gmt":"2021-10-31T06:00:00","guid":{"rendered":"https:\/\/dralvarez.com.mx\/larevista\/blog\/el-altar"},"modified":"2024-02-23T11:10:20","modified_gmt":"2024-02-23T17:10:20","slug":"el-altar","status":"publish","type":"post","link":"https:\/\/dralvarez.com.mx\/larevista\/opiniones\/el-altar","title":{"rendered":"El altar&#8230;"},"content":{"rendered":"<p><b>Por: Cristina Pad\u00edn.<\/b><\/p>\n<p>..no sab\u00eda en verdad qu\u00e9 palabras usar para describir aquel altar. Las m\u00e1s bonitas, sin duda. Abrazo, homenaje, canci\u00f3n, amor\u2026 esas eran palabras correctas para definir aquella joya. A sus catorce a\u00f1os era la primera vez que contemplaba aquel bello trabajo. Se lo hab\u00eda recomendado su profesor de literatura, que eran como gusta que sean los profesores de literatura. Culto, din\u00e1mico, siempre les animaba a tratar temas de actualidad, lector voraz y gran fomentador de la lectura. Un crack..<\/p>\n<p>Se trataba de una composici\u00f3n mexicana. Y se llamaba altar de muertos. Era puro color. Porque la muerte no es el final, los que se han ido siguen en nuestro coraz\u00f3n, en nuestra fuerza, en el cielo. Era sincero y afectuoso homenaje. A los abuelos, con sus bastones; a las abuelas, comiendo caramelos y ofreciendo besos; a ese primo fallecido en la adolescencia, con su moto; a alg\u00fan torero convertido ya en leyenda, con su muleta; a un ni\u00f1o con un perrito, a todos los peque\u00f1os les encantan los perros\u2026<\/p>\n<p>Y la chiquilla rez\u00f3 por ese ni\u00f1o tristemente asesinado por un depravado, y rez\u00f3 por su t\u00eda y su abuelita\u2026 y sinti\u00f3 aquello que le dec\u00eda siempre su abuela gallega, que la muerte forma parte de la vida y que siempre hay que honrar a los que ya no est\u00e1n. Ellos forman parte de lo que somos..<br \/>Y la ni\u00f1a admir\u00f3 el color, el naranja, el respeto hecho belleza, la calavera, los dulces, cada detalle. La verdad. El dolor. La oraci\u00f3n. Y not\u00f3 desde arriba la fortaleza que le enviaban los que ya viv\u00edan otra vida..<\/p>\n<p>Quer\u00eda homenajear a nuestros fallecidos en el final de octubre<br \/>Agradecer a M\u00e9xico su cultura de respeto hacia la muerte. Galicia tambi\u00e9n vive con mucha intensidad ese trance<br \/>Quer\u00eda dedicar mi oraci\u00f3n al ni\u00f1o asesinado y a su familia, pero me resulta demasiado dif\u00edcil<br \/>Para cada ser en el cielo<br \/>Para mi abuelita<br \/>Dedicado a mi Luis<br \/>A Lourdes<br \/>A mis amigos mexicanos<br \/>A mi amigo Manuel. A Bel\u00e9n, Marta y Pablo<br \/>A los profesores buenos<br \/>Y para cada persona con sensibilidad<\/p>\n","protected":false},"excerpt":{"rendered":"<p>Por: Cristina Pad\u00edn.<\/p>\n","protected":false},"author":1025,"featured_media":34943,"comment_status":"open","ping_status":"open","sticky":false,"template":"","format":"standard","meta":{"tdm_status":"","tdm_grid_status":"","footnotes":""},"categories":[25],"tags":[],"_links":{"self":[{"href":"https:\/\/dralvarez.com.mx\/larevista\/wp-json\/wp\/v2\/posts\/19952"}],"collection":[{"href":"https:\/\/dralvarez.com.mx\/larevista\/wp-json\/wp\/v2\/posts"}],"about":[{"href":"https:\/\/dralvarez.com.mx\/larevista\/wp-json\/wp\/v2\/types\/post"}],"author":[{"embeddable":true,"href":"https:\/\/dralvarez.com.mx\/larevista\/wp-json\/wp\/v2\/users\/1025"}],"replies":[{"embeddable":true,"href":"https:\/\/dralvarez.com.mx\/larevista\/wp-json\/wp\/v2\/comments?post=19952"}],"version-history":[{"count":1,"href":"https:\/\/dralvarez.com.mx\/larevista\/wp-json\/wp\/v2\/posts\/19952\/revisions"}],"predecessor-version":[{"id":34942,"href":"https:\/\/dralvarez.com.mx\/larevista\/wp-json\/wp\/v2\/posts\/19952\/revisions\/34942"}],"wp:featuredmedia":[{"embeddable":true,"href":"https:\/\/dralvarez.com.mx\/larevista\/wp-json\/wp\/v2\/media\/34943"}],"wp:attachment":[{"href":"https:\/\/dralvarez.com.mx\/larevista\/wp-json\/wp\/v2\/media?parent=19952"}],"wp:term":[{"taxonomy":"category","embeddable":true,"href":"https:\/\/dralvarez.com.mx\/larevista\/wp-json\/wp\/v2\/categories?post=19952"},{"taxonomy":"post_tag","embeddable":true,"href":"https:\/\/dralvarez.com.mx\/larevista\/wp-json\/wp\/v2\/tags?post=19952"}],"curies":[{"name":"wp","href":"https:\/\/api.w.org\/{rel}","templated":true}]}}