{"id":19940,"date":"2021-10-30T00:00:00","date_gmt":"2021-10-30T06:00:00","guid":{"rendered":"https:\/\/dralvarez.com.mx\/larevista\/blog\/manzanares-y-la-bohemia"},"modified":"2024-02-23T11:09:38","modified_gmt":"2024-02-23T17:09:38","slug":"manzanares-y-la-bohemia","status":"publish","type":"post","link":"https:\/\/dralvarez.com.mx\/larevista\/opiniones\/manzanares-y-la-bohemia","title":{"rendered":"Manzanares y la Bohemia\u2026"},"content":{"rendered":"<\/p>\n<p><b>Por: Cristina Pad\u00edn.<\/b><\/p>\n<p>La Bohemia iba por la calle. Desped\u00eda a ese verano dorado de octubre que cede el paso al melanc\u00f3lico noviembre. La Bohemia iba paseando por la calle justo el d\u00eda en el que se cumpl\u00edan 155 a\u00f1os del nacimiento del creador de unas luces muy famosas. Luces de bohemia. Valle-Incl\u00e0n: el ingenio, el ser mordaz, la letra culta.<\/p>\n<p>La Bohemia era un volante de libertad y alma!<\/p>\n<p>Estaba contenta. Ya hab\u00eda comido manzana asada con canela, le encantaba. Y acud\u00eda a un homenaje. Al ser al que deb\u00eda gran parte de su nombre: el Eterno Manzanares. En un acto muy bonito la Bohemia hablar\u00eda de toreo (arte en may\u00fasculas), de flamenco, de pureza. De generosidad, de autenticidad, de personalidad propia\u2026<\/p>\n<p>De una esquina sali\u00f3 la Mediocridad, como siempre muy enojada, pero la Bohemia no le hizo aprecio! Ni la lleg\u00f3 a ver\u2026 Iba muy concentrada, tarareando temas de Camar\u00f3n y recordando el duende y el ritmo y el comp\u00e1s del Maestro Manzanares\u2026<\/p>\n<p>Gloria eterna a Manzanares\u2026 Siete a\u00f1os..<br \/>Yo estaba en la playa cuando Pablo me escribi\u00f3 que Manzanares hab\u00eda fallecido.. El torero que m\u00e1s me impact\u00f3 conocer<br \/>A la familia de Manzanares y a manzanaristas<br \/>Al toreo<br \/>Al flamenco<br \/>A la memoria de Camar\u00f3n<br \/>A Pablo<br \/>A Luis<br \/>A la memoria de Valle-Incl\u00e1n y a Luces de Bohemia<br \/>A la bohemia<br \/>Y a los volantes<\/p><\/p>\n","protected":false},"excerpt":{"rendered":"<p>Por: Cristina Pad\u00edn.<\/p>\n","protected":false},"author":1025,"featured_media":34932,"comment_status":"open","ping_status":"open","sticky":false,"template":"","format":"standard","meta":{"tdm_status":"","tdm_grid_status":"","footnotes":""},"categories":[25],"tags":[],"_links":{"self":[{"href":"https:\/\/dralvarez.com.mx\/larevista\/wp-json\/wp\/v2\/posts\/19940"}],"collection":[{"href":"https:\/\/dralvarez.com.mx\/larevista\/wp-json\/wp\/v2\/posts"}],"about":[{"href":"https:\/\/dralvarez.com.mx\/larevista\/wp-json\/wp\/v2\/types\/post"}],"author":[{"embeddable":true,"href":"https:\/\/dralvarez.com.mx\/larevista\/wp-json\/wp\/v2\/users\/1025"}],"replies":[{"embeddable":true,"href":"https:\/\/dralvarez.com.mx\/larevista\/wp-json\/wp\/v2\/comments?post=19940"}],"version-history":[{"count":1,"href":"https:\/\/dralvarez.com.mx\/larevista\/wp-json\/wp\/v2\/posts\/19940\/revisions"}],"predecessor-version":[{"id":34931,"href":"https:\/\/dralvarez.com.mx\/larevista\/wp-json\/wp\/v2\/posts\/19940\/revisions\/34931"}],"wp:featuredmedia":[{"embeddable":true,"href":"https:\/\/dralvarez.com.mx\/larevista\/wp-json\/wp\/v2\/media\/34932"}],"wp:attachment":[{"href":"https:\/\/dralvarez.com.mx\/larevista\/wp-json\/wp\/v2\/media?parent=19940"}],"wp:term":[{"taxonomy":"category","embeddable":true,"href":"https:\/\/dralvarez.com.mx\/larevista\/wp-json\/wp\/v2\/categories?post=19940"},{"taxonomy":"post_tag","embeddable":true,"href":"https:\/\/dralvarez.com.mx\/larevista\/wp-json\/wp\/v2\/tags?post=19940"}],"curies":[{"name":"wp","href":"https:\/\/api.w.org\/{rel}","templated":true}]}}