{"id":19924,"date":"2021-10-30T00:00:00","date_gmt":"2021-10-30T06:00:00","guid":{"rendered":"https:\/\/dralvarez.com.mx\/larevista\/blog\/reformas-a-la-vida-de-la-gente-2"},"modified":"2024-02-23T11:09:13","modified_gmt":"2024-02-23T17:09:13","slug":"reformas-a-la-vida-de-la-gente-2","status":"publish","type":"post","link":"https:\/\/dralvarez.com.mx\/larevista\/opiniones\/reformas-a-la-vida-de-la-gente-2","title":{"rendered":"\u00bfReformas a la Vida de la Gente?"},"content":{"rendered":"<p><b>Por: Jorge Valladares S\u00e1nchez.*<\/b><\/p>\n<p><b>dr.jorge.valladares@gmail.com<\/b><br \/><b>@DrJValladares en Twitter<\/b><br \/><b>@dr.jorge.valladares en Facebook<\/b><br \/><b>Dr. Jorge Valladares en Youtube<\/b><\/p>\n<p><b><i><\/i><\/b><\/p>\n<blockquote><p><b><i>\u00a1SE BUSCA CONGRESISTA CONSCIENTE!<\/i><\/b><\/p><\/blockquote>\n<\/p>\n<p>Como puedes ver, al final del art\u00edculo, la mejor<br \/>\nmanera que tengo de decir qui\u00e9n soy es identificarme como Pap\u00e1, Ciudadano y<br \/>\nConsultor. <\/p>\n<p>Lo primero queda claro para cualquiera que comparta<br \/>\nconmigo esa maravillosa condici\u00f3n, que se adquiere lo mismo con un placer<br \/>\nmoment\u00e1neo, incluso por descuido o idealmente en un acto de amor intenso; no<br \/>\nexige preparaci\u00f3n previa alguna, pero pronto nos hace saber qu\u00e9 tan err\u00f3nea es<br \/>\nla falta de esa condici\u00f3n. La m\u00e1s incierta, trascendente, hermosa y vivificante<br \/>\nde las labores, para la gran mayor\u00eda de quienes ya estamos en ella.<\/p>\n<p>Lo segundo como mi punto de vinculaci\u00f3n con lo que<br \/>\nimporta, de donde quiera que ande; en especial de donde suelo estar, mi amado<br \/>\nYucat\u00e1n. Creo que es uno de los mejores aterrizajes para vivir ese valor<br \/>\nllamado lealtad; saber de d\u00f3nde eres y en conciencia asumir su importancia, tu<br \/>\nderecho a disfrutarlo y tu obligaci\u00f3n de servir en ese espacio, en ese concepto<br \/>\ny en ese colectivo humano.<\/p>\n<p>Y lo tercero porque me he dedicado a vivir, es decir,<br \/>\npercibir, procurar entender, sentir, aprender, compartir, hacer, afrontar<br \/>\nconsecuencias, involucrarme y construir en los terrenos en lo que he tenido la<br \/>\nfortuna de andar y en especial en las relaciones humanas  que he tenido el placer de construir. Y as\u00ed<br \/>\ncomo disfruto de o\u00edr o aprender de lo que no s\u00e9, con lo vivido disfruto<br \/>\ncompartir lo que s\u00ed s\u00e9, en especial, cuando me doy cuenta que alguien tiene<br \/>\ninter\u00e9s genuino de que algo suceda, y tengo forma de acompa\u00f1ar eso.<\/p>\n<p>Comparto con millones de personas lo primero y lo<br \/>\nsegundo. Lo tercero tambi\u00e9n, aunque s\u00e9 que quienes se pondr\u00edan ese calificativo<br \/>\nson menos de las que lo merecen y no tantos como quienes lo usan para suplir la<br \/>\nausencia de una formaci\u00f3n demostrable. Me detengo hoy en unos apuntes sobre<br \/>\nesto, conservando el deseo de hablar de las otras dos caracter\u00edsticas en<br \/>\ncomentarios posteriores.<\/p>\n<p>Cuando nos adentramos a un tema cualquiera, con una<br \/>\nintenci\u00f3n honesta y profesional, los elementos te\u00f3ricos, t\u00e9cnicos, jur\u00eddicos e<br \/>\ninstitucionales suelen ir ampliando su complejidad y dar cauce a la b\u00fasqueda<br \/>\nespecializada de desentra\u00f1ar las aristas que lo conforman. Con lo cual se abre<br \/>\nuna distancia cada vez mayor entre las preguntas que originalmente se<br \/>\nplantearon y las que se vuelven urgentes e importantes para darle aplicaci\u00f3n a<br \/>\nla informaci\u00f3n que demanda la vida social o la interacci\u00f3n entre las personas<br \/>\nque han de beneficiarse de ella en su vida cotidiana.<\/p>\n<p>Es com\u00fan, pero poco comentado, que la especializaci\u00f3n<br \/>\nacad\u00e9mica o t\u00e9cnica llega a formar una brecha abismal entre quienes tienen a su<br \/>\ncargo un tema y la percepci\u00f3n que tienen las personas que observan o atienden<br \/>\nel tema de marera inicial, superficial o que incluso pr\u00e1cticamente no les<br \/>\ninteresa. No puedo obviar atender este fen\u00f3meno social tan frecuente, pero del<br \/>\nque desde mi formaci\u00f3n en lo social, las leyes y la psicolog\u00eda veo que pocas<br \/>\nveces hay consciencia de ida o de vuelta entre especialistas y gente en<br \/>\ngeneral. Incluso, es por excepci\u00f3n que quienes desde la especialidad van \u201cal<br \/>\ncampo\u201d a estudiar la realidad, regresen con la gente que les atendi\u00f3 para<br \/>\ndevolverles algo de lo que obtuvieron.<\/p>\n<p>En mi andar, he tenido la maravillosa experiencia de<br \/>\nentrar a algunos campos de la vida y el conocimiento, entre ellos la<br \/>\nparentalidad; la psicolog\u00eda cl\u00ednica, organizacional y educativa: la docencia y<br \/>\nla planeaci\u00f3n educativa; la mal llamada justicia para adolescentes; la<br \/>\nprevenci\u00f3n social del delito; la mal tratada democracia, en sus vertientes<br \/>\nelectoral, de participaci\u00f3n ciudadana y de educaci\u00f3n c\u00edvica; el derecho, en<br \/>\nespecial los que son para humanos (DDHH); la metodolog\u00eda cient\u00edfica; la<br \/>\nadministraci\u00f3n institucional y la organizaci\u00f3n profesional de eventos de<br \/>\ndivulgaci\u00f3n e intercambio de conocimientos. En todos ellos he pasado del no<br \/>\nsaber, al interesarme, aprender, poder hacer y en algunos casos saber<br \/>\nsuficiente para ser considerado especialista.<\/p>\n<p>Y puedo identificar personas en todos esos campos que<br \/>\nhan hecho aportaciones geniales, a la vez que personas a las que dichos<br \/>\nconocimientos les servir\u00edan para vivir una vida mucho mejor, si s\u00f3lo hubieran<br \/>\nhallado ya la manera de conectar ese saber hacer con la vida cotidiana de<br \/>\ndichas personas. Gradualmente ha ido abrumando a mi conciencia el ver que entre<br \/>\nm\u00e1s se especializan algunas personas su conocimiento se deposita en<br \/>\npublicaciones o espacios del hacer, que no llegan a la calle, a la comunidad. <\/p>\n<p>Y, para ampliar la brecha, cada vez es m\u00e1s com\u00fan<br \/>\nescuchar o leer la innecesaria frase: \u201c\u2026pues, yo no ser\u00e9 (pon aqu\u00ed el grado,<br \/>\nespecialidad o profesi\u00f3n que gustes), pero\u2026\u201d y luego soltar cualquier idea vaga<br \/>\no precisa, l\u00f3gica o il\u00f3gica, argumentada u ocurrente, que en esencia significa<br \/>\nque no se requiere mayor ciencia para hacer algo. Escribiendo la frase tuve un<br \/>\nd\u00e9j\u00e0 vu\u2026 pero s\u00ed en efecto, no importa mucho la edad, escolaridad, cargo,<br \/>\nincluso ni &nbsp;escenario, he escuchado<br \/>\ndemasiado eso.<\/p>\n<p>Lo que me ocupa aqu\u00ed es que ni uno ni otro hace que<br \/>\nlas cosas cambien hacia donde se desea, o al menos se dice desear. Quien es<br \/>\nespecialista no logra suficiente impacto en realidades cotidianas por moverse<br \/>\nen un mundo tan distante, en el que los puntos, ingresos y reconocimientos se<br \/>\ndan por publicaciones, conferencias o programas ajenos a la mayor\u00eda de la<br \/>\ngente. Y demasiadas personas no tienen acceso a consultar o leer siquiera a un<br \/>\nespecialista, por la falta de claridad de que exista o d\u00f3nde encontrarlo, o de<br \/>\npoder recibir el servicio con los recursos con que cuenta, o por actitudes que<br \/>\nle alejan de la iniciativa de buscar, escuchar o comparar. Esa persona que \u201cno<br \/>\nes doctor\u201d, pero opina, se queda en la frase, pues por supuesto no est\u00e1<br \/>\npreparada para hacer lo que el\/la especialista sabe hacer; afortunadamente, no<br \/>\npasar\u00e1 de decir que la enfermedad no es o s\u00ed es grave, pero no tomar\u00e1 el<br \/>\nbistur\u00ed.<\/p>\n<p>Y, adem\u00e1s, el ritmo de la maldita posmodernidad<br \/>\npotencia que cada tema, por importante que sea, ocupe un tiempo muy corto el<br \/>\nfoco de la atenci\u00f3n personal y colectiva. Fluye un alud constante de<br \/>\ninformaci\u00f3n de todo, por m\u00faltiples v\u00edas, una actitud triunfante de leer y<br \/>\npensar cada vez menos, la sustituci\u00f3n de opiniones por prejuicios, estampitas y<br \/>\nmemes y una competencia feroz entre las agencias de tecnolog\u00edas por captar lo<br \/>\nque se pueda de esa, m\u00e1s que dispersa, atenci\u00f3n.<\/p>\n<p>Desde esta visi\u00f3n, cabe contrastar el sentido de toda<br \/>\nla dedicaci\u00f3n de especialistas, que los hay en muchos temas importantes, con el<br \/>\ninter\u00e9s, aplicaciones y beneficios que tienen la ciudadan\u00eda en general y por<br \/>\nsectores, no en abstracto sino sobre escenarios reales y vivos. \u00bfC\u00f3mo logramos<br \/>\ndesconectarnos tanto? Y en medio, la efectividad de las instituciones p\u00fablicas;<br \/>\nque ser\u00edan el medio para darnos acceso de ida y vuelta, pero \u00bfcu\u00e1ntos casos<br \/>\nconocemos de institutos o dependencias que tengan a los\/as especialistas<br \/>\nadecuados y se aseguren de que atiendan efectivamente a quienes lo requieren<br \/>\ncuando lo requieren?<\/p>\n<p>Cada persona que tenga la amabilidad de leer podr\u00e1<br \/>\naterrizar esto al caso del servicio o necesidad personalmente relevante. Y<br \/>\nhallar\u00edamos demasiados ejemplos\u2026 Doy uno en algo, que seguramente no es<br \/>\nprioridad para muchos, pero actualmente ando en ello y es un tema p\u00fablico. Se<br \/>\nest\u00e1 gestando, otra vez, una reforma electoral, y est\u00e1 en curso la aprobaci\u00f3n o<br \/>\nrechazo a otra reforma, la el\u00e9ctrica. \u00bfCu\u00e1l es la probabilidad que percibes de<br \/>\nque el conjunto de legisladores a quienes les pagamos, y muy bien, para tomar<br \/>\nlas mejores decisiones para M\u00e9xico basen su decisi\u00f3n en lo que un conjunto de<br \/>\nespecialistas les orienten?<\/p>\n<p>La l\u00f3gica, en esto parece simple, convocan y eligen a<br \/>\ndos equipos de especialistas. El primero experto en analizar, en el terreno de<br \/>\nla calle y las necesidades de la poblaci\u00f3n, la forma en que actualmente<br \/>\nfunciona y lo que ser\u00e1 el impacto si se hace un cambio u otro. El segundo<br \/>\nexperto en los temas energ\u00e9ticos para establecer los cambios necesarios desde<br \/>\nel punto de vista t\u00e9cnico, econ\u00f3mico y ambiental. Y con esa orientaci\u00f3n, votan<br \/>\npor lo que t\u00e9cnicamente es adecuado y socialmente es ben\u00e9fico.<\/p>\n<p>\u00a1Je!, \u201cno soy experto en pol\u00edtica, pero\u2026\u201d creo que no<br \/>\nhay escenario visible en el que esto vaya a suceder. Las fracciones y grupos,<br \/>\nhasta donde alcanzo a ver, primero deciden lo que quieren que pase, y luego<br \/>\nbuscan, si es pol\u00edticamente rentable, \u201cespecialistas\u201d que defiendan que eso es<br \/>\nlo adecuado t\u00e9cnicamente y lo que pide la voluntad popular. No jugar\u00e9 con esa<br \/>\nfrase en el tema el\u00e9ctrico, pero lamento que no haya la voluntad de hacer lo<br \/>\nmejor, por encima de hacer lo que interesa a cada grupo.<\/p>\n<p>En el terreno electoral, en el que s\u00ed s\u00e9 un poco,<br \/>\nenfrentamos por primera vez la situaci\u00f3n de que sea el partido en el poder el<br \/>\nque est\u00e9 desesperado por realizar una reforma a las reglas del juego electoral,<br \/>\naunque con ellas haya llegado a un triunfo de conocidas dimensiones. En la<br \/>\nprimera mitad del sexenio lo intentaron y no lo lograron, por diversos<br \/>\nfactores, entre ellas el \u00e1nimo visible y descontrolado por eliminar a las<br \/>\ninstituciones aut\u00f3nomas, que representan logros de la ciudadan\u00eda y contrapeso a<br \/>\nlas acciones del estado. En esta segunda mitad, va de nuevo. Y la pregunta es<br \/>\nla misma, \u00bfCabe la posibilidad, siquiera, de que el conjunto de legisladores<br \/>\nbasen su decisi\u00f3n en lo que un conjunto de especialistas les orienten?<\/p>\n<p>Este tema es m\u00e1s social que t\u00e9cnico. Me explico: se<br \/>\ntrata de poner las reglas del juego democr\u00e1tico; y el primer paso para<br \/>\nconstruir una democracia es precisamente contar con reglas que sean aceptables<br \/>\npara quienes juegan. Pero no hablo de los partidos pol\u00edticos (inocente de m\u00ed),<br \/>\nsino de todas las personas que aceptar\u00e1n un gobierno elegido por quienes<br \/>\nasistan a votar, porque asumen que las reglas con las que se hace son<br \/>\ncorrectas, o por lo menos eso, aceptables.<\/p>\n<p>Existen especialistas en las diversas aristas que<br \/>\nrequiere una reforma electoral; que en realidad deber\u00eda ser una reforma<br \/>\ndemocr\u00e1tica, enfocada en la ciudadan\u00eda como part\u00edcipe de la gobernanza. Cuerpos<br \/>\nacad\u00e9micos y agrupaciones de investigaci\u00f3n que estudian esos temas (como la<br \/>\nSociedad Mexicana de Estudios Electorales -SOMEE-, que reci\u00e9n celebr\u00f3 su XXXII<br \/>\nCongreso sobre estos temas), as\u00ed como asociaciones civiles que han construido<br \/>\nelementos relevantes para dotar a la ciudadan\u00eda de instrumentos efectivos para<br \/>\nser parte de las decisiones (como la Red C\u00edvica Mx, que acaba de realizar su XI<br \/>\nEncuentro Nacional). \u00bfHabr\u00e1 congresistas con la lealtad e inteligencia para<br \/>\nconvocar a especialistas a plantear las necesidades y v\u00edas de soluci\u00f3n antes de<br \/>\naferrarse a una iniciativa porque la bancada o alg\u00fan personaje la pone en la<br \/>\nmesa?<\/p>\n<p>Lo m\u00e1s parad\u00f3jico del asunto es que mucho de lo que se<br \/>\nrequiere ya est\u00e1 escrito y publicado, pero as\u00ed como los\/as especialistas no<br \/>\nhemos logrado que llegue a la gente, en la calle, en la vida, tampoco ha<br \/>\nllegado a esas personas que al entrar a un congreso empiezan a distanciarse<br \/>\ncada vez m\u00e1s de lo que pensaban cuando no ten\u00edan el cargo y a obedecer sin<br \/>\npensarlo mucho, el juego de la pol\u00edtica. Ese en el que algunos\/as pocos<br \/>\ndeciden, dan instrucciones e indican hacia d\u00f3nde va a ir el voto de toda la<br \/>\nfracci\u00f3n, sin importar que, seg\u00fan la ley y la decencia, a quien representa cada<br \/>\nlegislador\/a es a un conjunto de personas, a quienes juraron servir. Cada vez<br \/>\nhay m\u00e1s pol\u00edticos y menos pol\u00edtica.<\/p>\n<p>En el XXXII Congreso Internacional de la SOMEE,<br \/>\ncompartimos un poco de lo que est\u00e1 a la vista que se requiere para lograr que<br \/>\nlas elecciones sean m\u00e1s sencillas, m\u00e1s eficientes econ\u00f3micamente, m\u00e1s leg\u00edtimas<br \/>\ny, especialmente, m\u00e1s relevantes para que la ciudadan\u00eda se sienta efectivamente<br \/>\nrepresentada en sus anhelos y administrada en sus recursos comunes. Y queda<br \/>\nclaro que uno de los caminos poderosos m\u00e1s descuidados es el acceso de la gente<br \/>\na las decisiones, por la v\u00eda de la participaci\u00f3n ciudadana, de la llamada<br \/>\ndemocracia directa.<\/p>\n<p>Aunque soy abogado, prefiero el rol de psic\u00f3logo del<br \/>\ndiablo, pues ese nicho en la abogac\u00eda ya est\u00e1 suficientemente cubierto. Y en<br \/>\nesa reuni\u00f3n cuestion\u00e9 a mis cuates y colegas el grado en que estamos logrando<br \/>\nser efectivos aliados de la gente que necesita todo eso que sabemos. Acepto, lo<br \/>\nque tantos\/as dicen una y otra vez en sus doctas exposiciones, es una labor<br \/>\nmultilateral, que tiene que lograrse gradualmente, que requiere que cada cual<br \/>\nhaga su parte. Pero insist\u00ed: tenemos qu\u00e9 hacer m\u00e1s. Hemos estudiado m\u00e1s, hemos<br \/>\nestado involucrados m\u00e1s, conocemos a m\u00e1s gente y tenemos m\u00e1s recursos. As\u00ed que<br \/>\ntenemos un reto: \u00a1Vamos a hacer que la gente de nuestro Estado o Pa\u00eds use los<br \/>\nmecanismos de participaci\u00f3n ciudadana con \u00e9xito!<\/p>\n<p>Para hacer cambios en la vida de las personas, en lo<br \/>\nel\u00e9ctrico, en lo democr\u00e1tico, en cada tema importante necesitamos especialistas<br \/>\nt\u00e9cnicos, as\u00ed como tambi\u00e9n especialistas en personas. Servir\u00eda m\u00e1s modestia, al<br \/>\naceptar que hay cosas que no sabemos, pero tenemos que resolver bien. Alg\u00fan<br \/>\ndiputado\/a con conciencia, que sepa aprovechar todo este trabajo avanzado,<br \/>\ncolegiado, publicado, pudiera ser un catalizador muy valorado, para ir m\u00e1s<br \/>\nr\u00e1pido, para llegar a que de una vez suceda, pero sobre todo para ser leal con<br \/>\nlo que le hace estar all\u00ed, representar a su gente y procurar que, en los<br \/>\nhechos, le vaya mejor.<\/p>\n<p>Hay opciones para que quien gobierna haga lo que le<br \/>\nordenemos. Las hay para hacer que los congresos obedezcan lo que la gente<br \/>\nprefiere. Y tenemos que lograr que se usen, pues nadie sabe lo que tiene hasta<br \/>\nque lo usa. Tenemos que construir desde la especializaci\u00f3n una ruta franca<br \/>\nhacia la acci\u00f3n que sirva a la gente. \u00a1Legisladores\/as, si no nos buscan,<br \/>\ntendremos que ir por ustedes!<\/p>\n<p>&#8212;&#8212;&#8212;&#8212;&#8212;&#8212;&#8212;&#8212;&#8212;&#8212;&#8212;&#8212;&#8212;&#8211;<\/p>\n<p><b>*Jorge Valladares S\u00e1nchez<\/b><br \/>Pap\u00e1,<br \/>\nCiudadano, Consultor.<br \/>Doctor<br \/>\nen Ciencias Sociales.<br \/>Doctor<br \/>\nen Derechos Humanos.<br \/>Coordinador<br \/>\nNacional de la Red C\u00edvica Mx, A.C.<br \/>Especialista<br \/>\nen Psicolog\u00eda y Licenciado en Derecho.<\/p><\/p>\n","protected":false},"excerpt":{"rendered":"<p>\u00a1SE BUSCA CONGRESISTA CONSCIENTE!<\/p>\n","protected":false},"author":1112,"featured_media":34916,"comment_status":"open","ping_status":"open","sticky":false,"template":"","format":"standard","meta":{"tdm_status":"","tdm_grid_status":"","footnotes":""},"categories":[25],"tags":[],"_links":{"self":[{"href":"https:\/\/dralvarez.com.mx\/larevista\/wp-json\/wp\/v2\/posts\/19924"}],"collection":[{"href":"https:\/\/dralvarez.com.mx\/larevista\/wp-json\/wp\/v2\/posts"}],"about":[{"href":"https:\/\/dralvarez.com.mx\/larevista\/wp-json\/wp\/v2\/types\/post"}],"author":[{"embeddable":true,"href":"https:\/\/dralvarez.com.mx\/larevista\/wp-json\/wp\/v2\/users\/1112"}],"replies":[{"embeddable":true,"href":"https:\/\/dralvarez.com.mx\/larevista\/wp-json\/wp\/v2\/comments?post=19924"}],"version-history":[{"count":1,"href":"https:\/\/dralvarez.com.mx\/larevista\/wp-json\/wp\/v2\/posts\/19924\/revisions"}],"predecessor-version":[{"id":34915,"href":"https:\/\/dralvarez.com.mx\/larevista\/wp-json\/wp\/v2\/posts\/19924\/revisions\/34915"}],"wp:featuredmedia":[{"embeddable":true,"href":"https:\/\/dralvarez.com.mx\/larevista\/wp-json\/wp\/v2\/media\/34916"}],"wp:attachment":[{"href":"https:\/\/dralvarez.com.mx\/larevista\/wp-json\/wp\/v2\/media?parent=19924"}],"wp:term":[{"taxonomy":"category","embeddable":true,"href":"https:\/\/dralvarez.com.mx\/larevista\/wp-json\/wp\/v2\/categories?post=19924"},{"taxonomy":"post_tag","embeddable":true,"href":"https:\/\/dralvarez.com.mx\/larevista\/wp-json\/wp\/v2\/tags?post=19924"}],"curies":[{"name":"wp","href":"https:\/\/api.w.org\/{rel}","templated":true}]}}