{"id":19912,"date":"2021-10-28T00:00:00","date_gmt":"2021-10-28T06:00:00","guid":{"rendered":"https:\/\/dralvarez.com.mx\/larevista\/blog\/el-valor-de-la-amistad"},"modified":"2024-02-23T11:08:53","modified_gmt":"2024-02-23T17:08:53","slug":"el-valor-de-la-amistad","status":"publish","type":"post","link":"https:\/\/dralvarez.com.mx\/larevista\/opiniones\/el-valor-de-la-amistad","title":{"rendered":"El valor de la amistad"},"content":{"rendered":"<p>Rodrigo Men\u00e9ndez <\/p>\n<p>Vivir ser\u00eda un suplicio sin la amistad. Cuando la vida parece absurda y batallamos para encontrarle significado, son nuestros amigos quienes nos recuerdan que no estamos solos en esta traves\u00eda y que, a pesar de las dificultades, podemos pasar un rato ameno con gente que nos quiere y procura.<br \/>La amistad tiene un valor primordial en c\u00f3mo nos relacionamos con las dem\u00e1s personas. A nuestros mejores amigos los consideramos familia con el fin de enaltecer la incondicionalidad y lealtad mutua, mientras que a nuestros familiares m\u00e1s allegados los concebimos como amigos para mostrar que son personas con quienes compartir\u00edamos la vida aunque no hubiese lazo de sangre de por medio.<br \/>Bien decimos que los amigos son los familiares a los cuales elegimos; personas quienes tienen un lugar prioritario en nuestra vida no por compartir sangre, sino por compartir valores, intereses y afecto. La felicidad que nos da una amistad, si es sincera, es inconmensurable, por eso es tan dichoso quien tiene un amigo como quien tiene diez.<br \/>El COVID-19 ha causado estragos en distintos \u00e1mbitos de nuestra realidad y nuestras relaciones afectivas no han estado exentas de esto. La pandemia nos ha quitado tiempo con nuestros amigos, la crisis econ\u00f3mica ha ocasionado que seres queridos emigren en busca de mejores oportunidades y, m\u00e1s tr\u00e1gico y permanente, la muerte nos ha robado la posibilidad de volver a reunirnos con amistades que han sucumbido ante la enfermedad.<br \/>Cuando no tenemos a nuestros amigos, es cuando recordamos con m\u00e1s a\u00f1oro el tiempo compartido. Recordamos con nostalgia cuando, al calor o fr\u00edo de una bebida, le busc\u00e1bamos sentido a vivir, compon\u00edamos y descompon\u00edamos al pa\u00eds con argumentos o entabl\u00e1bamos debates de altura sobre los temas m\u00e1s banales que se nos pod\u00edan ocurrir. Recordamos tanto los buenos momentos como los malos, recordamos tanto a Sabina como a Serrat y Manzanero, y claro no falta alg\u00fan despistado que recordaba a Maluma.  Hasta en los malos momentos era una dicha saber que pod\u00edamos contar con el apoyo incondicional de nuestros amigos.  <br \/>Por lo anterior, no debemos dar por sentado estas relaciones, sino que debemos agradecer, fomentar y disfrutar al m\u00e1ximo cada momento que compartimos.<br \/>Este escrito est\u00e1 dedicado a todos quienes han perdido alguna amistad durante la pandemia, yo en mi caso a dos hermano por adopci\u00f3n, y hago votos, soy creyente, que con volveremos a reunirnos en esta vida o la pr\u00f3xima. Con el coraz\u00f3n apachurrado y en la mano, desde La Revista Peninsular los invitamos a procurar a sus amigos y amigas, as\u00ed como a honrar la memoria de quienes ya no nos acompa\u00f1an en el mundo terrenal.<\/p>\n<p>Vivir la vida intensamente, sufrir, llorar, pero tambi\u00e9n amar y gozar de la misma manera.<\/p>\n","protected":false},"excerpt":{"rendered":"<p>El valor de la amistad<\/p>\n","protected":false},"author":1111,"featured_media":0,"comment_status":"open","ping_status":"open","sticky":false,"template":"","format":"standard","meta":{"tdm_status":"","tdm_grid_status":"","footnotes":""},"categories":[25],"tags":[],"_links":{"self":[{"href":"https:\/\/dralvarez.com.mx\/larevista\/wp-json\/wp\/v2\/posts\/19912"}],"collection":[{"href":"https:\/\/dralvarez.com.mx\/larevista\/wp-json\/wp\/v2\/posts"}],"about":[{"href":"https:\/\/dralvarez.com.mx\/larevista\/wp-json\/wp\/v2\/types\/post"}],"author":[{"embeddable":true,"href":"https:\/\/dralvarez.com.mx\/larevista\/wp-json\/wp\/v2\/users\/1111"}],"replies":[{"embeddable":true,"href":"https:\/\/dralvarez.com.mx\/larevista\/wp-json\/wp\/v2\/comments?post=19912"}],"version-history":[{"count":1,"href":"https:\/\/dralvarez.com.mx\/larevista\/wp-json\/wp\/v2\/posts\/19912\/revisions"}],"predecessor-version":[{"id":34905,"href":"https:\/\/dralvarez.com.mx\/larevista\/wp-json\/wp\/v2\/posts\/19912\/revisions\/34905"}],"wp:attachment":[{"href":"https:\/\/dralvarez.com.mx\/larevista\/wp-json\/wp\/v2\/media?parent=19912"}],"wp:term":[{"taxonomy":"category","embeddable":true,"href":"https:\/\/dralvarez.com.mx\/larevista\/wp-json\/wp\/v2\/categories?post=19912"},{"taxonomy":"post_tag","embeddable":true,"href":"https:\/\/dralvarez.com.mx\/larevista\/wp-json\/wp\/v2\/tags?post=19912"}],"curies":[{"name":"wp","href":"https:\/\/api.w.org\/{rel}","templated":true}]}}