{"id":19910,"date":"2021-10-28T00:00:00","date_gmt":"2021-10-28T06:00:00","guid":{"rendered":"https:\/\/dralvarez.com.mx\/larevista\/blog\/unos-ninos-de-aldea"},"modified":"2024-02-23T11:08:42","modified_gmt":"2024-02-23T17:08:42","slug":"unos-ninos-de-aldea","status":"publish","type":"post","link":"https:\/\/dralvarez.com.mx\/larevista\/opiniones\/unos-ninos-de-aldea","title":{"rendered":"Unos ni\u00f1os de aldea&#8230;"},"content":{"rendered":"<p><b>Por: Cristina Pad\u00edn.<\/b><\/p>\n<p>Y en alg\u00fan momento por la rendija entrar\u00eda la suave luz de la ma\u00f1ana.. y ser\u00eda abril otra vez, pero resulta que era noviembre. Fr\u00edo al despuntar el d\u00eda y fr\u00edo al caer la tarde. Eran amigos desde siempre\u2026 y su siempre ten\u00eda unos nueve a\u00f1os.. ellos hab\u00edan cumplido doce. Iban juntos a la escuela unitaria del lugar, donde aprend\u00edan genial y jugaban a mil cosas divertidas\u2026 Lo \u00fanico duro era levantarse tan temprano\u2026<\/p>\n<p>Ella no compart\u00eda aula con \u00e9l. Catorce ten\u00eda ella, los mismos que contaba \u00e9l. Habitaban cada uno en preciosas aldeas acariciadas entre monta\u00f1as\u2026 pero \u00e9l recib\u00eda clases en un colegio y ella en otro. Eran estudiantes muy aplicados. Ella quer\u00eda ser bailarina de ballet, \u00e9l torero. A \u00e9l le gustaba caminar por las estrechas calles de la localidad para ir al buz\u00f3n, le mandaba cartas a ella. Tambi\u00e9n whatsapp\u2019s\u2026<\/p>\n<p>Aquella tarde el tipo al que llamaban Genio cont\u00f3 a los ancianos de la residencia cuentos de ni\u00f1os de aldea. Como Balbino, ese tan famoso en Galicia. Y los abuelos, casi todos de aldeas de la Galicia m\u00e0gica y profunda, sonrieron felices al evocar sus infancias\u2026<\/p>\n<p>Qu\u00e9 delicioso es Memorias dun neno labrego<br \/>Dedicado a las aldeas de mi fant\u00e1stica tierra<br \/>A los ni\u00f1os, de aldea y de ciudad<br \/>A los abuelitos. Y a mi abuela<br \/>A Luis<br \/>A Carlos<br \/>A los genios<br \/>Al toreo <br \/>A los toreros<br \/>A mi amigo El\u00edas, futuro torero<br \/>A las personas con sensibilidad<br \/>A mi querido Hugo<\/p>\n","protected":false},"excerpt":{"rendered":"<p>Por: Cristina Pad\u00edn.<\/p>\n","protected":false},"author":1025,"featured_media":34904,"comment_status":"open","ping_status":"open","sticky":false,"template":"","format":"standard","meta":{"tdm_status":"","tdm_grid_status":"","footnotes":""},"categories":[25],"tags":[],"_links":{"self":[{"href":"https:\/\/dralvarez.com.mx\/larevista\/wp-json\/wp\/v2\/posts\/19910"}],"collection":[{"href":"https:\/\/dralvarez.com.mx\/larevista\/wp-json\/wp\/v2\/posts"}],"about":[{"href":"https:\/\/dralvarez.com.mx\/larevista\/wp-json\/wp\/v2\/types\/post"}],"author":[{"embeddable":true,"href":"https:\/\/dralvarez.com.mx\/larevista\/wp-json\/wp\/v2\/users\/1025"}],"replies":[{"embeddable":true,"href":"https:\/\/dralvarez.com.mx\/larevista\/wp-json\/wp\/v2\/comments?post=19910"}],"version-history":[{"count":1,"href":"https:\/\/dralvarez.com.mx\/larevista\/wp-json\/wp\/v2\/posts\/19910\/revisions"}],"predecessor-version":[{"id":34903,"href":"https:\/\/dralvarez.com.mx\/larevista\/wp-json\/wp\/v2\/posts\/19910\/revisions\/34903"}],"wp:featuredmedia":[{"embeddable":true,"href":"https:\/\/dralvarez.com.mx\/larevista\/wp-json\/wp\/v2\/media\/34904"}],"wp:attachment":[{"href":"https:\/\/dralvarez.com.mx\/larevista\/wp-json\/wp\/v2\/media?parent=19910"}],"wp:term":[{"taxonomy":"category","embeddable":true,"href":"https:\/\/dralvarez.com.mx\/larevista\/wp-json\/wp\/v2\/categories?post=19910"},{"taxonomy":"post_tag","embeddable":true,"href":"https:\/\/dralvarez.com.mx\/larevista\/wp-json\/wp\/v2\/tags?post=19910"}],"curies":[{"name":"wp","href":"https:\/\/api.w.org\/{rel}","templated":true}]}}