{"id":19906,"date":"2021-10-28T00:00:00","date_gmt":"2021-10-28T06:00:00","guid":{"rendered":"https:\/\/dralvarez.com.mx\/larevista\/blog\/la-naturaleza-nos-pone-a-prueba"},"modified":"2024-02-23T11:08:34","modified_gmt":"2024-02-23T17:08:34","slug":"la-naturaleza-nos-pone-a-prueba","status":"publish","type":"post","link":"https:\/\/dralvarez.com.mx\/larevista\/opiniones\/la-naturaleza-nos-pone-a-prueba","title":{"rendered":"La naturaleza nos pone a prueba"},"content":{"rendered":"<p><b>Por: Marco Antonio Cortez Navarrete.<\/b><\/p>\n<p>&#8220;Hay noticias alentadoras, llevamos ya tres meses consecutivos en la reducci\u00f3n de la epidemia&#8221;, con estas palabras inici\u00f3, este martes 26 de octubre, Hugo L\u00f3pez Gatell, subsecretario de salud, en la conferencia de prensa del mandatario mexicano L\u00f3pez Obrador.<\/p>\n<p>Hasta ese momento, seg\u00fan las cifras gubernamentales, en M\u00e9xico hay un registro oficial de poco m\u00e1s de 4 millones de contagios por COVID, 3,1 millones de recuperado y 286 mil 496 personas fallecidas v\u00edctimas mortales del virus.<\/p>\n<p>A nivel mundial, de acuerdo con recientes cifras, se reporta 245 millones de contagios y 4 millones 960 mil decesos. Cierto, se aplican vacunas, algunas con mayor prestigio y &#8220;efectividad&#8221; que otras, pero finalmente fluyen, salvo en los pa\u00edses llamados del tercer y cuarto mundo donde a\u00fan el virus sigue imperando pese a las reiteradas peticiones de organismos como la OMS y la OPS de apoyar a quienes menos tienen.<\/p>\n<p>En Yucat\u00e1n, no podemos dejar de citar a la tierra donde vivimos, hay un descenso en el n\u00famero de contagios y de personas fallecidas, de manera especial en los \u00faltimos 6 d\u00edas, con cifras que muestran que el n\u00famero de personas que fallecen son menos de 10, oscilando entre 7 y 5, y los contagios han ido de los 138, el 21 de octubre pasado hasta los 75 el d\u00eda 25 de este mismo mes, subiendo a 94 un d\u00eda despu\u00e9s y esperando que esta cifra siga bajando porque eso ser\u00eda sin\u00f3nimo no tan solo de vida sino de esperanza para muchas personas que son m\u00e1s susceptibles a la enfermedad y\/o que atraviesan situaciones complejas en lo econ\u00f3mico y familiar.<\/p>\n<p>En la conferencia de prensa de este martes el llamado estratega contra el COVID-19 asegur\u00f3 que todo M\u00e9xico est\u00e1 t\u00e9cnicamente por debajo del 1 por ciento de casos activos y que el 84 por ciento de las camas &#8220;Covid&#8221; lucen desocupadas y es m\u00e1s ya son utilizadas para atender otras enfermedades y, como siempre ha dicho el m\u00e9dico L\u00f3pez Gatell: &#8220;Mientras siga la epidemia activa podr\u00eda haber un repunte, pero hasta el momento, tres meses de reducci\u00f3n consecutiva en todos los indicadores&#8221;.<\/p>\n<p>La lectura que en lo personal doy a este panorama y a estas declaraciones del funcionario federal es que los mexicanos y los yucatecos ya aprendimos a valorar la epidemia, ya sabemos qu\u00e9 es y c\u00f3mo afecta. Ahora est\u00e1 en tus manos y en mis manos no tan solo conservar este conocimiento sino mejorarlo, enriquecerlo y aplicarlo a nuestras vidas cotidianas. Hemos sido vacunados la mayor\u00eda, seg\u00fan el mismo gobierno federal, entonces aprovechemos esta oportunidad que en muchos pa\u00edses a\u00fan no tienen y cuyas poblaciones siguen vulnerables al virus que, no olvidemos, lleg\u00f3 a este planeta para quedarse, adaptarse y mutar las veces que su existencia est\u00e9 en riesgo, es un organismo como t\u00fa y yo que busca sobrevivir a cualquier costo.<\/p>\n<p>Y ya que hablamos de la vacunaci\u00f3n en mayores de 18 a\u00f1os, al menos con una dosis, este viernes en el vecino estado de Campeche se llevar\u00e1 al cabo de manera oficial el cierre de dicho plan en un evento que encabezar\u00e1 el presidente L\u00f3pez Obrador acompa\u00f1ado de su gabinete de salud y autoridades de los gobiernos de la Pen\u00ednsula. Vale la pena que adem\u00e1s de este tema y de supervisar las obras del Tren Maya el mandatario mexicano presidir\u00e1 tambi\u00e9n sendas reuniones de seguridad, tanto en M\u00e9rida, ma\u00f1ana jueves, como en Campeche el viernes.<\/p>\n<p>P.D. Buena oportunidad para analizar y ponerle un hasta aqu\u00ed a lo que sucede a lo largo de las costas de Quintana Roo donde aumenta de manera considerable la violencia y que pone en jaque a la gallina de los huevos de oro, es decir, al turismo, la segunda fuente de ingresos en importancia para M\u00e9xico despu\u00e9s del petr\u00f3leo. <\/p>\n<p>Saludos y hasta la pr\u00f3xima.<\/p>\n","protected":false},"excerpt":{"rendered":"<p>Por: Marco Antonio Cortez Navarrete.<\/p>\n","protected":false},"author":1124,"featured_media":34900,"comment_status":"open","ping_status":"open","sticky":false,"template":"","format":"standard","meta":{"tdm_status":"","tdm_grid_status":"","footnotes":""},"categories":[25],"tags":[],"_links":{"self":[{"href":"https:\/\/dralvarez.com.mx\/larevista\/wp-json\/wp\/v2\/posts\/19906"}],"collection":[{"href":"https:\/\/dralvarez.com.mx\/larevista\/wp-json\/wp\/v2\/posts"}],"about":[{"href":"https:\/\/dralvarez.com.mx\/larevista\/wp-json\/wp\/v2\/types\/post"}],"author":[{"embeddable":true,"href":"https:\/\/dralvarez.com.mx\/larevista\/wp-json\/wp\/v2\/users\/1124"}],"replies":[{"embeddable":true,"href":"https:\/\/dralvarez.com.mx\/larevista\/wp-json\/wp\/v2\/comments?post=19906"}],"version-history":[{"count":1,"href":"https:\/\/dralvarez.com.mx\/larevista\/wp-json\/wp\/v2\/posts\/19906\/revisions"}],"predecessor-version":[{"id":34899,"href":"https:\/\/dralvarez.com.mx\/larevista\/wp-json\/wp\/v2\/posts\/19906\/revisions\/34899"}],"wp:featuredmedia":[{"embeddable":true,"href":"https:\/\/dralvarez.com.mx\/larevista\/wp-json\/wp\/v2\/media\/34900"}],"wp:attachment":[{"href":"https:\/\/dralvarez.com.mx\/larevista\/wp-json\/wp\/v2\/media?parent=19906"}],"wp:term":[{"taxonomy":"category","embeddable":true,"href":"https:\/\/dralvarez.com.mx\/larevista\/wp-json\/wp\/v2\/categories?post=19906"},{"taxonomy":"post_tag","embeddable":true,"href":"https:\/\/dralvarez.com.mx\/larevista\/wp-json\/wp\/v2\/tags?post=19906"}],"curies":[{"name":"wp","href":"https:\/\/api.w.org\/{rel}","templated":true}]}}