{"id":19900,"date":"2021-10-28T00:00:00","date_gmt":"2021-10-28T06:00:00","guid":{"rendered":"https:\/\/dralvarez.com.mx\/larevista\/blog\/la-biblioteca-del-pueblo"},"modified":"2024-02-23T11:08:20","modified_gmt":"2024-02-23T17:08:20","slug":"la-biblioteca-del-pueblo","status":"publish","type":"post","link":"https:\/\/dralvarez.com.mx\/larevista\/opiniones\/la-biblioteca-del-pueblo","title":{"rendered":"La biblioteca del pueblo\u2026"},"content":{"rendered":"<p><b>Por: Cristina Pad\u00edn.<\/b><\/p>\n<p>Ten\u00eda nombre, claro. Pero sol\u00edan referirse a \u00e9l como Genio, porque lo era y adem\u00e1s era genial! En noviembre, ese mes tan escaso en luz y tan melanc\u00f3lico, acud\u00eda a las residencias de ancianos a contar cuentos. Los escrib\u00eda \u00e9l.. le gustaba escribir, cantar, se atrev\u00eda a torear, tocaba la guitarra..<\/p>\n<p>\u201cEntonces, a la hora acordada, las diez de la noche, las cajas depositadas en calles y plazas se abrieron solas.. Pero aquello no escond\u00eda miedo o misterio, era nobleza. Y todos los libros que hab\u00edan sido donados salieron al anochecer de octubre\u2026 y juntos crearon una biblioteca al aire libre\u2026<\/p>\n<p>All\u00ed estaban tantas obras bonitas! Robinson Crusoe, Mujercitas, La casa de Bernarda Alba, Circe, Cien a\u00f1os de soledad, Los pazos de Ulloa, Las v\u00edrgenes suicidas, Seda, La niebla y la doncella, El viejo y el mar, Lazarillo de Tormes\u2026 Miles y miles de p\u00e1ginas. Con letras. Con palabras..<\/p>\n<p>Con lo que es valioso!\u201d<\/p>\n<p>A los abuelillos les encant\u00f3 la historia. Y hab\u00edan le\u00eddo muchos de los libros que \u00e9l mencion\u00f3\u2026 Regresar\u00eda al d\u00eda siguiente, y anunci\u00f3 que contar\u00eda un cuento sobre unos ni\u00f1os de aldea en la Galicia profunda. Ni\u00f1os felices, con infancias perfectas, en una tierra m\u00e1gica, pr\u00f3spera y sabia.<\/p>\n<p>Dedicado a las lecturas<br \/>A los genios<br \/>A Albriux<br \/>A mi querido Luis<br \/>A los ni\u00f1os de aldea y a los ni\u00f1os de ciudad<br \/>A los contadores de historias<br \/>A la generosidad<br \/>Y a las bibliotecas, hace poco se festej\u00f3 su d\u00eda&#8230;<\/p>\n","protected":false},"excerpt":{"rendered":"<p>Por: Cristina Pad\u00edn.<\/p>\n","protected":false},"author":1025,"featured_media":34894,"comment_status":"open","ping_status":"open","sticky":false,"template":"","format":"standard","meta":{"tdm_status":"","tdm_grid_status":"","footnotes":""},"categories":[25],"tags":[],"_links":{"self":[{"href":"https:\/\/dralvarez.com.mx\/larevista\/wp-json\/wp\/v2\/posts\/19900"}],"collection":[{"href":"https:\/\/dralvarez.com.mx\/larevista\/wp-json\/wp\/v2\/posts"}],"about":[{"href":"https:\/\/dralvarez.com.mx\/larevista\/wp-json\/wp\/v2\/types\/post"}],"author":[{"embeddable":true,"href":"https:\/\/dralvarez.com.mx\/larevista\/wp-json\/wp\/v2\/users\/1025"}],"replies":[{"embeddable":true,"href":"https:\/\/dralvarez.com.mx\/larevista\/wp-json\/wp\/v2\/comments?post=19900"}],"version-history":[{"count":1,"href":"https:\/\/dralvarez.com.mx\/larevista\/wp-json\/wp\/v2\/posts\/19900\/revisions"}],"predecessor-version":[{"id":34893,"href":"https:\/\/dralvarez.com.mx\/larevista\/wp-json\/wp\/v2\/posts\/19900\/revisions\/34893"}],"wp:featuredmedia":[{"embeddable":true,"href":"https:\/\/dralvarez.com.mx\/larevista\/wp-json\/wp\/v2\/media\/34894"}],"wp:attachment":[{"href":"https:\/\/dralvarez.com.mx\/larevista\/wp-json\/wp\/v2\/media?parent=19900"}],"wp:term":[{"taxonomy":"category","embeddable":true,"href":"https:\/\/dralvarez.com.mx\/larevista\/wp-json\/wp\/v2\/categories?post=19900"},{"taxonomy":"post_tag","embeddable":true,"href":"https:\/\/dralvarez.com.mx\/larevista\/wp-json\/wp\/v2\/tags?post=19900"}],"curies":[{"name":"wp","href":"https:\/\/api.w.org\/{rel}","templated":true}]}}