{"id":19880,"date":"2021-10-23T00:00:00","date_gmt":"2021-10-23T06:00:00","guid":{"rendered":"https:\/\/dralvarez.com.mx\/larevista\/blog\/reformas-a-la-vida-de-la-gente"},"modified":"2024-02-23T11:07:48","modified_gmt":"2024-02-23T17:07:48","slug":"reformas-a-la-vida-de-la-gente","status":"publish","type":"post","link":"https:\/\/dralvarez.com.mx\/larevista\/opiniones\/reformas-a-la-vida-de-la-gente","title":{"rendered":"\u00bfReformas a la Vida de la Gente?"},"content":{"rendered":"<p><b>Por: Jorge Valladares S\u00e1nchez.*<\/b><\/p>\n<p><b>dr.jorge.valladares@gmail.com<\/b><br \/><b>@DrJValladares en Twitter<\/b><br \/><b>@dr.jorge.valladares en Facebook<\/b><br \/><b>Dr. Jorge Valladares en Youtube<\/b><\/p>\n<p>Como puedes ver, al final del art\u00edculo, la mejor manera que tengo de decir qui\u00e9n soy es identificarme como Pap\u00e1, Ciudadano y Consultor.<\/p>\n<p>Lo primero queda claro para cualquiera que comparta conmigo esa maravillosa condici\u00f3n, que se adquiere lo mismo con un placer moment\u00e1neo, incluso por descuido o idealmente en un acto de amor intenso; no exige preparaci\u00f3n previa alguna, pero pronto nos hace saber qu\u00e9 tan err\u00f3nea es la falta de esa condici\u00f3n. La m\u00e1s incierta, trascendente, hermosa y vivificante de las labores, para la gran mayor\u00eda de quienes ya estamos en ella.<\/p>\n<p>Lo segundo como mi punto de vinculaci\u00f3n con lo que importa, de donde quiera que ande; en especial de donde suelo estar, mi amado Yucat\u00e1n. Creo que es uno de los mejores aterrizajes para vivir ese valor llamado lealtad; saber de d\u00f3nde eres y en conciencia asumir su importancia, tu derecho a disfrutarlo y tu obligaci\u00f3n de servir en ese espacio, en ese concepto y en ese colectivo humano.<\/p>\n<p>Y lo tercero porque me he dedicado a vivir, es decir, percibir, procurar entender, sentir, aprender, compartir, hacer, afrontar consecuencias, involucrarme y construir en los terrenos en lo que he tenido la fortuna de andar y en especial en las relaciones humanas  que he tenido el placer de construir. Y as\u00ed como disfruto de o\u00edr o aprender de lo que no s\u00e9, con lo vivido disfruto compartir lo que s\u00ed s\u00e9, en especial, cuando me doy cuenta que alguien tiene inter\u00e9s genuino de que algo suceda, y tengo forma de acompa\u00f1ar eso.<\/p>\n<p>Comparto con millones de personas lo primero y lo segundo. Lo tercero tambi\u00e9n, aunque s\u00e9 que quienes se pondr\u00edan ese calificativo son menos de las que lo merecen y no tantos como quienes lo usan para suplir la ausencia de una formaci\u00f3n demostrable. Me detengo hoy en unos apuntes sobre esto, conservando el deseo de hablar de las otras dos caracter\u00edsticas en comentarios posteriores.<\/p>\n<p>Cuando nos adentramos a un tema cualquiera, con una intenci\u00f3n honesta y profesional, los elementos te\u00f3ricos, t\u00e9cnicos, jur\u00eddicos e institucionales suelen ir ampliando su complejidad y dar cauce a la b\u00fasqueda especializada de desentra\u00f1ar las aristas que lo conforman. Con lo cual se abre una distancia cada vez mayor entre las preguntas que originalmente se plantearon y las que se vuelven urgentes e importantes para darle aplicaci\u00f3n a la informaci\u00f3n que demanda la vida social o la interacci\u00f3n entre las personas que han de beneficiarse de ella en su vida cotidiana.<\/p>\n<p>Es com\u00fan, pero poco comentado, que la especializaci\u00f3n acad\u00e9mica o t\u00e9cnica llega a formar una brecha abismal entre quienes tienen a su cargo un tema y la percepci\u00f3n que tienen las personas que observan o atienden el tema de marera inicial, superficial o que incluso pr\u00e1cticamente no les interesa. No puedo obviar atender este fen\u00f3meno social tan frecuente, pero del que desde mi formaci\u00f3n en lo social, las leyes y la psicolog\u00eda veo que pocas veces hay consciencia de ida o de vuelta entre especialistas y gente en general. Incluso, es por excepci\u00f3n que quienes desde la especialidad van \u201cal campo\u201d a estudiar la realidad, regresen con la gente que les atendi\u00f3 para devolverles algo de lo que obtuvieron.<\/p>\n<p>En mi andar, he tenido la maravillosa experiencia de entrar a algunos campos de la vida y el conocimiento, entre ellos la parentalidad; la psicolog\u00eda cl\u00ednica, organizacional y educativa: la docencia y la planeaci\u00f3n educativa; la mal llamada justicia para adolescentes; la prevenci\u00f3n social del delito; la mal tratada democracia, en sus vertientes electoral, de participaci\u00f3n ciudadana y de educaci\u00f3n c\u00edvica; el derecho, en especial los que son para humanos (DDHH); la metodolog\u00eda cient\u00edfica; la administraci\u00f3n institucional y la organizaci\u00f3n profesional de eventos de divulgaci\u00f3n e intercambio de conocimientos. En todos ellos he pasado del no saber, al interesarme, aprender, poder hacer y en algunos casos saber suficiente para ser considerado especialista.<\/p>\n<p> Y puedo identificar personas en todos esos campos que han hecho aportaciones geniales, a la vez que personas a las que dichos conocimientos les servir\u00edan para vivir una vida mucho mejor, si s\u00f3lo hubieran hallado ya la manera de conectar ese saber hacer con la vida cotidiana de dichas personas. Gradualmente ha ido abrumando a mi conciencia el ver que entre m\u00e1s se especializan algunas personas su conocimiento se deposita en publicaciones o espacios del hacer, que no llegan a la calle, a la comunidad.<\/p>\n<p>Y, para ampliar la brecha, cada vez es m\u00e1s com\u00fan escuchar o leer la innecesaria frase: \u201c\u2026pues, yo no ser\u00e9 (pon aqu\u00ed el grado, especialidad o profesi\u00f3n que gustes), pero\u2026\u201d y luego soltar cualquier idea vaga o precisa, l\u00f3gica o il\u00f3gica, argumentada u ocurrente, que en esencia significa que no se requiere mayor ciencia para hacer algo. Escribiendo la frase tuve un d\u00e9j\u00e0 vu\u2026 pero s\u00ed en efecto, no importa mucho edad, escolaridad, cargo, ni incluso escenario, he escuchado demasiado eso.<\/p>\n<p>Lo que me ocupa aqu\u00ed es que ni uno ni otro hace que las cosas cambien hacia donde se desea, o al menos se dice desear. Quien es especialista no logra suficiente impacto en realidades cotidianas por moverse en un mundo tan distante, en el que los puntos, ingresos y reconocimientos se dan por publicaciones, conferencias o programas ajenos a la mayor\u00eda de la gente. Y demasiadas personas no tienen acceso a consultar o leer siquiera a un especialista, por la falta de claridad de que exista o d\u00f3nde encontrarlo, o de poder recibir el servicio con los recursos con que cuenta, o por actitudes que le alejan de la iniciativa de buscar, escuchar o comparar. Esa persona que \u201cno es doctor\u201d, pero opina, se queda en la frase, pues por supuesto no est\u00e1 preparada para hacer lo que el\/la especialista sabe hacer; afortunadamente, no pasar\u00e1 de decir que la enfermedad no es o s\u00ed es grave, pero no tomar\u00e1 el bistur\u00ed.<\/p>\n<p>Y, adem\u00e1s, el ritmo de la maldita posmodernidad potencia que cada tema, por importante que sea, ocupe un tiempo muy corto el foco de la atenci\u00f3n personal y colectiva. Fluye un alud constante de informaci\u00f3n de todo, por m\u00faltiples v\u00edas, una actitud triunfante de leer y pensar cada vez menos, la sustituci\u00f3n de opiniones por prejuicios, estampitas y memes y una competencia feroz entre las agencias de tecnolog\u00edas por captar lo que se pueda de esa, m\u00e1s que dispersa, atenci\u00f3n.<\/p>\n<p>Desde esta visi\u00f3n, cabe contrastar el sentido de toda la dedicaci\u00f3n de especialistas, que los hay en muchos temas importantes, con el inter\u00e9s, aplicaciones y beneficios que tienen la ciudadan\u00eda en general y por sectores, no en abstracto sino sobre escenarios reales y vivos. \u00bfC\u00f3mo logramos desconectarnos tanto? Y en medio, la efectividad de las instituciones p\u00fablicas; que ser\u00edan el medio para darnos acceso de ida y vuelta, pero \u00bfcu\u00e1ntos casos conocemos de institutos o dependencias que tengan a los\/as especialistas adecuados y se aseguren de que atiendan efectivamente a quienes lo requieren cuando lo requieren?<\/p>\n<p>Cada persona que tenga la amabilidad de leer podr\u00e1 aterrizar esto al caso del servicio o necesidad personalmente relevante. Y hallar\u00edamos demasiados ejemplos\u2026 Doy uno en algo, que seguramente no es prioridad para muchos, pero actualmente ando en ello y es un tema p\u00fablico. Se est\u00e1 gestando, otra vez, una reforma electoral, y est\u00e1 en curso la aprobaci\u00f3n o rechazo a otra reforma, la el\u00e9ctrica. \u00bfCu\u00e1l es la probabilidad que percibes de que el conjunto de legisladores a quienes les pagamos, y muy bien, para tomar las mejores decisiones para M\u00e9xico basen su decisi\u00f3n en lo que un conjunto de especialistas les orienten?<\/p>\n<p>La l\u00f3gica, en esto parece simple, convocan y eligen a dos equipos de especialistas. El primero experto en analizar, en el terreno de la calle y las necesidades de la poblaci\u00f3n, la forma en que actualmente funciona y lo que ser\u00e1 el impacto si se hace un cambio u otro. El segundo experto en los temas energ\u00e9ticos para establecer los cambios necesarios desde el punto de vista t\u00e9cnico, econ\u00f3mico y ambiental. Y con esa orientaci\u00f3n, votan por lo que t\u00e9cnicamente es adecuado y socialmente es ben\u00e9fico.<\/p>\n<p>\u00a1Je!, \u201cno soy experto en pol\u00edtica, pero\u2026\u201d creo que no hay escenario visible en el que esto vaya a suceder. Las fracciones y grupos, hasta donde alcanzo a ver, primero deciden lo que quieren que pase, y luego buscan, si es pol\u00edticamente rentable, \u201cespecialistas\u201d que defiendan que eso es lo adecuado t\u00e9cnicamente y lo que pide la voluntad popular. No jugar\u00e9 con esa frase en el tema el\u00e9ctrico, pero lamento que no haya la voluntad de hacer lo mejor, por encima de hacer lo que interesa a cada grupo.<\/p>\n<p>En el terreno electoral, en el que s\u00ed s\u00e9 un poco, enfrentamos por primera vez la situaci\u00f3n de que sea el partido en el poder el que est\u00e9 desesperado por realizar una reforma a las reglas del juego electoral, aunque con ellas haya llegado a un triunfo de conocidas dimensiones. En la primera mitad del sexenio lo intentaron y no lo lograron, por diversos factores, entre ellas el \u00e1nimo visible y descontrolado por eliminar a las instituciones aut\u00f3nomas, que representan logros de la ciudadan\u00eda y contrapeso a las acciones del estado. En esta segunda mitad, va de nuevo. Y la pregunta es la misma, \u00bfCabe la posibilidad, siquiera, de que el conjunto de legisladores basen su decisi\u00f3n en lo que un conjunto de especialistas les orienten?<\/p>\n<p>Este tema es m\u00e1s social que t\u00e9cnico. Me explico: se trata de poner las reglas del juego democr\u00e1tico; y el primer paso para construir una democracia es precisamente contar con reglas que sean aceptables para quienes juegan. Pero no hablo de los partidos pol\u00edticos (inocente de m\u00ed), sino de todas las personas que aceptar\u00e1n un gobierno elegido por quienes asistan a votar, porque asumen que las reglas con las que se hace son correctas, o por lo menos eso, aceptables.<\/p>\n<p>Existen especialistas en las diversas aristas que requiere una reforma electoral; que en realidad deber\u00eda ser una reforma democr\u00e1tica, enfocada en la ciudadan\u00eda como part\u00edcipe de la gobernanza. Cuerpos acad\u00e9micos y agrupaciones de investigaci\u00f3n que estudian esos temas (como la Sociedad Mexicana de Estudios Electorales -SOMEE-, que reci\u00e9n celebr\u00f3 su XXXII Congreso sobre estos temas), as\u00ed como asociaciones civiles que han construido elementos relevantes para dotar a la ciudadan\u00eda de instrumentos efectivos para ser parte de las decisiones (como la Red C\u00edvica Mx, que acaba de realizar su XI Encuentro Nacional). \u00bfHabr\u00e1 congresistas con la lealtad e inteligencia para convocar a especialistas a plantear las necesidades y v\u00edas de soluci\u00f3n antes de aferrarse a una iniciativa porque la bancada o alg\u00fan personaje la pone en la mesa?<\/p>\n<p>Lo m\u00e1s parad\u00f3jico del asunto es que mucho de lo que se requiere ya est\u00e1 escrito y publicado, pero as\u00ed como los\/as especialistas no hemos logrado que llegue a la gente, en la calle, en la vida, tampoco ha llegado a esas personas que al entrar a un congreso empiezan a distanciarse cada vez m\u00e1s de lo que pensaban cuando no ten\u00edan el cargo y a obedecer sin pensarlo mucho, el juego de la pol\u00edtica. Ese en el que algunos\/as pocos deciden, dan instrucciones e indican hacia d\u00f3nde va a ir el voto de toda la fracci\u00f3n, sin importar que, seg\u00fan la ley y la decencia, a quien representa cada legislador\/a es a un conjunto de personas, a quienes juraron servir. Cada vez hay m\u00e1s pol\u00edticos y menos pol\u00edtica.<\/p>\n<p>En el XXXII Congreso Internacional de la SOMEE, compartimos un poco de lo que est\u00e1 a la vista que se requiere para lograr que las elecciones sean m\u00e1s sencillas, m\u00e1s eficientes econ\u00f3micamente, m\u00e1s leg\u00edtimas y, especialmente, m\u00e1s relevantes para que la ciudadan\u00eda se sienta efectivamente representada en sus anhelos y administrada en sus recursos comunes. Y queda claro que uno de los caminos poderosos m\u00e1s descuidados es el acceso de la gente a las decisiones, por la v\u00eda de la participaci\u00f3n ciudadana, de la llamada democracia directa.<\/p>\n<p>Aunque soy abogado, prefiero el rol de psic\u00f3logo del diablo, pues ese nicho en la abogac\u00eda ya est\u00e1 suficientemente cubierto. Y en esa reuni\u00f3n cuestion\u00e9 a mis cuates y colegas el grado en que estamos logrando ser efectivos aliados de la gente que necesita todo eso que sabemos. Acepto, lo que tantos\/as dicen una y otra ves en sus doctas exposiciones, es una labor multilateral, que tiene que lograrse gradualmente, que requiere que cada cual haga su parte. Pero insist\u00ed: tenemos qu\u00e9 hacer m\u00e1s. Hemos estudiado m\u00e1s, hemos estado involucrados m\u00e1s, conocemos a m\u00e1s gente y tenemos m\u00e1s recursos. As\u00ed que tenemos un reto: \u00a1Vamos a hacer que la gente de nuestro Estado o Pa\u00eds use los mecanismos de participaci\u00f3n ciudadana con \u00e9xito!<\/p>\n<p>Para hacer cambios en la vida de las personas, en lo el\u00e9ctrico, en lo democr\u00e1tico, en cada tema importante necesitamos especialistas t\u00e9cnicos, as\u00ed como tambi\u00e9n especialistas en personas. Servir\u00eda m\u00e1s modestia, al aceptar que hay cosas que no sabemos, pero tenemos que resolver bien. Alg\u00fan diputado\/a con conciencia, que sepa aprovechar todo este trabajo avanzado, colegiado, publicado, pudiera ser un catalizador muy valorado, para ir m\u00e1s r\u00e1pido, para llegar a que de una vez suceda, pero sobre todo para ser leal con lo que le hace estar all\u00ed, representar a su gente y procurar que, en los hechos, le vaya mejor.<\/p>\n<p>Hay opciones para que quien gobierna haga lo que le ordenemos. Las hay para hacer que los congresos obedezcan lo que la gente prefiere. Y tenemos que lograr que se usen, pues nadie sabe lo que tiene hasta que lo usa. Tenemos que construir desde la especializaci\u00f3n una ruta franca hacia la acci\u00f3n que sirva a la gente.&nbsp;<\/p>\n<p>\u00a1Legisladores\/as, si no nos buscan, tendremos que ir por ustedes!<\/p>\n<p><b>*Jorge Valladares S\u00e1nchez<\/b><br \/><b>Pap\u00e1, Ciudadano, Consultor.<\/b><br \/><b>Doctor en Ciencias Sociales.<\/b><br \/><b>Doctor en Derechos Humanos.<\/b><br \/><b>Coordinador Nacional de la Red C\u00edvica Mx, A.C.<\/b><br \/><b>Especialista en Psicolog\u00eda y Licenciado en Derecho.<\/b><\/p>\n","protected":false},"excerpt":{"rendered":"<p>\u00a1SE BUSCA CONGRESISTA CONSCIENTE!<\/p>\n","protected":false},"author":1112,"featured_media":0,"comment_status":"open","ping_status":"open","sticky":false,"template":"","format":"standard","meta":{"tdm_status":"","tdm_grid_status":"","footnotes":""},"categories":[25],"tags":[],"_links":{"self":[{"href":"https:\/\/dralvarez.com.mx\/larevista\/wp-json\/wp\/v2\/posts\/19880"}],"collection":[{"href":"https:\/\/dralvarez.com.mx\/larevista\/wp-json\/wp\/v2\/posts"}],"about":[{"href":"https:\/\/dralvarez.com.mx\/larevista\/wp-json\/wp\/v2\/types\/post"}],"author":[{"embeddable":true,"href":"https:\/\/dralvarez.com.mx\/larevista\/wp-json\/wp\/v2\/users\/1112"}],"replies":[{"embeddable":true,"href":"https:\/\/dralvarez.com.mx\/larevista\/wp-json\/wp\/v2\/comments?post=19880"}],"version-history":[{"count":1,"href":"https:\/\/dralvarez.com.mx\/larevista\/wp-json\/wp\/v2\/posts\/19880\/revisions"}],"predecessor-version":[{"id":34877,"href":"https:\/\/dralvarez.com.mx\/larevista\/wp-json\/wp\/v2\/posts\/19880\/revisions\/34877"}],"wp:attachment":[{"href":"https:\/\/dralvarez.com.mx\/larevista\/wp-json\/wp\/v2\/media?parent=19880"}],"wp:term":[{"taxonomy":"category","embeddable":true,"href":"https:\/\/dralvarez.com.mx\/larevista\/wp-json\/wp\/v2\/categories?post=19880"},{"taxonomy":"post_tag","embeddable":true,"href":"https:\/\/dralvarez.com.mx\/larevista\/wp-json\/wp\/v2\/tags?post=19880"}],"curies":[{"name":"wp","href":"https:\/\/api.w.org\/{rel}","templated":true}]}}