{"id":19856,"date":"2021-10-23T00:00:00","date_gmt":"2021-10-23T06:00:00","guid":{"rendered":"https:\/\/dralvarez.com.mx\/larevista\/blog\/hoy-o-manana-alguien-intentara-suicidarse-en-yucatan"},"modified":"2024-02-23T11:06:29","modified_gmt":"2024-02-23T17:06:29","slug":"hoy-o-manana-alguien-intentara-suicidarse-en-yucatan","status":"publish","type":"post","link":"https:\/\/dralvarez.com.mx\/larevista\/opiniones\/hoy-o-manana-alguien-intentara-suicidarse-en-yucatan","title":{"rendered":"Hoy o Ma\u00f1ana Alguien Intentar\u00e1 Suicidarse en Yucat\u00e1n"},"content":{"rendered":"<p><b>Por: Jorge Valladares S\u00e1nchez.*<\/b><\/p>\n<p><b>dr.jorge.valladares@gmail.com<\/b><br \/><b>@DrJValladares en Twitter<\/b><br \/><b>@dr.jorge.valladares en Facebook<\/b><br \/><b>Dr. Jorge Valladares en Youtube<\/b><\/p>\n<\/p>\n<p>Mar\u00eda es la hija<br \/>\n\u00fanica de una familia que atraviesa por dificultades econ\u00f3micas. El padre tiene<br \/>\nque cumplir dos trabajos para cubrir los gastos familiares; no pudo terminar<br \/>\nsus estudios, pues \u00e9l y su ahora esposa tuvieron un embarazo no deseado. Por<br \/>\neste motivo tiene m\u00faltiples frustraciones y aprovecha cualquier oportunidad<br \/>\npara ech\u00e1rselo en cara; revela que \u00e9l quer\u00eda que abortaran a Mar\u00eda.<\/p>\n<p>\u00bfPodr\u00edas distinguir si esto es una<br \/>\nhistoria de novela, noticias lejanas o un caso conocido, al que simplemente le<br \/>\ncambiamos el nombre de la chica? \u00bfPuedes bosquejar la trama que viene a<br \/>\ncontinuaci\u00f3n? \u00bfImaginar acaso un final feliz? Sin duda, la configuraci\u00f3n de una<br \/>\nfamilia con estos elementos es algo que reconoces con facilidad y que forma<br \/>\nparte de las realidades de nuestro Yucat\u00e1n y nuestro M\u00e9xico, como seguramente<br \/>\nde muchos otros pa\u00edses.<\/p>\n<p>Gallito es un joven deportista que est\u00e1 en camino hacia<br \/>\nel xito y la fama en el box profesional. Una pelea muy importante que puede<br \/>\ncatapultarlo a sus sue\u00f1os se acerca.<\/p>\n<p>\u00bfQu\u00e9 tal<br \/>\nesta otra historia? \u00bfEs m\u00e1s sencillo aqu\u00ed proyectar un final venturoso? Quiz\u00e1<br \/>\ncon una pelea espectacular en la que luego de vencer mil obst\u00e1culos ve llegar<br \/>\nel resultado por el que tanto se ha esforzado, y la familia y tal vez una chica<br \/>\nenamorada compartiendo con \u00e9l ese gran momento\u2026 Pero veamos:<\/p>\n<p>El desgaste f\u00edsico y la presi\u00f3n del padre, que anhela ver<br \/>\ncumplidos sus propios sue\u00f1os, han llevado a Gallito a consumir drogas que<br \/>\nsiente necesarias para soportar el ritmo. Gallito se siente atrapado y en una<br \/>\nencrucijada que s\u00f3lo puede terminar con el fin de su carrera o con la muerte de<br \/>\nsu padre.<\/p>\n<p>Este<br \/>\ncontexto parece dar un giro al potencial positivo de esta segunda historia \u00bfno?<br \/>\nSin duda tambi\u00e9n puede representar un caso conocido e incluso repetido en situaciones<br \/>\ncercanas o por lo menos en algunas pel\u00edculas cl\u00e1sicas del cine propio y ajeno.<br \/>\nUn poco por la familiaridad de las situaciones de Mar\u00eda y de Gallito y un mucho<br \/>\npor la intensidad que logre la puesta en escena, podr\u00edan ser casos de los que<br \/>\nnos interese saber m\u00e1s, aventurar reacciones, prever finales e incluso tener un<br \/>\npunto de vista.<\/p>\n<p>\u00bfAumenta<br \/>\ntu inter\u00e9s si mezclamos ambas historias en una sola? \u00bfSi al mejor estilo de<br \/>\nGonz\u00e1lez I\u00f1\u00e1rritu, hay un punto en el que ambas historias se cruzan y con ello<br \/>\nlos finales se influencian mutuamente? Puede ser. \u00bfC\u00f3mo convertir esa<br \/>\ncuriosidad o inter\u00e9s en una verdadera involucraci\u00f3n con cada una de estas<br \/>\npersonas? \u00c9l, ella, los pap\u00e1s de cada cual\u2026 Conocer de cerca esas vidas, ser<br \/>\namigo de alguno, incluso vecino, pudiera dar este resultado.<\/p>\n<p>Pero si ocurre<br \/>\nel caso que cualquiera de ellos sea tu familiar, probablemente asegurar\u00edamos la<br \/>\ninvolucraci\u00f3n y a\u00f1adir\u00edamos intensidad de emociones como dolor, tristeza,<br \/>\npresi\u00f3n, frustraci\u00f3n, depresi\u00f3n, angustia, desesperaci\u00f3n, tragedia.<\/p>\n<p>Y si<br \/>\nalguno de nuestros personajes tomara como soluci\u00f3n a la situaci\u00f3n que vive el<br \/>\ncamino de intentar suicidarse y fueras t\u00fa alguien que le ama, sin duda miles de<br \/>\ndudas y auto acusaciones acabar\u00edan de llenar la experiencia. Desde fuera, una<br \/>\nreacci\u00f3n com\u00fan es el juzgar a quien atenta contra su vida o la familia que \u201cno<br \/>\nlo impidi\u00f3\u201d, pero desde dentro, desde casa, desde el afecto, desde la culpa,<br \/>\nviene un descontrol y agobio que s\u00f3lo puede entender quien ha estado all\u00ed, la<br \/>\nmayor de las confusiones e impotencia.<\/p>\n<p>La<br \/>\nOrganizaci\u00f3n Mundial de la Salud informa que cada a\u00f1o en el mundo se suicidan<br \/>\nalrededor de 700,000 personas, siendo la cuarta causa de muerte entre j\u00f3venes<br \/>\nde 15 a 29 a\u00f1os. Por cada suicidio consumado hay muchas tentativas, y de hecho<br \/>\nse establece que un intento es el factor individual de riesgo mayor, para en<br \/>\nuna ocasi\u00f3n posterior lograrlo. Alrededor del 20% de los suicidios se cometen<br \/>\npor autointoxicaci\u00f3n con plaguicidas y otros m\u00e9todos comunes son el<br \/>\nahorcamiento y los disparos con armas de fuego.<\/p>\n<p>La<br \/>\nOrganizaci\u00f3n Panamericana de la Salud plantea al suicidio como un problema de<br \/>\nsalud p\u00fablica importante, pero a menudo descuidado, rodeado de estigmas, mitos<br \/>\ny tab\u00faes. Adem\u00e1s de la persona involucrada, cada suicidio significa una<br \/>\ntragedia de graves efectos para la familia y para la comunidad. En Am\u00e9rica<br \/>\nalrededor del 79% de los suicidios son llevados a cabo por hombres, es la<br \/>\ntercera causa de muerte en personas de 20 a 24 a\u00f1os y las tasas de suicidio m\u00e1s<br \/>\naltas est\u00e1n entre personas de 45 a 59 a\u00f1os. El 91% de todos los suicidios de la<br \/>\nRegi\u00f3n son realizados en orden de importancia por v\u00eda de asfixia, armas de<br \/>\nfuego, intoxicaci\u00f3n con drogas y alcohol y envenenamiento con plaguicidas.<\/p>\n<p>El tema<br \/>\ncentral en la prevenci\u00f3n de las conductas suicidas es la identificaci\u00f3n de los<br \/>\nllamados factores de riesgo y factores de protecci\u00f3n. Entre los primeros<br \/>\nfuncionan de manera acumulativa una serie de elementos sist\u00e9micos y sociales<br \/>\npara aumentar la vulnerabilidad, que interact\u00faan con variables familiares y<br \/>\ncondiciones psicol\u00f3gicas. Entre los factores protectores m\u00e1s relevantes est\u00e1n<br \/>\nlas relaciones personales s\u00f3lidas, las creencias espirituales y las estrategias<br \/>\nde afrontamiento y pr\u00e1cticas de bienestar positivas.<\/p>\n<p>En<br \/>\nnuestro Yucat\u00e1n existe una larga historia de an\u00e1lisis vinculadas a la alta<br \/>\nfrecuencia con la que consuman suicidios, en especial por j\u00f3venes de nuestra tierra.<br \/>\nUno de los especialistas m\u00e1s destacados e involucrados, Gaspar Baquedano L\u00f3pez,<br \/>\nen entrevista plantea que las autoridades no han atendido de manera sistem\u00e1tica<br \/>\nel problema, que adem\u00e1s requiere focalizar acciones en las cuadras y colonias<br \/>\ndonde se est\u00e1 suicidando m\u00e1s gente. Destaca adem\u00e1s que al mes de agosto ya<br \/>\nhab\u00edan ocurrido 214 suicidios, cifra alta comparada con el a\u00f1o anterior en que<br \/>\nocurrieron 243. Afirma que es necesario dejar de ver al suicidio s\u00f3lo en su<br \/>\narista de salud mental, pues muchos factores comunitarios interact\u00faan y<br \/>\nrepresentan, en su versi\u00f3n positiva, el mejor potencial de apoyo para las<br \/>\npersonas que viven esta problem\u00e1tica.<\/p>\n<p>Dicho en<br \/>\nuna frase, tenemos que decidir si lo vemos como pel\u00edcula, como noticia, como<br \/>\nchisme, como cosa ajena, como tema de salud mental, como problema social, o<br \/>\ncomo una situaci\u00f3n humana y cercana con la que tenemos que involucrarnos.<\/p>\n<p>Pinz\u00f3n<br \/>\nMusic, Compa\u00f1\u00eda de Teatro, ha optado por la \u00faltima opci\u00f3n y activado un elenco<br \/>\n100% yucateco, para una puesta en escena con actuaciones de muy alta calidad y<br \/>\ncon m\u00fasica en vivo. Rodrigo Pinz\u00f3n ha dirigido esta experiencia de vida en<br \/>\ndistintos estados de la Rep\u00fablica y por quinta vez en nuestra M\u00e9rida los d\u00edas<br \/>\n6, 13, 20 y 27 de noviembre de este a\u00f1o, bajo el t\u00edtulo de LA \u00daLTIMA CARTA.<\/p>\n<p><b>Las historias de Mar\u00eda y Gallito se entrelazan:<\/b><\/p>\n<p>A trav\u00e9s de una carta lleg\u00f3 una luz de esperanza que<br \/>\npuede cambiar el rumbo de sus vidas.<\/p>\n<p>Artistas<br \/>\nconvertidos en los personajes de estas vidas con las que har\u00edamos bien en<br \/>\ninvolucrarnos, o por lo menos entender, apuestan a tocar TOCAR TU CORAZ\u00d3N, como<br \/>\nha sucedido ya con 45,000 personas que la han presenciado. Son Abraham<br \/>\nSoloveichik, Andrea Ca\u00f1edo, Jorge Valladares, Melissa Gonz\u00e1lez, Javier Alcal\u00e1,<br \/>\nMunir Eljure, Roberto Pacheco, Olga Trucios, Mercedes Hern\u00e1ndez, Aeda P\u00e9rez,<br \/>\nAndrea V\u00e1zquez, Manuel Salas, y en participaci\u00f3n especial Natalia Sosa,<br \/>\nganadora el OTI y maravillosa actriz de m\u00e1s de 18 obras musicales nacionales.<\/p>\n<p>Es com\u00fan<br \/>\nescuchar que familiares de personas que intentan o logran suicidarse mencionen<br \/>\nque nunca se imaginaron, en especial las m\u00e1s distantes, pero incluso en<br \/>\nocasiones las cercanas. Y la pregunta es \u00bfestaban realmente involucrados y<br \/>\ncercanos como para percibir las se\u00f1ales? Es probable que s\u00ed, y a\u00fan con ello no<br \/>\nse percataran; como hay casos que no. Muy importante reiterar que un suicidio<br \/>\nconsumado suele estar precedido de un intento fallido.<\/p>\n<p>No se<br \/>\ntrata pues, de a\u00f1adir cuestionamientos hacia las personas que lamentablemente<br \/>\nhan tenido en casa o en su coraz\u00f3n esta situaci\u00f3n, sino de reiterar que es la<br \/>\nfamilia y la gente cercana nuestro mejor potencial para ser personas plenas y<br \/>\npara resolver los problemas m\u00e1s graves que podamos enfrentar, la depresi\u00f3n y el<br \/>\nsuicidio incluidos.<\/p>\n<p>Cada<br \/>\nintegrante de la familia tiene a su alcance formas naturales de fortalecer al<br \/>\ngrupo y a cada persona, independientemente de que est\u00e9 en riesgo o no, el amor,<br \/>\nla uni\u00f3n, la vinculaci\u00f3n estable, son riquezas que a toda persona nutren y<br \/>\nprotegen. No esperemos se\u00f1ales, ni mucho menos la cercan\u00eda de un caso, hagamos<br \/>\nhoy lo que sabemos que podemos hacer en casa: estar m\u00e1s pendientes, apoyarnos,<br \/>\navivar la autoestima mutua, darnos tiempo e intimidad para lo positivo y lo<br \/>\ndif\u00edcil.<\/p>\n<p>Tengo de<br \/>\nhace mucho el orgullo por su talento y su dedicaci\u00f3n, pero ver a mi hijo como<br \/>\nactor de esta puesta, ha exaltado mis sentimientos y mi forma de valorar que haya<br \/>\nencontrado en el arte su forma de vivir, y con ello la forma de involucrarse en<br \/>\nla vida de otras personas. Est\u00e1 por dem\u00e1s, pero digo que espero con ansias<br \/>\nverlo en escena y captarlo en esa nueva grandeza de humanidad.<\/p>\n<p>Acudir a<br \/>\nconocer la historia de Mar\u00eda y Gallito es buena idea. La emotividad que se<br \/>\nencargar\u00e1 de estimular esta talentosa Compa\u00f1\u00eda sin duda alertar\u00e1 nuestra<br \/>\nconciencia y reavivar\u00e1 acciones que por supuesto tenemos a mano, pero a veces<br \/>\nla rutina y circunstancias nos permiten descuidar. Y mejor idea ir con seres<br \/>\namados, y luego conversar, de lo que vieron, lo que sintieron, de la vida, de<br \/>\nlos sue\u00f1os, de los obst\u00e1culos, de la belleza de estar juntos hoy.<\/p>\n<p>Nos vemos<br \/>\nall\u00ed, o conversemos en estos espacios, pero tomemos una decisi\u00f3n sobre la<br \/>\nimportancia que queremos darle a la vida de otras personas, mientras est\u00e1n aqu\u00ed.<\/p>\n<p>&#8212;&#8212;&#8212;&#8212;&#8212;&#8212;&#8212;&#8212;&#8212;&#8212;&#8212;&#8212;&#8212;&#8212;&#8212;-<\/p>\n<p><b>*Jorge<br \/>\nValladares S\u00e1nchez<\/b><br \/>Pap\u00e1, Ciudadano,<br \/>\nConsultor.<br \/>Doctor en Ciencias<br \/>\nSociales.<br \/>Doctor en Derechos<br \/>\nHumanos.<br \/>Coordinador<br \/>\nNacional de la Red C\u00edvica Mx, A.C.<br \/>Especialista en Psicolog\u00eda<br \/>\ny Licenciado en Derecho.<\/p><\/p>\n","protected":false},"excerpt":{"rendered":"<p>\u00bfQU\u00c9 ESTAMOS HACIENDO?<\/p>\n","protected":false},"author":1112,"featured_media":34854,"comment_status":"open","ping_status":"open","sticky":false,"template":"","format":"standard","meta":{"tdm_status":"","tdm_grid_status":"","footnotes":""},"categories":[25],"tags":[],"_links":{"self":[{"href":"https:\/\/dralvarez.com.mx\/larevista\/wp-json\/wp\/v2\/posts\/19856"}],"collection":[{"href":"https:\/\/dralvarez.com.mx\/larevista\/wp-json\/wp\/v2\/posts"}],"about":[{"href":"https:\/\/dralvarez.com.mx\/larevista\/wp-json\/wp\/v2\/types\/post"}],"author":[{"embeddable":true,"href":"https:\/\/dralvarez.com.mx\/larevista\/wp-json\/wp\/v2\/users\/1112"}],"replies":[{"embeddable":true,"href":"https:\/\/dralvarez.com.mx\/larevista\/wp-json\/wp\/v2\/comments?post=19856"}],"version-history":[{"count":1,"href":"https:\/\/dralvarez.com.mx\/larevista\/wp-json\/wp\/v2\/posts\/19856\/revisions"}],"predecessor-version":[{"id":34853,"href":"https:\/\/dralvarez.com.mx\/larevista\/wp-json\/wp\/v2\/posts\/19856\/revisions\/34853"}],"wp:featuredmedia":[{"embeddable":true,"href":"https:\/\/dralvarez.com.mx\/larevista\/wp-json\/wp\/v2\/media\/34854"}],"wp:attachment":[{"href":"https:\/\/dralvarez.com.mx\/larevista\/wp-json\/wp\/v2\/media?parent=19856"}],"wp:term":[{"taxonomy":"category","embeddable":true,"href":"https:\/\/dralvarez.com.mx\/larevista\/wp-json\/wp\/v2\/categories?post=19856"},{"taxonomy":"post_tag","embeddable":true,"href":"https:\/\/dralvarez.com.mx\/larevista\/wp-json\/wp\/v2\/tags?post=19856"}],"curies":[{"name":"wp","href":"https:\/\/api.w.org\/{rel}","templated":true}]}}