{"id":19854,"date":"2021-10-23T00:00:00","date_gmt":"2021-10-23T06:00:00","guid":{"rendered":"https:\/\/dralvarez.com.mx\/larevista\/blog\/prd-2"},"modified":"2024-02-23T11:06:27","modified_gmt":"2024-02-23T17:06:27","slug":"prd-2","status":"publish","type":"post","link":"https:\/\/dralvarez.com.mx\/larevista\/opiniones\/prd-2","title":{"rendered":"PRD"},"content":{"rendered":"<p><b>Se comenta solo con&#8230;, por: Carlos Ramos Padilla.<\/b><\/p>\n<p><b><\/p>\n<p>Correo: car260857@hotmail.com<\/b><\/p>\n<p><b>@cramospadilla<\/b><\/p>\n<\/p>\n<p>Es hoy tiempo de ajustes, de acomodos y de posiciones.<br \/>\nPronto estaremos en cambio de gobierno federal. A amlo le quedan dos a\u00f1os, el<br \/>\ntercero ya es de campa\u00f1as y candidatos. Frente a un gobierno de ocurrencias,<br \/>\ndesatinos, corrupci\u00f3n (un ejemplo P\u00edo L\u00f3pez Obrador) y de impunidad ( un<br \/>\nejemplo, Emilio Lozoya en el Hunan) las voces reclamantes piden equilibrios y es<br \/>\nentonces que el PRD asoma la cabeza y habla de refundaci\u00f3n.<\/p>\n<p>Jes\u00fas Mart\u00ednez es enf\u00e1tico, serio, directo<br \/>\n\u201cTransformamos al PRD bajo la premisa de que el pa\u00eds requiere una fuerza de<br \/>\nizquierda democr\u00e1tica. Una izquierda Social Dem\u00f3crata que impulse y logre el<br \/>\nbienestar de la gente sin cancelar libertades. y por lo tanto, confrontaremos<br \/>\nal gobierno de L\u00f3pez Obrador, porque somos una oposici\u00f3n que no comparte la<br \/>\nmilitarizaci\u00f3n del pa\u00eds; la estatizaci\u00f3n de la econom\u00eda y del conjunto de la<br \/>\nvida social; que rechaza que el gobierno violente la constituci\u00f3n y la leyes,<br \/>\nque act\u00fae conforme a los deseos y caprichos del presidente. Nos oponemos al<br \/>\ngobierno de uno solo y combatimos que se pretenda someter al poder judicial y<br \/>\nal Congreso de la Uni\u00f3n\u201d, as\u00ed la contundencia pero adem\u00e1s proponen a un PRD que<br \/>\nde vigencia de los derechos humanos. \u201c<\/p>\n<p>Entendemos, afirma Jes\u00fas Ortega, que sin crecimiento<br \/>\necon\u00f3mico suficiente no habr\u00e1 empleos, y sin empleos dignos y justamente<br \/>\nremunerados no se podr\u00e1 combatir a la pobreza. Los programas asistenciales s\u00f3lo<br \/>\ngarantizan clientela electoral para el gobierno. La pobreza no se combate con<br \/>\nlimosnas, con conmiseraci\u00f3n del gobierno; se combate de manera verdadera con<br \/>\ninversi\u00f3n productiva, con empleos dignos y bien pagados y con una seguridad social<br \/>\nuniversal (salud y educaci\u00f3n de calidad, seguro de desempleo, pensi\u00f3n digna)\u201d.<\/p>\n<p>E Insisten los perredistas en qu\u00e9 hay que crear un<br \/>\nambiente de convivencia civilizada en M\u00e9xico para alentar las inversiones<br \/>\nprivadas nacionales y extranjeras, respetando, ojo, la propiedad privada<br \/>\nleg\u00edtimamente obtenida y lo mismo con el patrimonio familiar. Y Ortega se mete<br \/>\nen un tema vigente y pol\u00e9mico \u201csin la ciencia el pa\u00eds est\u00e1 condenado al atraso.<\/p>\n<p>Proponen que el desarrollo cient\u00edfico sea sin<br \/>\ncortapizas y al mismo tiempo la creaci\u00f3n art\u00edstica y cultural. En pocas<br \/>\npalabras el PRD, los amarillos, aseguran que son una oposici\u00f3n sin concesiones<br \/>\nal conservadurismo reaccionario de L\u00f3pez Obrador. \u201cNos oponemos a su r\u00e9gimen<br \/>\nautoritario y al desastre de su pol\u00edtica de seguridad y a su proyecto<br \/>\necon\u00f3mico. Su propuesta de reforma el\u00e9ctrica es estatista pero adem\u00e1s ineficaz<br \/>\npara garantizar para todas y todos los mexicanos el acceso a la electricidad<br \/>\ncomo un derecho humano\u201d insiste Jes\u00fas Ortega.<\/p>\n<p>El PRD tiene un par de retos hist\u00f3ricos, mantener el<br \/>\nregistro y presentar a un candidato digno, cre\u00edble y decente para las<br \/>\nelecciones federales si es que no decide sumarse a una alianza opositora con el<br \/>\nPRI y el PAN. Eso, entre otras cosas, considerar\u00eda la desaparici\u00f3n, muy<br \/>\nprobable de los verdes, que necesitan colgarse y venderse a alguien para<br \/>\nsobrevivir. Amlo pretende con la Reforma El\u00e9ctrica romper las alianzas y el<br \/>\npartido que m\u00e1s ha resentido la traici\u00f3n de amlo es sin duda el PRD; amlo<br \/>\nrecibi\u00f3 la confianza de la izquierda aun cuando su adn es priista.<\/p>\n<p>Fue patrocinado, promovido, tolerado y en su figura se<br \/>\napost\u00f3 cargos de elecci\u00f3n popular que le gan\u00f3 cumplir s\u00f3lo sus intereses y<br \/>\nambiciones dando la espalda a todos, incluyendo a C\u00e1rdenas, a Mu\u00f1oz Ledo, a<br \/>\nJes\u00fas Zambrano, al mismo Jes\u00fas Ortega y hasta meti\u00f3 a la c\u00e1rcel a Rosario<br \/>\nRobles. En la traici\u00f3n abierta amlo ha protegido a Bartlett, a Ebrard, a Durazo<br \/>\ny otro pu\u00f1ado de personajes que en su tiempo, como a Quirino Ordaz y a Alfonso<br \/>\nRomo calific\u00f3 de \u201ccorruptos\u201d. El PRD sabe que amlo tiene como incondicional a<br \/>\nla activista Sheinbaum dispuesta siempre a servir a \u201cAndr\u00e9s\u201d. El PRD est\u00e1<br \/>\nsujet\u00e1ndose a una tableta que flota en un mar embravecido.<\/p>\n<p>Tiene la obligaci\u00f3n de exhibir a Amlo y desmantelar<br \/>\nsus prop\u00f3sitos no \u00fanicamente populistas sino inclinados a un comunismo que<br \/>\natenta contra las libertades incluyendo la de expresi\u00f3n, manifestaci\u00f3n y<br \/>\npropiedad privada. Creer hoy en el PRD s\u00f3lo ser\u00e1 posible si reconocen sus<br \/>\nerrores pero m\u00e1s a\u00fan, si hablan con verdad y entereza de qui\u00e9n es y ha sido el<br \/>\ntabasque\u00f1o, de no ser as\u00ed, los van a aplastar y que le pregunten a Porfirio, no<br \/>\nD\u00edaz, sino Mu\u00f1oz Ledo.<\/p>\n<p>&#8212;&#8212;&#8212;&#8212;&#8212;&#8212;&#8212;&#8212;&#8212;&#8212;&#8211;<\/p>\n<p><b><small>*Conductor<br \/>\ndel programa VaEnSerio mexiquensetv canal 34.2<\/small><\/b><\/p><\/p>\n","protected":false},"excerpt":{"rendered":"<p>Se comenta solo con&#8230;<\/p>\n","protected":false},"author":1168,"featured_media":0,"comment_status":"open","ping_status":"open","sticky":false,"template":"","format":"standard","meta":{"tdm_status":"","tdm_grid_status":"","footnotes":""},"categories":[25],"tags":[],"_links":{"self":[{"href":"https:\/\/dralvarez.com.mx\/larevista\/wp-json\/wp\/v2\/posts\/19854"}],"collection":[{"href":"https:\/\/dralvarez.com.mx\/larevista\/wp-json\/wp\/v2\/posts"}],"about":[{"href":"https:\/\/dralvarez.com.mx\/larevista\/wp-json\/wp\/v2\/types\/post"}],"author":[{"embeddable":true,"href":"https:\/\/dralvarez.com.mx\/larevista\/wp-json\/wp\/v2\/users\/1168"}],"replies":[{"embeddable":true,"href":"https:\/\/dralvarez.com.mx\/larevista\/wp-json\/wp\/v2\/comments?post=19854"}],"version-history":[{"count":1,"href":"https:\/\/dralvarez.com.mx\/larevista\/wp-json\/wp\/v2\/posts\/19854\/revisions"}],"predecessor-version":[{"id":34852,"href":"https:\/\/dralvarez.com.mx\/larevista\/wp-json\/wp\/v2\/posts\/19854\/revisions\/34852"}],"wp:attachment":[{"href":"https:\/\/dralvarez.com.mx\/larevista\/wp-json\/wp\/v2\/media?parent=19854"}],"wp:term":[{"taxonomy":"category","embeddable":true,"href":"https:\/\/dralvarez.com.mx\/larevista\/wp-json\/wp\/v2\/categories?post=19854"},{"taxonomy":"post_tag","embeddable":true,"href":"https:\/\/dralvarez.com.mx\/larevista\/wp-json\/wp\/v2\/tags?post=19854"}],"curies":[{"name":"wp","href":"https:\/\/api.w.org\/{rel}","templated":true}]}}