{"id":19852,"date":"2021-10-23T00:00:00","date_gmt":"2021-10-23T06:00:00","guid":{"rendered":"https:\/\/dralvarez.com.mx\/larevista\/blog\/enfrentamiento-entre-trabajadores-y-elementos-de-seguridad-publica-en-refineria-de-dos-bocas"},"modified":"2024-02-23T11:06:25","modified_gmt":"2024-02-23T17:06:25","slug":"enfrentamiento-entre-trabajadores-y-elementos-de-seguridad-publica-en-refineria-de-dos-bocas","status":"publish","type":"post","link":"https:\/\/dralvarez.com.mx\/larevista\/opiniones\/enfrentamiento-entre-trabajadores-y-elementos-de-seguridad-publica-en-refineria-de-dos-bocas","title":{"rendered":"Enfrentamiento entre trabajadores y elementos de seguridad p\u00fablica en refiner\u00eda de Dos Bocas"},"content":{"rendered":"<p><b><i>Contacto con la Pol\u00edtica Nacional<\/i>, por: Baltasar Barbolla.<\/b><\/p>\n<\/p>\n<p><b>CDMX.- <\/b>Cuando escuch\u00e9 que elementos de la Secretar\u00eda<br \/>\nde Marina (Semar) y de la Secretar\u00eda de Seguridad y Protecci\u00f3n Ciudadana (SSPC)<br \/>\nse movilizaron para resguardar la refiner\u00eda tras el anuncio del paro de<br \/>\nlabores, me imagin\u00e9 que probablemente habr\u00eda alg\u00fan tipo de enfrentamiento.<br \/>\n\u2013dijo la empresaria con respecto a la represi\u00f3n llevada a cabo en la refiner\u00eda<br \/>\nde Dos Bocas, y as\u00ed inici\u00f3 nuestra tradicional pl\u00e1tica semanal- Al final, fueron<br \/>\nelementos de la polic\u00eda estatal quienes reprimieron a los m\u00e1s de 5 mil<br \/>\ntrabajadores inconformes en un enfrentamiento en el cual, seg\u00fan los videos que<br \/>\ntrascendieron, hubo uso excesivo de fuerza por parte de la autoridad.  <\/p>\n<p>-Los trabajadores inconformes anunciaron el paro el 12<br \/>\nde octubre, un d\u00eda antes de la represi\u00f3n, con la intenci\u00f3n de retomar labores<br \/>\nhasta que se cumplieran sus exigencias. Entre lo que estos demandaron, figur\u00f3<br \/>\nun aumento salarial, pago de horas extras y transporte para personal. Tambi\u00e9n<br \/>\npidieron que se les brindara equipo de protecci\u00f3n, uniformes y herramientas<br \/>\nadecuadas para desempe\u00f1ar su trabajo. \u2013inform\u00f3 la periodista- El tema de los<br \/>\nalimentos igual fue una prioridad ya que exigieron mejores comedores, comida<br \/>\nsuficiente para todo el personal y m\u00e1s tiempo para comer.  <\/p>\n<p>-Seg\u00fan reclamaron los trabajadores de Dos Bocas,<br \/>\nsufren malos tratos y explotaci\u00f3n laboral por parte de sus empleadores, la<br \/>\nempresa ICA Fluor, pues son obligados a trabajar 10 horas y \u00fanicamente reciben<br \/>\n$3,700.00 semanales. \u2013intervino el pol\u00edtico<\/p>\n<p>-No es la primera vez que se suspenden labores en la<br \/>\nrefiner\u00eda de Dos Bocas por inconformidades de este tipo; es la tercera de<br \/>\nhecho. \u2013record\u00f3 el editorialista- El \u00faltimo paro ocurri\u00f3 en febrero, dur\u00f3 4<br \/>\nd\u00edas y fue organizado por la misma planilla de trabajadores que realiz\u00f3 el de<br \/>\nesta semana. En ese entonces, los trabajadores exigieron pr\u00e1cticamente lo mismo<br \/>\nque ahora y la empresa ICA Fluor se comprometi\u00f3 a aumentar salarios, garantizar<br \/>\nseguros m\u00e9dicos, brindar los instrumentos necesarios para el desempe\u00f1o de las<br \/>\nlabores, mejorar comedores y ba\u00f1os, proveer agua potable y establecer horarios<br \/>\nadecuados para comer e hidratarse, entre otras cosas.<\/p>\n<p>-Dado que los trabajadores volvieron a recurrir al<br \/>\nparo de labores, parece ser que ICA Fluor no sostuvo sus compromisos. \u2013observ\u00f3<br \/>\nel escritor<\/p>\n<p>-Esa impresi\u00f3n da. \u2013asinti\u00f3 la empresaria- Ahora bien,<br \/>\nel enfrentamiento entre civiles y elementos de seguridad p\u00fablica ocurri\u00f3 en la<br \/>\nma\u00f1ana del mi\u00e9rcoles 13 de octubre a las afueras de la refiner\u00eda Dos Bocas.<br \/>\nDespu\u00e9s de que se les impidiera el acceso a las instalaciones, los m\u00e1s de 5 mil<br \/>\ntrabajadores inconformes se manifestaron en la entrada hasta que fueron<br \/>\ndispersados por la polic\u00eda estatal con gases lacrim\u00f3genos y balas de perdigones<br \/>\no goma. El saldo fue de 3 detenidos y al menos 10 heridos; los disturbios se<br \/>\ncontrolaron hasta el mediod\u00eda.<\/p>\n<p>-En medios nacionales y redes sociales se difundieron<br \/>\nvideos del enfrentamiento y ah\u00ed se pudo constatar que las autoridades<br \/>\nejercieron un excesivo uso de la fuerza. \u2013comparti\u00f3 el editorialista- De estos<br \/>\nvideos, el que m\u00e1s me impact\u00f3 fue el que muestra a un hombre herido en el<br \/>\nrostro, presuntamente por una bala de perdig\u00f3n o goma, quien, entre gritos y<br \/>\nllantos, se\u00f1ala haber perdido el ojo. Las im\u00e1genes me recordaron a los cientos<br \/>\nde manifestantes chilenos que fueron cegados con balas de perdig\u00f3n o goma por<br \/>\nlas autoridades de su pa\u00eds durante las manifestaciones del 2019.<\/p>\n<p>-Desgraciadamente, los casos de manifestantes cegados<br \/>\npor este tipo de municiones son recurrentes en Am\u00e9rica Latina, siendo ejemplos<br \/>\nnotables Chile, Colombia y Venezuela. \u2013lament\u00f3 el pol\u00edtico- Esperemos lo<br \/>\nocurrido en Dos Bocas sirva para erradicar por completo esta pr\u00e1ctica de los<br \/>\nprotocolos de actuaci\u00f3n de nuestros elementos de seguridad, aunque no parece<br \/>\nmuy probable pues las autoridades mexicanas han optado por minimizar el<br \/>\nenfrentamiento.<\/p>\n<p>-As\u00ed es, amigo pol\u00edtico. \u2013se\u00f1al\u00f3 la jurisconsulta- El<br \/>\npresidente <b>Andr\u00e9s Manuel L\u00f3pez Obrador<\/b><br \/>\nrechaz\u00f3 las demandas de los trabajadores inconformes y asegur\u00f3 que estos<br \/>\nreciben salarios justos y todas sus prestaciones. Nuestro mandatario tambi\u00e9n<br \/>\nexplic\u00f3 que este paro parcial y moment\u00e1neo fue ocasionado por una disputa entre<br \/>\nsindicatos que compiten por la titularidad del contrato colectivo con ICA<br \/>\nFluor, entonces no era un asunto trascendental.<\/p>\n<p>-El vocero de la Presidencia de la Rep\u00fablica, <b>Jes\u00fas Ram\u00edrez<\/b>, complement\u00f3 la postura<br \/>\ndel presidente L\u00f3pez Obrador despu\u00e9s de que se controlaran los disturbios en<br \/>\nDos Bocas. Ram\u00edrez comparti\u00f3 ante la prensa que, si bien era necesario conocer<br \/>\nlas causas del enfrentamiento, el gobierno federal rechazaba la represi\u00f3n y<br \/>\ncualquier uso de fuerza p\u00fablica en contra de civiles. El vocero presidencial<br \/>\ntambi\u00e9n afirm\u00f3 que el gobierno federal no provoc\u00f3 la confrontaci\u00f3n e insisti\u00f3<br \/>\nen que era un asunto interno de ICA Fluor pues el conflicto es entre la empresa<br \/>\ny sus trabajadores. \u2013coment\u00f3 el analista<\/p>\n<p>-La secretaria de Energ\u00eda, <b>Roc\u00edo Nahle<\/b>, mostr\u00f3 estar en sinton\u00eda con lo dicho por el<br \/>\npresidente pues minimiz\u00f3 lo ocurrido al decir que los disturbios fueron<br \/>\nocasionados por un peque\u00f1o grupo de entre 10 y 12 individuos quienes ten\u00edan<br \/>\ndiferencias con el sindicato y advirti\u00f3 que no se pondr\u00eda en riesgo un proyecto<br \/>\ntan importante por ellos. Igualmente, explic\u00f3 que fue necesario replegar a los<br \/>\ntrabajadores inconformes pues, al no permitirles el acceso a la refiner\u00eda<br \/>\ndurante la ma\u00f1ana del mi\u00e9rcoles, comenzaron a manifestarse y tirar piedras en<br \/>\nla entrada de las instalaciones.<\/p>\n<p>-A pesar de los contundentes videos que mostraban la<br \/>\nrepresi\u00f3n ejercida en Dos Bocas por parte de las autoridades, la titular de la<br \/>\nSecretar\u00eda de Energ\u00eda (Sener) indic\u00f3 que no hubo heridos de gravedad. Asimismo,<br \/>\nsostuvo que s\u00ed se le ha pagado de forma justa a los trabajadores y que estos<br \/>\ncuentan con instalaciones adecuadas para comer. Finalmente, comparti\u00f3 que los<br \/>\nconflictos se solucionaron el mismo mi\u00e9rcoles y ya se retomaron labores con normalidad.<br \/>\n\u2013a\u00f1adi\u00f3 el escritor<\/p>\n<p>-Por su parte, ICA Fluor public\u00f3 un comunicado en el<br \/>\ncual se\u00f1al\u00f3 que el enfrentamiento fue ocasionado por gente no identificada en<br \/>\nel contrato colectivo de trabajo dispuesto para la construcci\u00f3n de la<br \/>\nrefiner\u00eda. En el comunicado, la empresa tambi\u00e9n asegur\u00f3 cumplir con sus<br \/>\nobligaciones patronales, salariales, de seguridad y prestaciones de ley.<br \/>\n\u2013expuso la periodista<\/p>\n<p>-Es verdad lo que dice el gobierno federal respecto a<br \/>\nlos conflictos sindicales pues ha trascendido que trabajadores decidieron<br \/>\nenfrentar a l\u00edderes gremiales por el supuesto cobro de altas sumas de dinero<br \/>\npara llevar a cabo procesos de contrataci\u00f3n y recontrataci\u00f3n; incluso se<br \/>\nrecurri\u00f3 a pedir la intervenci\u00f3n de autoridades para evitar que esto se tornara<br \/>\nviolento. Sin embargo, decir que el paro del martes fue ocasionado por un<br \/>\npeque\u00f1o grupo de inconformes es incorrecto ya que m\u00e1s de 5 mil trabajadores<br \/>\ncoincidieron en manifestarse por malas condiciones laborales. \u2013reflexion\u00f3 la<br \/>\nempresaria- Es improbable que un grupo reducido de personas con intereses<br \/>\nsindicales convoque a miles de trabajadores a un paro de labores;<br \/>\nnecesariamente debe existir una inconformidad generalizada en contra de ICA<br \/>\nFluor.<\/p>\n<p>-Seg\u00fan lo prometido por el presidente Andr\u00e9s Manuel,<br \/>\nla refiner\u00eda de Dos Bocas debe estar lista para julio del 2022, meta complicada<br \/>\nsi se siguen dando estos paros laborales. Es m\u00e1s, estas manifestaciones y paros<br \/>\npueden interpretarse como una muestra de que ya no hay dinero ni tiempo<br \/>\nsuficiente para entregar el proyecto como fue presentado pues, a fin de<br \/>\ncuentas, los trabajadores se quejan de que son obligados a trabajar horas<br \/>\nextras sin una remuneraci\u00f3n justa. \u2013concluy\u00f3 el pol\u00edtico- Esperemos que por lo<br \/>\nmenos el gobierno federal cambie su postura con respecto a las demandas de los<br \/>\ntrabajadores pues eso ayudar\u00eda a que se haga justicia por quienes fueron v\u00edctimas<br \/>\nde represi\u00f3n el mi\u00e9rcoles.<\/p><\/p>\n","protected":false},"excerpt":{"rendered":"<p>Contacto con la Pol\u00edtica Nacional.<\/p>\n","protected":false},"author":1114,"featured_media":34851,"comment_status":"open","ping_status":"open","sticky":false,"template":"","format":"standard","meta":{"tdm_status":"","tdm_grid_status":"","footnotes":""},"categories":[25],"tags":[],"_links":{"self":[{"href":"https:\/\/dralvarez.com.mx\/larevista\/wp-json\/wp\/v2\/posts\/19852"}],"collection":[{"href":"https:\/\/dralvarez.com.mx\/larevista\/wp-json\/wp\/v2\/posts"}],"about":[{"href":"https:\/\/dralvarez.com.mx\/larevista\/wp-json\/wp\/v2\/types\/post"}],"author":[{"embeddable":true,"href":"https:\/\/dralvarez.com.mx\/larevista\/wp-json\/wp\/v2\/users\/1114"}],"replies":[{"embeddable":true,"href":"https:\/\/dralvarez.com.mx\/larevista\/wp-json\/wp\/v2\/comments?post=19852"}],"version-history":[{"count":1,"href":"https:\/\/dralvarez.com.mx\/larevista\/wp-json\/wp\/v2\/posts\/19852\/revisions"}],"predecessor-version":[{"id":34850,"href":"https:\/\/dralvarez.com.mx\/larevista\/wp-json\/wp\/v2\/posts\/19852\/revisions\/34850"}],"wp:featuredmedia":[{"embeddable":true,"href":"https:\/\/dralvarez.com.mx\/larevista\/wp-json\/wp\/v2\/media\/34851"}],"wp:attachment":[{"href":"https:\/\/dralvarez.com.mx\/larevista\/wp-json\/wp\/v2\/media?parent=19852"}],"wp:term":[{"taxonomy":"category","embeddable":true,"href":"https:\/\/dralvarez.com.mx\/larevista\/wp-json\/wp\/v2\/categories?post=19852"},{"taxonomy":"post_tag","embeddable":true,"href":"https:\/\/dralvarez.com.mx\/larevista\/wp-json\/wp\/v2\/tags?post=19852"}],"curies":[{"name":"wp","href":"https:\/\/api.w.org\/{rel}","templated":true}]}}