{"id":19776,"date":"2021-10-09T00:00:00","date_gmt":"2021-10-09T06:00:00","guid":{"rendered":"https:\/\/dralvarez.com.mx\/larevista\/blog\/la-reforma-energetica-el-gran-anzuelo"},"modified":"2024-02-23T11:02:37","modified_gmt":"2024-02-23T17:02:37","slug":"la-reforma-energetica-el-gran-anzuelo","status":"publish","type":"post","link":"https:\/\/dralvarez.com.mx\/larevista\/opiniones\/la-reforma-energetica-el-gran-anzuelo","title":{"rendered":"La Reforma Energ\u00e9tica \u00bfel gran anzuelo?"},"content":{"rendered":"<p><b>Por: Marco Antonio Cortez Navarrete.<\/b><\/p>\n<p>En la semana que concluye, en las conferencias ma\u00f1aneras, el presidente L\u00f3pez Obrador no dej\u00f3 de abordar el tema relativo a la iniciativa que envi\u00f3 su gobierno a la C\u00e1mara de Diputados para la Reforma Energ\u00e9tica, tocando de manera espec\u00edfica y reiterativa, el tema de la Comisi\u00f3n Federal de Electricidad (CFE).<\/p>\n<p>Concretamente, el jefe del ejecutivo nacional dijo una y otra vez que el prop\u00f3sito es que la energ\u00eda el\u00e9ctrica sea, en un 56 por ciento propiedad del Estado Mexicano, y en un 44 por ciento concesionado al sector privado, entiendo, nacional e internacional.<\/p>\n<p>Lo anterior, desat\u00f3 una serie de an\u00e1lisis, comentarios, discusiones, cr\u00edticas y, por qu\u00e9 no, algunos elogios, especialmente de quienes est\u00e1n de acuerdo con los proyectos e ideales de quien hoy ostenta la responsabilidad de ejercer el poder ejecutivo federal y que, recordemos, est\u00e1 ya a poco m\u00e1s de la mitad de su gesti\u00f3n, jurando una y otra vez que al t\u00e9rmino de su mandato se ir\u00e1 al rancho dejando atr\u00e1s todo contacto, es m\u00e1s, no tendr\u00e1 ni celular disponible.<\/p>\n<p>En este sentido y de manera muy inteligente el presidente de M\u00e9xico dijo tambi\u00e9n esta misma semana, que las reformas son &#8220;una gran oportunidad para los legisladores priistas, y desde luego para el partido tricolor que anda a una nada de un paro cardiaco donde, los que saben, aseguran que ya no se volver\u00eda a poner en pie.<\/p>\n<p>La tentaci\u00f3n de AMLO al PRI se escuch\u00f3 en ciertos sectores &#8220;atractiva&#8221;, pero&#8230;pero&#8230;\u00bfes esto lo que M\u00e9xico y los mexicanos necesitan?, hablo desde luego de la reforma energ\u00e9tica. \u00bfSeguir dependiendo de recursos f\u00f3siles y dejar de lado o minimizar a las energ\u00edas limpias o tambi\u00e9n denominadas renovables, espec\u00edficamente la e\u00f3lica y la solar, tomando en consideraci\u00f3n que M\u00e9xico tiene extensas zonas geogr\u00e1ficas atractivas para la explotaci\u00f3n de estos recursos.<\/p>\n<p>En lo personal, percibo, que esta iniciativa, m\u00e1s all\u00e1 de sus beneficios econ\u00f3micos y ambientales, est\u00e1 acompa\u00f1ada de una &#8220;curva&#8221;, similar a la que lanzaba Fernando Valenzuela cuando vest\u00eda la franela de los Dodgers de Los \u00c1ngeles, por cierto, el equipo favorito de AMLO para ganar la Serie Mundial.<\/p>\n<p>Esta &#8220;curva&#8221; lanzada utilizando la iniciativa de reforma energ\u00e9tica, se ha convertido no tan solo en la manzana de la discordia sino tambi\u00e9n en un enorme tanque de ox\u00edgeno para el l\u00edder del priismo que ya no sabe para donde hacerse. Olvidando, tal vez, que detr\u00e1s de su partido, y en general, de casi todos, por no decir todos, est\u00e1 una gran, s\u00ed, la misma que mece la cuna y que est\u00e1 entre los actores pol\u00edticos m\u00e1s vivo que nunca y con quien AMLO pareciera ya cruz\u00f3 espadas, a sabiendas que fue \u00e9l, en gran parte, quien de manera directa o indirecta, lo condujo con tacto y estrategia, hasta Palacio Nacional.<\/p>\n<p>En efecto, hablo de Carlos Salinas de Gortari, un presidente que entre otras cosas estableci\u00f3 una alianza pol\u00edtico-econ\u00f3mica con EE.UU y con Canad\u00e1, en 1992, y quien, desde entonces, se le ha mencionado por tener injerencia no tan solo en su partido sino de otros m\u00e1s, que a lo largo de los a\u00f1os han cambiado de nombre y de colores pero que en esencia siguen siendo lo mismo, adapt\u00e1ndose a las circunstancias y a los tiempos, y ejemplos f\u00edsicos hay un mont\u00f3n, personajes que desde hace d\u00e9cadas permanecen en cargo p\u00fablicos, saltando cual liebre contenta de un lado a otro, pero sin dejar su h\u00e1bitat.<\/p>\n<p>Considero que la mira, el objetivo central es, sin duda, la sucesi\u00f3n presidencial en el 24, en esa carrera que se observa ya va en cuarta velocidad, a m\u00e1s de 100 kil\u00f3metros por hora, y que tiene como meta la silla presidencial. En esa sucesi\u00f3n quien ocupar\u00e1 la titularidad del poder ejecutivo federal, \u00bfuna mujer, un hombre?, no s\u00e9, pero que es ya un proceso irreversible y que d\u00eda con d\u00eda se acerca m\u00e1s para definir el futuro de la Rep\u00fablica Mexicana y de sus casi 130 millones habitantes.<\/p>\n<p>En fin, la Reforma Energ\u00e9tica, es el anzuelo, el gran anzuelo, a ver qu\u00e9 pez se engancha, pero ojo, mucho ojo, porque como el mismo presidente ha dicho tambi\u00e9n una y otra vez, el pueblo es sabio, ya no se lo llevan f\u00e1cilmente al baile. \u00bfQui\u00e9n le mete a esta &#8220;oportunidad hist\u00f3rica&#8221;, tal y como dijo el hu\u00e9sped en Palacio Nacional?. <\/p>\n<p>Aunque me digan una y otra vez que la energ\u00eda el\u00e9ctrica no aumentar\u00e1 de precio, los recibos seguir\u00e1n llegando y saben \u00bfqui\u00e9n en estos tiempos no depende de la energ\u00eda el\u00e9ctrica? esa que junto con las gasolinas contin\u00faan moviendo a gran parte del mundo. J\u00farelo, su rostro de impresi\u00f3n seguir\u00e1 al ver su recibo, de esto los mexicanos &#8220;ya comimos mucho&#8221;.<\/p>\n<p>PD. Ayer se realiz\u00f3 en M\u00e9xico una Cumbre en Materia de Seguridad Nacional: M\u00e9xico-Estados Unidos y se dio en el marco de la mentada iniciativa que, dicho sea de paso, se ha dicho que empresarios e inversionistas locales y extranjeros, han manifestado que no les convence la idea. \u00bfHabr\u00e1 abordado el tema Anthony Blinken con Andr\u00e9s M. L\u00f3pez?, por lo pronto, en una declaraci\u00f3n del titular de Relaciones Exteriores de M\u00e9xico&#8230;&#8221;entre AMLO y Joe Biden hay afinidad ideol\u00f3gica y pol\u00edtica&#8221;&#8230;veremos.<\/p>\n<p>Hasta la pr\u00f3xima.<\/p>\n","protected":false},"excerpt":{"rendered":"<p>Por: Marco Antonio Cortez Navarrete.<\/p>\n","protected":false},"author":1124,"featured_media":34782,"comment_status":"open","ping_status":"open","sticky":false,"template":"","format":"standard","meta":{"tdm_status":"","tdm_grid_status":"","footnotes":""},"categories":[25],"tags":[],"_links":{"self":[{"href":"https:\/\/dralvarez.com.mx\/larevista\/wp-json\/wp\/v2\/posts\/19776"}],"collection":[{"href":"https:\/\/dralvarez.com.mx\/larevista\/wp-json\/wp\/v2\/posts"}],"about":[{"href":"https:\/\/dralvarez.com.mx\/larevista\/wp-json\/wp\/v2\/types\/post"}],"author":[{"embeddable":true,"href":"https:\/\/dralvarez.com.mx\/larevista\/wp-json\/wp\/v2\/users\/1124"}],"replies":[{"embeddable":true,"href":"https:\/\/dralvarez.com.mx\/larevista\/wp-json\/wp\/v2\/comments?post=19776"}],"version-history":[{"count":1,"href":"https:\/\/dralvarez.com.mx\/larevista\/wp-json\/wp\/v2\/posts\/19776\/revisions"}],"predecessor-version":[{"id":34781,"href":"https:\/\/dralvarez.com.mx\/larevista\/wp-json\/wp\/v2\/posts\/19776\/revisions\/34781"}],"wp:featuredmedia":[{"embeddable":true,"href":"https:\/\/dralvarez.com.mx\/larevista\/wp-json\/wp\/v2\/media\/34782"}],"wp:attachment":[{"href":"https:\/\/dralvarez.com.mx\/larevista\/wp-json\/wp\/v2\/media?parent=19776"}],"wp:term":[{"taxonomy":"category","embeddable":true,"href":"https:\/\/dralvarez.com.mx\/larevista\/wp-json\/wp\/v2\/categories?post=19776"},{"taxonomy":"post_tag","embeddable":true,"href":"https:\/\/dralvarez.com.mx\/larevista\/wp-json\/wp\/v2\/tags?post=19776"}],"curies":[{"name":"wp","href":"https:\/\/api.w.org\/{rel}","templated":true}]}}