{"id":19766,"date":"2021-10-08T00:00:00","date_gmt":"2021-10-08T06:00:00","guid":{"rendered":"https:\/\/dralvarez.com.mx\/larevista\/blog\/si-no-creian-en-ellas-para-que-las-reformas"},"modified":"2024-02-23T11:02:18","modified_gmt":"2024-02-23T17:02:18","slug":"si-no-creian-en-ellas-para-que-las-reformas","status":"publish","type":"post","link":"https:\/\/dralvarez.com.mx\/larevista\/opiniones\/si-no-creian-en-ellas-para-que-las-reformas","title":{"rendered":"Si no cre\u00edan en ellas,  \u00bfpara qu\u00e9 las reformas?"},"content":{"rendered":"<\/p>\n<p><b><i>Por Pascal Beltr\u00e1n del R\u00edo<\/i><\/b><\/p>\n<p>Callados. As\u00ed est\u00e1n los funcionarios del pasado<br \/>\ngobierno federal que promovieron los cambios constitucionales en materia<br \/>\neducativa, energ\u00e9tica y otras, que est\u00e1n siendo demolidos en este sexenio.<br \/>\nCuando uno revisa la manera en que defend\u00edan las iniciativas, este silencio<br \/>\nresulta incomprensible. \u00bfSer\u00e1 que no cre\u00edan en ellas? \u00bfSer\u00e1 que las reformas no<br \/>\ndieron los resultados que esperaban? \u00bfSer\u00e1 que se arrepienten de su aprobaci\u00f3n?<\/p>\n<p>El presidente Andr\u00e9s Manuel L\u00f3pez Obrador no tiene<br \/>\nlos votos para sacar la contrarreforma energ\u00e9tica que propone. Por ello,<br \/>\ncorteja abiertamente al PRI. Muy pocos priistas \u2013como la senadora Claudia Ruiz<br \/>\nMassieu y el exsecretario de Turismo Enrique de la Madrid\u2013 se atreven a<br \/>\ndefender la reforma energ\u00e9tica del sexenio pasado y rechazar la contrarreforma<br \/>\nque se propone. Pero \u00bfqu\u00e9 pasa con sus principales promotores? \u00bfD\u00f3nde est\u00e1n?<br \/>\n\u00bfPor qu\u00e9 no alzan la voz?<\/p>\n<p>Ni eco queda de la enjundia con la que hablaban el<br \/>\npresidente Enrique Pe\u00f1a Nieto y los entonces secretarios de Hacienda y Energ\u00eda,<br \/>\nLuis Videgaray y Pedro Joaqu\u00edn Coldwell, respectivamente. Veamos qu\u00e9 dec\u00edan:<\/p>\n<p>\u201cHemos optado por la ruta de la transformaci\u00f3n. Es<br \/>\nun camino exigente, arduo, que nos demandar\u00e1 grandes esfuerzos, pero tambi\u00e9n es<br \/>\nel \u00fanico que nos llevar\u00e1 al M\u00e9xico que queremos construir. Con la Reforma<br \/>\nenerg\u00e9tica, M\u00e9xico tiene la oportunidad de aprovechar sus vastos recursos<br \/>\nenerg\u00e9ticos, que antes eran t\u00e9cnica y econ\u00f3micamente inviables de explotar. De<br \/>\nesta manera, nuestro desarrollo tendr\u00e1 un gran impulso.<\/p>\n<p>\u201cLa Reforma energ\u00e9tica fortalece la soberan\u00eda<br \/>\nnacional. Incrementar\u00e1 la seguridad energ\u00e9tica del pa\u00eds (\u2026) Con esta<br \/>\niniciativa, M\u00e9xico podr\u00e1 convertirse en una potencia energ\u00e9tica para beneficio<br \/>\nde todos los mexicanos\u201d.<\/p>\n<p>Enrique Pe\u00f1a Nieto, presidente de M\u00e9xico.<\/p>\n<p>Primer Informe de Gobierno, 1 de septiembre de 2013.<\/p>\n<p>\u201cLas reformas que propone el Presidente de la<br \/>\nRep\u00fablica, que est\u00e1n inscritas en el Pacto por M\u00e9xico, lo que buscan es<br \/>\ninfluenciar nuestra capacidad de crecer en las pr\u00f3ximas d\u00e9cadas, no solamente<br \/>\nen los pr\u00f3ximos a\u00f1os, y de ah\u00ed, este crecimiento econ\u00f3mico que est\u00e1 siendo por<br \/>\ndebajo de lo que deber\u00eda ser, es un recordatorio de la importancia de hacer<br \/>\npronto estas reformas, reformas profundas que requiere nuestro pa\u00eds\u201d.<\/p>\n<p>Luis Videgaray, secretario de Hacienda.<\/p>\n<p>26 de agosto de 2013.<\/p>\n<p>\u201cEl pa\u00eds s\u00ed requiere una reforma energ\u00e9tica y esto<br \/>\nes inaplazable. Si no lo hacemos, M\u00e9xico se va a atrasar en relaci\u00f3n con otros<br \/>\npa\u00edses que hicieron su reforma energ\u00e9tica y tienen grandes avances en la<br \/>\nmateria. Sabemos muy bien desde el gobierno las complejidades pol\u00edticas que<br \/>\nimplica en M\u00e9xico hacer una reforma energ\u00e9tica de fondo. Y si el Presidente<br \/>\ntom\u00f3 la decisi\u00f3n, es porque es por el bien del pa\u00eds. Estamos convencidos que si<br \/>\nel pa\u00eds no tiene una buena reforma energ\u00e9tica, esto se va a reflejar en menos<br \/>\ncrecimiento econ\u00f3mico, en menos empleos y en un atraso que es inaceptable para<br \/>\nel pa\u00eds (&#8230;).<\/p>\n<p>\u201cHay que se\u00f1alar frente a los miles que est\u00e1n<br \/>\ninconformes con la reforma energ\u00e9tica, tambi\u00e9n los miles de mexicanos que est\u00e1n<br \/>\na favor de la reforma energ\u00e9tica, y tambi\u00e9n hay que tener del otro lado de la<br \/>\nbalanza los beneficios sociales y econ\u00f3micos que va a traer una reforma<br \/>\nenerg\u00e9tica (\u2026) El gobierno va a insistir en la reforma energ\u00e9tica, considera<br \/>\nque es inaplazable para el pa\u00eds, y con esa convicci\u00f3n es que estamos<br \/>\ntrabajando\u201d.<\/p>\n<p>Pedro Joaqu\u00edn Coldwell, secretario de Energ\u00eda.<\/p>\n<p>26 de agosto de 2013.<\/p>\n<p>Quienes eso sosten\u00edan, hace apenas siete a\u00f1os, hoy<br \/>\nest\u00e1n callados, escondidos. Dejaron colgados de la brocha a los legisladores<br \/>\nque avalaron las reformas, a quienes debatieron en la tribuna a favor, a<br \/>\nquienes se desvelaron en el proceso legislativo.<\/p>\n<p>Como se  ve en<br \/>\nlas palabras de Pe\u00f1a, Videgaray y Joaqu\u00edn, la Reforma energ\u00e9tica no fue pensada<br \/>\npara durar un sexenio o dar resultados inmediatos. Se aprobaron pensando en el<br \/>\nfuturo. Entonces, \u00bfqu\u00e9 pas\u00f3? \u00bfNo lo hicieron por el bien del pa\u00eds? \u00bfSe quedar\u00e1n<br \/>\ncruzados de brazos, sin siquiera convocar a sus compa\u00f1eros a usar sus votos<br \/>\npara frenar el intento de despedazarla?<\/p><\/p>\n","protected":false},"excerpt":{"rendered":"<p>Si no cre\u00edan en ellas, \u00bfpara qu\u00e9 las reformas?<\/p>\n","protected":false},"author":1127,"featured_media":34773,"comment_status":"open","ping_status":"open","sticky":false,"template":"","format":"standard","meta":{"tdm_status":"","tdm_grid_status":"","footnotes":""},"categories":[25],"tags":[],"_links":{"self":[{"href":"https:\/\/dralvarez.com.mx\/larevista\/wp-json\/wp\/v2\/posts\/19766"}],"collection":[{"href":"https:\/\/dralvarez.com.mx\/larevista\/wp-json\/wp\/v2\/posts"}],"about":[{"href":"https:\/\/dralvarez.com.mx\/larevista\/wp-json\/wp\/v2\/types\/post"}],"author":[{"embeddable":true,"href":"https:\/\/dralvarez.com.mx\/larevista\/wp-json\/wp\/v2\/users\/1127"}],"replies":[{"embeddable":true,"href":"https:\/\/dralvarez.com.mx\/larevista\/wp-json\/wp\/v2\/comments?post=19766"}],"version-history":[{"count":1,"href":"https:\/\/dralvarez.com.mx\/larevista\/wp-json\/wp\/v2\/posts\/19766\/revisions"}],"predecessor-version":[{"id":34772,"href":"https:\/\/dralvarez.com.mx\/larevista\/wp-json\/wp\/v2\/posts\/19766\/revisions\/34772"}],"wp:featuredmedia":[{"embeddable":true,"href":"https:\/\/dralvarez.com.mx\/larevista\/wp-json\/wp\/v2\/media\/34773"}],"wp:attachment":[{"href":"https:\/\/dralvarez.com.mx\/larevista\/wp-json\/wp\/v2\/media?parent=19766"}],"wp:term":[{"taxonomy":"category","embeddable":true,"href":"https:\/\/dralvarez.com.mx\/larevista\/wp-json\/wp\/v2\/categories?post=19766"},{"taxonomy":"post_tag","embeddable":true,"href":"https:\/\/dralvarez.com.mx\/larevista\/wp-json\/wp\/v2\/tags?post=19766"}],"curies":[{"name":"wp","href":"https:\/\/api.w.org\/{rel}","templated":true}]}}