{"id":19754,"date":"2021-10-08T00:00:00","date_gmt":"2021-10-08T06:00:00","guid":{"rendered":"https:\/\/dralvarez.com.mx\/larevista\/blog\/mi-abuela"},"modified":"2024-02-23T11:01:51","modified_gmt":"2024-02-23T17:01:51","slug":"mi-abuela","status":"publish","type":"post","link":"https:\/\/dralvarez.com.mx\/larevista\/opiniones\/mi-abuela","title":{"rendered":"Mi abuela.."},"content":{"rendered":"<p>Abu: tres letras: millones de gracias. Amelia era la hija del m\u00fasico, el que llen\u00f3 de arte y bohemia la vida de Bri\u00f3n, la mam\u00e1 de Chela y nuestra abuela. Mi fant\u00e1stica abuela, la que ganaba a las partidas de cartas con cien a\u00f1os, la que fue la maestra de flores y plantas (siempre he cre\u00eddo que si plantara un l\u00e1piz cosechar\u00eda miles de l\u00e1pices). La que peinaba su perfecto cabello blanco y adoraba los perfumes y el d\u00eda de Reyes..<\/p>\n<p>Mi abuela era buena. Lo daba todo. Si por un casual tuviera una casta\u00f1a para comer la repartir\u00eda en trozos con nosotras y no comer\u00eda nada. Mi abuela hablaba con los diminutivos cari\u00f1os\u00edsimos del gallego. Era la gallega fuerte y f\u00e9rrea: trabajadora infatigable. Aborrec\u00eda a presumidos y a presuntuosos. Quer\u00eda mucho a Santa Minia. Amaba su jard\u00edn, su tranquilidad, la vida. De ojos azules y manos deliciosas\u2026<\/p>\n<p>Mi abuela era moderna y a la vez tradicional y as\u00ed es justo como yo creo que hay que ser. Dulcera. Emprendedora, empresaria y mujer adelantada a su tiempo. Una viajera de las buenas, admiradora de mil rincones del mundo. Gallega de ley: trabaj\u00f3 much\u00edsimo para tener lo que tuvo y nadie le regal\u00f3 nada. Nosotros, su familia, s\u00ed. Era ideal verla abrir sus paquetes el d\u00eda de su cumplea\u00f1os. Que es hoy. 102 a\u00f1os en el cielo!!!!!!<\/p>\n<p>Mi abuela, cuando yo ten\u00eda tres a\u00f1os, me ense\u00f1\u00f3 a leer y a escribir.. por eso ahora le escribo en su cumplea\u00f1os. Felicidad, mi querida abuela!!!!<\/p>\n<p>A mi abuela <br \/>A mi madre, mi hermana y mi familia<br \/>A las gentes gallegas trabajadoras de ley<br \/>A los no presumidos y no presuntuosos, a m\u00ed tampoco me caen bien<br \/>A Ramiro U.<br \/>A mi amigo JM<br \/>A mi amiga Ana, mi abuela la adoraba<br \/>A las personas que rezan por mi abuela<br \/>A Luis<br \/>Y a los abuelos<\/p>\n","protected":false},"excerpt":{"rendered":"<p>Abu: tres letras: millones de gracias. Amelia era la hija del m\u00fasico, el que llen\u00f3 de arte y bohemia la vida de Bri\u00f3n, la mam\u00e1 de Chela y nuestra abue<\/p>\n","protected":false},"author":1025,"featured_media":34762,"comment_status":"open","ping_status":"open","sticky":false,"template":"","format":"standard","meta":{"tdm_status":"","tdm_grid_status":"","footnotes":""},"categories":[25],"tags":[],"_links":{"self":[{"href":"https:\/\/dralvarez.com.mx\/larevista\/wp-json\/wp\/v2\/posts\/19754"}],"collection":[{"href":"https:\/\/dralvarez.com.mx\/larevista\/wp-json\/wp\/v2\/posts"}],"about":[{"href":"https:\/\/dralvarez.com.mx\/larevista\/wp-json\/wp\/v2\/types\/post"}],"author":[{"embeddable":true,"href":"https:\/\/dralvarez.com.mx\/larevista\/wp-json\/wp\/v2\/users\/1025"}],"replies":[{"embeddable":true,"href":"https:\/\/dralvarez.com.mx\/larevista\/wp-json\/wp\/v2\/comments?post=19754"}],"version-history":[{"count":1,"href":"https:\/\/dralvarez.com.mx\/larevista\/wp-json\/wp\/v2\/posts\/19754\/revisions"}],"predecessor-version":[{"id":34761,"href":"https:\/\/dralvarez.com.mx\/larevista\/wp-json\/wp\/v2\/posts\/19754\/revisions\/34761"}],"wp:featuredmedia":[{"embeddable":true,"href":"https:\/\/dralvarez.com.mx\/larevista\/wp-json\/wp\/v2\/media\/34762"}],"wp:attachment":[{"href":"https:\/\/dralvarez.com.mx\/larevista\/wp-json\/wp\/v2\/media?parent=19754"}],"wp:term":[{"taxonomy":"category","embeddable":true,"href":"https:\/\/dralvarez.com.mx\/larevista\/wp-json\/wp\/v2\/categories?post=19754"},{"taxonomy":"post_tag","embeddable":true,"href":"https:\/\/dralvarez.com.mx\/larevista\/wp-json\/wp\/v2\/tags?post=19754"}],"curies":[{"name":"wp","href":"https:\/\/api.w.org\/{rel}","templated":true}]}}