{"id":19720,"date":"2021-10-03T00:00:00","date_gmt":"2021-10-03T06:00:00","guid":{"rendered":"https:\/\/dralvarez.com.mx\/larevista\/blog\/un-cafe-con-ellos-2"},"modified":"2024-02-23T10:59:55","modified_gmt":"2024-02-23T16:59:55","slug":"un-cafe-con-ellos-2","status":"publish","type":"post","link":"https:\/\/dralvarez.com.mx\/larevista\/opiniones\/un-cafe-con-ellos-2","title":{"rendered":"Un caf\u00e9 con ellos\u2026"},"content":{"rendered":"<p><b>Por: Cristina Pad\u00edn.<\/b> <\/p>\n<p>&#8230;sab\u00edan que algunos criticaban los t\u00edpicos d\u00edas de esto y de aquello\u2026 y les importaba nada. Algunos siempre lo critican todo, y no hacer aprecio es el mejor desprecio. Era un grupo unido y compacto que disfrutaba las cosas sencillas, serenas y bellas de la vida.<\/p>\n<p>Eva dijo que era el d\u00eda del caf\u00e9 y JM repuso que tambi\u00e9n se celebraba la jornada de las personas de edad..<\/p>\n<p>Y fueron los ni\u00f1os los que concibieron la idea..<\/p>\n<p>Se dirigieron a la Residencia del Mayor. Era preciosa! El sol de octubre ba\u00f1aba cada estancia de paz y de alegr\u00eda. Convidaron a cada abuelito a un delicioso caf\u00e9, cuando era preciso sin cafe\u00edna. Con nata, con canela, con lim\u00f3n..<\/p>\n<p>Despu\u00e9s vieron juntos la corrida de toros, qu\u00e9 grande es el toreo!, y acabaron cantando y bailando\u2026 y obsequiaron libros a los ancianos..<\/p>\n<p>A cada persona mayor<br \/>A los abuelos y a la m\u00eda<br \/>A Eva<br \/>A JM<br \/>A mi querido Luis<br \/>A mi querido Hugo<br \/>Al toreo<br \/>Al caf\u00e9: uno de mis grandes placeres..<br \/>A los libros<br \/>A los cumplea\u00f1eros de octubre, ese mes que me encanta, aunque ojal\u00e1 fuera abril<\/p>\n<p><\/p>\n","protected":false},"excerpt":{"rendered":"<p>Por: Cristina Pad\u00edn.<\/p>\n","protected":false},"author":1025,"featured_media":34731,"comment_status":"open","ping_status":"open","sticky":false,"template":"","format":"standard","meta":{"tdm_status":"","tdm_grid_status":"","footnotes":""},"categories":[25],"tags":[],"_links":{"self":[{"href":"https:\/\/dralvarez.com.mx\/larevista\/wp-json\/wp\/v2\/posts\/19720"}],"collection":[{"href":"https:\/\/dralvarez.com.mx\/larevista\/wp-json\/wp\/v2\/posts"}],"about":[{"href":"https:\/\/dralvarez.com.mx\/larevista\/wp-json\/wp\/v2\/types\/post"}],"author":[{"embeddable":true,"href":"https:\/\/dralvarez.com.mx\/larevista\/wp-json\/wp\/v2\/users\/1025"}],"replies":[{"embeddable":true,"href":"https:\/\/dralvarez.com.mx\/larevista\/wp-json\/wp\/v2\/comments?post=19720"}],"version-history":[{"count":1,"href":"https:\/\/dralvarez.com.mx\/larevista\/wp-json\/wp\/v2\/posts\/19720\/revisions"}],"predecessor-version":[{"id":34730,"href":"https:\/\/dralvarez.com.mx\/larevista\/wp-json\/wp\/v2\/posts\/19720\/revisions\/34730"}],"wp:featuredmedia":[{"embeddable":true,"href":"https:\/\/dralvarez.com.mx\/larevista\/wp-json\/wp\/v2\/media\/34731"}],"wp:attachment":[{"href":"https:\/\/dralvarez.com.mx\/larevista\/wp-json\/wp\/v2\/media?parent=19720"}],"wp:term":[{"taxonomy":"category","embeddable":true,"href":"https:\/\/dralvarez.com.mx\/larevista\/wp-json\/wp\/v2\/categories?post=19720"},{"taxonomy":"post_tag","embeddable":true,"href":"https:\/\/dralvarez.com.mx\/larevista\/wp-json\/wp\/v2\/tags?post=19720"}],"curies":[{"name":"wp","href":"https:\/\/api.w.org\/{rel}","templated":true}]}}