{"id":19706,"date":"2021-10-01T00:00:00","date_gmt":"2021-10-01T06:00:00","guid":{"rendered":"https:\/\/dralvarez.com.mx\/larevista\/blog\/a-7-anos-de-la-tragedia-siguen-faltando-43"},"modified":"2024-02-23T10:59:23","modified_gmt":"2024-02-23T16:59:23","slug":"a-7-anos-de-la-tragedia-siguen-faltando-43","status":"publish","type":"post","link":"https:\/\/dralvarez.com.mx\/larevista\/opiniones\/a-7-anos-de-la-tragedia-siguen-faltando-43","title":{"rendered":"A 7 a\u00f1os de la tragedia\u2026  siguen faltando 43"},"content":{"rendered":"<\/p>\n<p><b><i>La revista peninsular&nbsp;<\/i><\/b><\/p>\n<p>El 26 de septiembre se cumplieron 7 a\u00f1os de la<br \/>\ndesaparici\u00f3n forzada de 43 estudiantes de la Escuela Normal Ra\u00fal Isidro Burgos<br \/>\nque partieron de Iguala, Guerrero con rumbo a la Ciudad de M\u00e9xico para asistir<br \/>\na las actividades conmemorativas del \u201c2 de octubre\u201d. Este atroz crimen dej\u00f3 una<br \/>\nherida en nuestra naci\u00f3n que a\u00fan sigue abierta y nos recuerda a las miles de<br \/>\npersonas desaparecidas en M\u00e9xico.<\/p>\n<p>Este fue un hecho grave pues, adem\u00e1s del asesinato<br \/>\nde los normalistas, hubo la intenci\u00f3n de borrar toda huella o rastro de su<br \/>\nexistencia. De igual manera, las v\u00edctimas eran j\u00f3venes estudiantes, sus<br \/>\nagresores estaban coludidos con elementos de seguridad p\u00fablica y la<br \/>\ninvestigaci\u00f3n llevada a cabo por las autoridades estuvo plagada de<br \/>\ninconsistencias.<\/p>\n<p>La administraci\u00f3n de Enrique Pe\u00f1a Nieto asumi\u00f3 los<br \/>\nmayores costos pol\u00edticos de la tragedia ya que, debido a las irregularidades<br \/>\nobservadas en la investigaci\u00f3n emprendida por su gobierno, parec\u00eda que su<br \/>\nprioridad era ocultar lo sucedido para encubrir a los involucrados. De hecho,<br \/>\nel ejecutivo federal recibi\u00f3 m\u00faltiples cr\u00edticas tras presentar la \u201cverdad<br \/>\nhist\u00f3rica\u201d de lo ocurrido pues daba la impresi\u00f3n de ser una pretensi\u00f3n para<br \/>\nhacer pasar especulaciones como si fueran hechos. Esta \u201cverdad hist\u00f3rica\u201d<br \/>\nafirmaba que los j\u00f3venes fueron incinerados en Cocula, Guerrero por miembros<br \/>\ndel crimen organizado y sus restos fueron tirados al R\u00edo San Juan.<\/p>\n<p>Lo sucedido gener\u00f3 una de las mayores crisis<br \/>\npol\u00edticas en la historia reciente de M\u00e9xico cuyos efectos negativos marcaron el<br \/>\nresto del sexenio del expresidente Enrique Pe\u00f1a Nieto.<\/p>\n<p>Consciente de su peso, Andr\u00e9s Manuel L\u00f3pez Obrador<br \/>\nabander\u00f3 el tema durante la campa\u00f1a electoral del 2018 y el primer decreto que<br \/>\nemiti\u00f3 como presidente fue para crear la Comisi\u00f3n de la Verdad y Acceso a la<br \/>\nJusticia en el caso Ayotzinapa. Esta comisi\u00f3n, presidida por Alejandro Encinas<br \/>\nen su calidad de subsecretario de Derechos Humanos de la Secretar\u00eda de<br \/>\nGobernaci\u00f3n, tiene el objetivo de dialogar con las autoridades y coordinarlas<br \/>\npara trabajos de investigaci\u00f3n, as\u00ed como tambi\u00e9n tiene el objetivo de<br \/>\nfortalecer el apoyo a las v\u00edctimas y a sus familiares.<\/p>\n<p>A pesar de que se han destinado cientos de millones<br \/>\nde pesos a la investigaci\u00f3n, los resultados a\u00fan son escasos. Si bien, el<br \/>\ngobierno de L\u00f3pez Obrador hizo un importante avance al se\u00f1alar que no se<br \/>\nsosten\u00eda la \u201cverdad hist\u00f3rica\u201d presentada por la administraci\u00f3n anterior, no se<br \/>\nha dado a conocer alguna otra versi\u00f3n sobre lo ocurrido. Asimismo, \u00fanicamente<br \/>\nse encuentran en prisi\u00f3n poco m\u00e1s de 30 personas cuando han sido detenidas 140<br \/>\na lo largo de las indagaciones. Finalmente, solo se han podido identificar los<br \/>\nrestos de 3 de los 43 normalistas; sus nombres son Alexander Mora, Christian<br \/>\nRodr\u00edguez y Jhosivani Guerrero.<\/p>\n<p>Ahora bien, aunque a paso lento, las investigaciones<br \/>\nsiguen lo cual es digno de reconocer. Esperemos que las autoridades act\u00faen con<br \/>\nprudencia y presenten los resultados de las indagatorias conforme sean<br \/>\nconfirmados pues si se usan como insumo medi\u00e1tico se puede afectar la veracidad<br \/>\nde los resultados.<\/p>\n<p>A 7 a\u00f1os de la tragedia a\u00fan no sabemos qu\u00e9 les pas\u00f3<br \/>\na los normalistas ni d\u00f3nde se encuentran; peor a\u00fan, vemos c\u00f3mo contin\u00faan las<br \/>\nmatanzas contra civiles y la negligencia por parte de las autoridades para<br \/>\nencubrir a los responsables. A\u00fan m\u00e1s, en los \u00faltimos a\u00f1os podemos ver c\u00f3mo se<br \/>\nusa esta fecha para exigir justicia por los aproximadamente 90,000<br \/>\ndesaparecidos en el pa\u00eds.<\/p>\n<p>Desde La Revista Peninsular nos unimos a las<br \/>\nexigencias de justicia por los 43 normalistas y los miles de desaparecidos, as\u00ed<br \/>\ncomo igual nos solidarizamos con las v\u00edctimas. Estamos todos juntos en la lucha<br \/>\npor un M\u00e9xico de paz y libre de impunidad.<\/p>\n<p><\/p>\n","protected":false},"excerpt":{"rendered":"<p>Editorial<\/p>\n","protected":false},"author":1111,"featured_media":0,"comment_status":"open","ping_status":"open","sticky":false,"template":"","format":"standard","meta":{"tdm_status":"","tdm_grid_status":"","footnotes":""},"categories":[25],"tags":[],"_links":{"self":[{"href":"https:\/\/dralvarez.com.mx\/larevista\/wp-json\/wp\/v2\/posts\/19706"}],"collection":[{"href":"https:\/\/dralvarez.com.mx\/larevista\/wp-json\/wp\/v2\/posts"}],"about":[{"href":"https:\/\/dralvarez.com.mx\/larevista\/wp-json\/wp\/v2\/types\/post"}],"author":[{"embeddable":true,"href":"https:\/\/dralvarez.com.mx\/larevista\/wp-json\/wp\/v2\/users\/1111"}],"replies":[{"embeddable":true,"href":"https:\/\/dralvarez.com.mx\/larevista\/wp-json\/wp\/v2\/comments?post=19706"}],"version-history":[{"count":1,"href":"https:\/\/dralvarez.com.mx\/larevista\/wp-json\/wp\/v2\/posts\/19706\/revisions"}],"predecessor-version":[{"id":34717,"href":"https:\/\/dralvarez.com.mx\/larevista\/wp-json\/wp\/v2\/posts\/19706\/revisions\/34717"}],"wp:attachment":[{"href":"https:\/\/dralvarez.com.mx\/larevista\/wp-json\/wp\/v2\/media?parent=19706"}],"wp:term":[{"taxonomy":"category","embeddable":true,"href":"https:\/\/dralvarez.com.mx\/larevista\/wp-json\/wp\/v2\/categories?post=19706"},{"taxonomy":"post_tag","embeddable":true,"href":"https:\/\/dralvarez.com.mx\/larevista\/wp-json\/wp\/v2\/tags?post=19706"}],"curies":[{"name":"wp","href":"https:\/\/api.w.org\/{rel}","templated":true}]}}