{"id":19692,"date":"2021-10-01T00:00:00","date_gmt":"2021-10-01T06:00:00","guid":{"rendered":"https:\/\/dralvarez.com.mx\/larevista\/blog\/tiempo-al-tiempo"},"modified":"2024-02-23T10:58:48","modified_gmt":"2024-02-23T16:58:48","slug":"tiempo-al-tiempo","status":"publish","type":"post","link":"https:\/\/dralvarez.com.mx\/larevista\/opiniones\/tiempo-al-tiempo","title":{"rendered":"Tiempo al Tiempo"},"content":{"rendered":"<p><b>Por: Jorge Valladares S\u00e1nchez.*&nbsp;<\/b><\/p>\n<p><b>dr.jorge.valladares@gmail.com<\/b><br \/><b>@DrJValladares en Twitter<\/b><br \/><b>@dr.jorge.valladares en Facebook<\/b><br \/><b>Dr. Jorge Valladares en Youtube&nbsp;<\/b><\/p>\n<p><b><i><\/i><\/b><\/p>\n<blockquote><p><b><i>No hay nostalgia peor\u2026<\/i><\/b><i>&nbsp;<\/i><\/p><\/blockquote>\n<p>Todo plazo se cumple. Y afortunadamente en los puestos p\u00fablicos esa frase se aplica cada vez m\u00e1s, por lo menos en los ciclos de administraci\u00f3n. Esperemos ver el d\u00eda en que tambi\u00e9n suceda en cuanto a sus programas y proyectos, para que al ver a uno nacer en la creatividad de quienes dirigen, podamos tener a la vista que el logro de sus metas est\u00e1 ya prospectado y lo veremos llegar.<\/p>\n<p>Las grandes calamidades que han pronosticado quienes juegan el papel de opositores en uno u otro sexenio han tenido, como es de esperarse en un universo equilibrado, algunos aciertos, algunos errores, pero finalmente, al cabo de 6, m\u00e1s ingratos que gratos, a\u00f1os se acaba el tiempo de quien estaba al frente y la rueda vuelve a girar, para colocarse en similar posici\u00f3n, permitiendo algunos avances, muchos retrocesos y pocas veces el cambio de posici\u00f3n de la oposici\u00f3n. Para bien, para mal y para que aprendamos de ello, lo mismo suceder\u00e1 dentro de 3 a\u00f1os.<\/p>\n<p>Otros periodos pueden ser m\u00e1s o menos extensos, pero finalmente el tiempo, como todo, es relativo y cuenta m\u00e1s para la apreciaci\u00f3n en el lapso que transcurre la combinaci\u00f3n entre la posici\u00f3n y qui\u00e9n observa, que la duraci\u00f3n misma de d\u00edas o a\u00f1os que transcurran. De cierto modo, supongo que tiene que ver con lo que muy complejamente nos hered\u00f3 Einstein en su teor\u00eda de la relatividad especial. Sin pretender entenderla siquiera bien, me imagino, m\u00e1s como met\u00e1fora, que podemos aplicarla a la vida cotidiana si la aderezamos con un poco de psicolog\u00eda, de la que s\u00e9 unas letras m\u00e1s.<\/p>\n<p>Lo que a una persona le significa o lo que percibe de un periodo de tiempo es similar para otra cuando hablamos de cosas peque\u00f1as y lentas; pero siempre afecta la posici\u00f3n desde la que cada cual mira y la velocidad con la que se mueven en torno a lo que est\u00e1n mirando. Y pueden cambiar mucho las cosas cuando hablamos de fen\u00f3menos que se mueven al m\u00e1ximo de su velocidad, aunque quienes no se mueven y ven con sus ojos habituales, no alcancen a percibir esas diferencias.<\/p>\n<p>As\u00ed, quienes est\u00e1n al frente perciben cambios que quienes van a la zaga no alcanzan a ver; incluso si por un momento ponemos al margen lo que son mentiras y demagogia, hay una diferencia enorme entre lo que se nos presenta como nuevo, mejorado o importante por quien est\u00e1 a cargo de hacerlo, respecto a quienes contemplan o participan limitadamente en ello. Dif\u00edcil hacer coincidir las percepciones, y m\u00e1s aun porque ese par\u00e9ntesis propuesto no es viable y se suma a los discursos y conveniencias de quienes aspiran a tener el poder que tiene quien conduce. Y de all\u00ed la polarizaci\u00f3n entre las frases de los seguidores decepcionados que reiteran que \u201cnada va a cambiar\u201d versus la dignidad de quien lidera puesta en creer que \u201cla historia demostrar\u00e1 todo lo que hicimos\u201d.<\/p>\n<p>Pero hoy no quiero referirme a gobernantes ni pol\u00edticos. Hoy elijo hablar de personas que siendo funcionarios\/as van m\u00e1s all\u00e1 de la funci\u00f3n y aplican una dedicaci\u00f3n adicional a causas que valoran. Paso por un momento nost\u00e1lgico que veo relacionado con el hecho de que en este par de semanas se renuevan posiciones de liderazgo en organizaciones conformadas por personas que colaboran en favor de la democracia y dirigidas a sectores espec\u00edficos que identifican importantes de atender. Personas que de origen se unen por participar en instituciones electorales, pero que en esa labor hallan una arista por la que pueden hacer m\u00e1s que el cumplimiento del deber en su \u00e1mbito local.<\/p>\n<p>La Asociaci\u00f3n Mexicana de Consejeras Estatales Electorales, A.C. se integr\u00f3 desde 2003 y tiene por causa principal coadyuvar al desarrollo democr\u00e1tico de M\u00e9xico y al mejoramiento de las condiciones de participaci\u00f3n pol\u00edtica de las mujeres. En ello he visto a este creciente grupo de amigas, mujeres, funcionarias alcanzar logros importantes, tras una lucha inteligente y tenaz, que ha representado un motor fundamental para el posicionamiento de las mujeres en candidaturas y puestos p\u00fablicos, siendo incluso ellas impulsoras de que agencias, como los congresos estatales, atiendan con la prioridad debida asuntos que por a\u00f1os ten\u00edan relegados, adem\u00e1s de su destacada participaci\u00f3n al interior de las 33 instituciones electorales del Pa\u00eds.<\/p>\n<p>Luego de una indiscutiblemente brillante y enfocada gesti\u00f3n de mi querida Mar\u00eda del Mar Trejo P\u00e9rez, Consejera Electoral orgullosamente yucateca, y con compa\u00f1eras activas y propositivas, hace unos d\u00edas entregaron la estafeta a un renovado equipo que tiene al frente a Gloria Icela Garc\u00eda Cuadras, Consejera Electoral sinaloense, que bajo el concepto de Contigo y Con Todas abre un panorama de consolidaci\u00f3n y expansi\u00f3n, cuyos avances con toda seguridad estaremos contemplando en pocos meses desde donde quiera que estemos.<\/p>\n<p>La Red Nacional de Consejeros y Consejeros Electorales para una Democracia Incluyente. A.C. se integr\u00f3 de manera \u00e1gil y entusiasta hace apenas dos a\u00f1os, y en tan relativamente corto periodo han logrado una movilizaci\u00f3n nunca antes vista en agencias de todos los estados para que comunidades que en el pasado eran habitualmente excluidas encuentren foros y respuestas para manifestarse directamente y hacer ejercicio de sus derechos pol\u00edticos, electorales y de otros alcances.<\/p>\n<p>Adem\u00e1s de la calidad de cada una de las personas que la integran, esta vertiginosidad de avances por causas comunitarias importantes puede explicarse en mucho por el dinamismo y calidez de quienes se encuentran a cargo de lo que all\u00ed denominan las vocer\u00edas; desde luego en particular de quien lleva la batuta a ritmo de allegro, cuando no vivacissimo, mi muy admirada y querida Claudia Arlette Espino (Chihuahua), que deja la organizaci\u00f3n en pleno ascenso y seguramente satisfecha del andar y escalar. Queda a cargo ahora de otro buen equipo de amigos\/as, con el nuevo liderazgo de Jes\u00fas Arturo Baltazar Trujano, de quienes estaremos viendo en breve lo acertado de que hayan sido las personas que toman el relevo.<\/p>\n<p>La parte complementaria de la labor de quienes est\u00e1n en las instituciones electorales la realizan desde los tribunales de la misma materia, y all\u00ed tambi\u00e9n se ha dado el relevo de la asociaci\u00f3n que les agrupa interestatalmente, la Asociaci\u00f3n de Magistradas y Magistrados Electorales Locales de los Estados Unidos Mexicanos, que luego del liderazgo de la destacada jurista Yolidabey Alvarado De la Cruz, a quien he tenido el gusto de escuchar, deja ahora su Consejo Directivo en la capacidad y aplomo de Martha Alejandra Ch\u00e1vez Camarena que seguramente llevar\u00e1 m\u00e1s alto los logros de esta organizaci\u00f3n aplicando a esta organizaci\u00f3n la versatilidad que ha mostrado en su desempe\u00f1o en la Ciudad de M\u00e9xico.<\/p>\n<p>Y justo en este periodo tambi\u00e9n estamos ya en los pasos para hacer nuestro propio relevo de liderazgos al interior de la Red C\u00edvica Mx, organizaci\u00f3n que se ha ido consolidando e integrando en el hacer de instituciones y organizaciones de las diversas regiones de M\u00e9xico para asegurar alianzas virtuosas que fortalezcan a la ciudadan\u00eda desde su formaci\u00f3n y participaci\u00f3n en la vida p\u00fablica. El brazo formal de esta c\u00e1lida y activa organizaci\u00f3n es la Red Nacional de Ciudadan\u00eda y Organizaciones por la Educaci\u00f3n C\u00edvica, A.C. que formalizamos el 22 de noviembre de 2019 en Guanajuato Capital y desde entonces hemos renovado la organizaci\u00f3n de diversas acciones enfocadas a nuestro objetivo, en particular nuestro evento insignia: los Encuentros Nacionales de Educaci\u00f3n C\u00edvica, que recientemente tuvo su d\u00e9cimo primera edici\u00f3n con la ejemplar organizaci\u00f3n y acompa\u00f1amiento del Instituto Electoral del Estado de M\u00e9xico.<\/p>\n<p>Nuestra Presidente, Laura Fabiola Bringas S\u00e1nchez, se ha destacado como una defensora fuerte y motivadora de las mejores causas de las instituciones de la democracia y ha sabido llevarnos como equipo directivo y asociaci\u00f3n hacia buenas formas de colaboraci\u00f3n para realizar acciones en diversos frentes. Recientemente inform\u00f3 de los logros de su encargo y se abri\u00f3 el espacio para que de manera democr\u00e1tica se renueven los puestos que corresponden y abrir paso a que otras de las maravillosas personas aqu\u00ed integradas queden a cargo de roles e iniciativas para llegar a una meta que es prioritaria: lograr que en efecto personas y organizaciones de la comunidad de cada estado formen parte de la RED, de modo que desde todas las posiciones de la sociedad construyamos estos modelos formativos y acciones de impulso para que la gente se adue\u00f1e en pleno de lo que es suyo: el espacio p\u00fablico, el tiempo de gobierno y la vida armoniosa en comunidad.<\/p>\n<p>Estas personas han sabido hacer en el tiempo de que disponen los aportes que supeen la velocidad de quienes les antecedieron. Se los comento yo, porque estoy en esta posici\u00f3n, en la que vivo a diario como un ciudadano m\u00e1s de mi querida M\u00e9rida y mi amado M\u00e9xico, a la vez que he tenido la oportunidad de servir a la ciudadan\u00eda desde el mundo electoral y conocer a tanta gente maravillosa entregada al servicio.<\/p>\n<p>Probablemente lo que se vive en estos \u00e1mbitos no sea inmediatamente visible en los espacios donde transitan habitualmente muchas de las personas que me hacen el favor de leer, pero tengo la certeza de que algunas de sus logros llegar\u00e1n a servirles en su convivencia p\u00fablica, aunque no lleguen a saber c\u00f3mo se fueron gestando. Es pues, un peque\u00f1o reconocimiento y otro poco de informaci\u00f3n, por si sirve tender una mirada hacia este otro mundo.<\/p>\n<p>Se completa tambi\u00e9n en estos d\u00edas el primer periodo de 7 a\u00f1os luego de la reforma electoral constitucional de 2014, para el Instituto Electoral y de Participaci\u00f3n Ciudadana de Yucat\u00e1n. Ese cambio fue importante en lo personal, pues sin \u00e9l yo, un ciudadano com\u00fan, jam\u00e1s hubiera tenido acceso a un mundo electoral cuyas posiciones antes se defin\u00edan en su totalidad por los partidos pol\u00edticos. Un concurso de oposici\u00f3n me dio un lugar entre 130 concursantes, para hacer lo que consider\u00e9 \u00fatil y me fue factible en 6 de esos a\u00f1os, desde la posici\u00f3n de Consejero Electoral.<\/p>\n<p>Hoy deseo a toda la gente maravillosa del IEPAC Yucat\u00e1n que este momento de cambio represente la oportunidad de integrar a todas las personas que se encuentran al frente en torno a un liderazgo que capitalice sus buenas acciones cotidianas en un proceso asertivo, sistem\u00e1tico y sensato de consolidaci\u00f3n institucional. Me toc\u00f3 ver la dedicaci\u00f3n, coraz\u00f3n y capacidad del personal; las intenciones bien enfocadas y decididas de algunos\/as colegas; as\u00ed como tambi\u00e9n esperar que les llegara el tiempo a varias propuestas de ciudadanizar, que planteamos, se iniciaron y aun esperan mejores tiempos.<\/p>\n<p>Ojal\u00e1 que al nombrar Presidencia, los Consejeros del INE tomen una decisi\u00f3n que honre todo lo que se ha podido construir en este querido Instituto por el bien de su gente y de la Ciudadan\u00eda de Yucat\u00e1n. Ya lo que logren hacer si esto ocurre, ellos y ellas, y no el tiempo, lo dir\u00e1n\u2026<\/p>\n<p>Para quienes tomen esta decisi\u00f3n y para quienes hicieron o no hicieron lo que deb\u00edan en el tiempo que para ello tuvieron, aplica como nunca mi frase preferida del buen Joaqu\u00edn Sabina; una que precisamente refleja que en el tiempo de que dispones es cuando hay que actuar y vivir lo que te corresponde, ya lamentarse luego de lo que no fue, no es m\u00e1s que perder el nuevo tiempo disponible.<\/p>\n<p><i>\u201cNo hay nostalgia peor, que a\u00f1orar lo que nunca jam\u00e1s sucedi\u00f3\u201d.<\/i><\/p>\n<p><b>*Jorge Valladares S\u00e1nchez<\/b><br \/><b>Pap\u00e1, Ciudadano, Consultor.<\/b><br \/><b>Doctor en Ciencias Sociales.<\/b><br \/><b>Doctor en Derechos Humanos.<\/b><br \/><b>Coordinador Nacional de la Red C\u00edvica Mx, A.C.<\/b><br \/><b>Especialista en Psicolog\u00eda y Licenciado en Derecho.<\/b><\/p>\n","protected":false},"excerpt":{"rendered":"<p>No hay nostalgia peor\u2026<\/p>\n","protected":false},"author":1112,"featured_media":0,"comment_status":"open","ping_status":"open","sticky":false,"template":"","format":"standard","meta":{"tdm_status":"","tdm_grid_status":"","footnotes":""},"categories":[25],"tags":[],"_links":{"self":[{"href":"https:\/\/dralvarez.com.mx\/larevista\/wp-json\/wp\/v2\/posts\/19692"}],"collection":[{"href":"https:\/\/dralvarez.com.mx\/larevista\/wp-json\/wp\/v2\/posts"}],"about":[{"href":"https:\/\/dralvarez.com.mx\/larevista\/wp-json\/wp\/v2\/types\/post"}],"author":[{"embeddable":true,"href":"https:\/\/dralvarez.com.mx\/larevista\/wp-json\/wp\/v2\/users\/1112"}],"replies":[{"embeddable":true,"href":"https:\/\/dralvarez.com.mx\/larevista\/wp-json\/wp\/v2\/comments?post=19692"}],"version-history":[{"count":1,"href":"https:\/\/dralvarez.com.mx\/larevista\/wp-json\/wp\/v2\/posts\/19692\/revisions"}],"predecessor-version":[{"id":34705,"href":"https:\/\/dralvarez.com.mx\/larevista\/wp-json\/wp\/v2\/posts\/19692\/revisions\/34705"}],"wp:attachment":[{"href":"https:\/\/dralvarez.com.mx\/larevista\/wp-json\/wp\/v2\/media?parent=19692"}],"wp:term":[{"taxonomy":"category","embeddable":true,"href":"https:\/\/dralvarez.com.mx\/larevista\/wp-json\/wp\/v2\/categories?post=19692"},{"taxonomy":"post_tag","embeddable":true,"href":"https:\/\/dralvarez.com.mx\/larevista\/wp-json\/wp\/v2\/tags?post=19692"}],"curies":[{"name":"wp","href":"https:\/\/api.w.org\/{rel}","templated":true}]}}