{"id":19672,"date":"2021-09-28T00:00:00","date_gmt":"2021-09-28T06:00:00","guid":{"rendered":"https:\/\/dralvarez.com.mx\/larevista\/blog\/entre-dos-aguas-2"},"modified":"2024-02-23T10:57:59","modified_gmt":"2024-02-23T16:57:59","slug":"entre-dos-aguas-2","status":"publish","type":"post","link":"https:\/\/dralvarez.com.mx\/larevista\/opiniones\/entre-dos-aguas-2","title":{"rendered":"Entre dos aguas.."},"content":{"rendered":"<p>Entre dos aguas. Sonido y luz. Andaluc\u00eda y Paco. De Luc\u00eda y de ley. Algeciras y ol\u00e9. Dos aguas entre dos aguas. Rumba y ritmo. Ole y arte. Guitarra y sal. Sal y esencia. Esencia y canela.<\/p>\n<p>Canela en rama..<\/p>\n<p>Entre dos aguas. Pueblo y calle. Vivencias y sentimientos. Cadencia y fuego. Fuego y armon\u00eda. Armon\u00eda y m\u00fasica. M\u00fasica que enamora los sentidos. Sentidos los sones del quej\u00edo..<\/p>\n<p>Viva lo nuestro..<\/p>\n<p>Lo nuestro. Entre dos aguas. Y como el agua. Y lo que suena. Y lo que suena muy bien. Y lo que es tesoro y patrimonio. Y el sabor aflamencado. Espa\u00f1a y sus aromas. Entre dos aguas..<\/p>\n<p>Entre dos aguas: lo que es eterno..<\/p>\n<p>Me fascina ese tema, le\u00ed una noticia sobre \u00e9l y compuse el texto<br \/>A la memoria de Paco de Luc\u00eda<br \/>A Andaluc\u00eda<br \/>Al flamenco<br \/>A mi amiga Manuela<br \/>A mi Luis<br \/>A la guitarra<br \/>Y a las cosas que importan<\/p>\n","protected":false},"excerpt":{"rendered":"<p>Entre dos aguas. Sonido y luz. Andaluc\u00eda y Paco. De Luc\u00eda y de ley. Algeciras y ol\u00e9.<\/p>\n","protected":false},"author":1025,"featured_media":34689,"comment_status":"open","ping_status":"open","sticky":false,"template":"","format":"standard","meta":{"tdm_status":"","tdm_grid_status":"","footnotes":""},"categories":[25],"tags":[],"_links":{"self":[{"href":"https:\/\/dralvarez.com.mx\/larevista\/wp-json\/wp\/v2\/posts\/19672"}],"collection":[{"href":"https:\/\/dralvarez.com.mx\/larevista\/wp-json\/wp\/v2\/posts"}],"about":[{"href":"https:\/\/dralvarez.com.mx\/larevista\/wp-json\/wp\/v2\/types\/post"}],"author":[{"embeddable":true,"href":"https:\/\/dralvarez.com.mx\/larevista\/wp-json\/wp\/v2\/users\/1025"}],"replies":[{"embeddable":true,"href":"https:\/\/dralvarez.com.mx\/larevista\/wp-json\/wp\/v2\/comments?post=19672"}],"version-history":[{"count":1,"href":"https:\/\/dralvarez.com.mx\/larevista\/wp-json\/wp\/v2\/posts\/19672\/revisions"}],"predecessor-version":[{"id":34688,"href":"https:\/\/dralvarez.com.mx\/larevista\/wp-json\/wp\/v2\/posts\/19672\/revisions\/34688"}],"wp:featuredmedia":[{"embeddable":true,"href":"https:\/\/dralvarez.com.mx\/larevista\/wp-json\/wp\/v2\/media\/34689"}],"wp:attachment":[{"href":"https:\/\/dralvarez.com.mx\/larevista\/wp-json\/wp\/v2\/media?parent=19672"}],"wp:term":[{"taxonomy":"category","embeddable":true,"href":"https:\/\/dralvarez.com.mx\/larevista\/wp-json\/wp\/v2\/categories?post=19672"},{"taxonomy":"post_tag","embeddable":true,"href":"https:\/\/dralvarez.com.mx\/larevista\/wp-json\/wp\/v2\/tags?post=19672"}],"curies":[{"name":"wp","href":"https:\/\/api.w.org\/{rel}","templated":true}]}}