{"id":19660,"date":"2021-09-26T00:00:00","date_gmt":"2021-09-26T06:00:00","guid":{"rendered":"https:\/\/dralvarez.com.mx\/larevista\/blog\/33-anos-2"},"modified":"2024-02-23T10:57:32","modified_gmt":"2024-02-23T16:57:32","slug":"33-anos-2","status":"publish","type":"post","link":"https:\/\/dralvarez.com.mx\/larevista\/opiniones\/33-anos-2","title":{"rendered":"33 a\u00f1os"},"content":{"rendered":"<\/p>\n<p>Esta es una semana de festejos para La Revista Peninsular pues cumplimos 33 a\u00f1os de brindarle informaci\u00f3n sobre los sucesos m\u00e1s relevantes en el \u00e1mbito pol\u00edtico local, nacional e internacional. Nos sentimos sumamente agradecidos por la confianza que semana a semana nos da pues nos ha permitido consolidarnos como una lectura imprescindible para la clase pol\u00edtica del sureste mexicano.<\/p>\n<p>Don Eduardo R. Men\u00e9ndez Rodr\u00edguez comenz\u00f3 esta casa editorial con el objetivo de crear un espacio en el cual se aplaudan las virtudes del gobierno, pero segriten sus defectos; un espacio sin indulgencias, desplantes ni fanatismos, solo un compromiso con la verdad objetiva. A m\u00e1s de tres d\u00e9cadas de que iniciara este proyecto, seguimos firmes por un M\u00e9xico democr\u00e1tico procurando nuestros objetivos fundacionales con convicci\u00f3n.<\/p>\n<p>As\u00ed como la gran mayor\u00eda de las empresas e instituciones en el mundo, nuestra casa editorial se vio afectada por la pandemia de COVID-19 ya que \u00e9sta modific\u00f3 radicalmente las rutinas y h\u00e1bitos de las personas, lo cual cambi\u00f3 c\u00f3mo consumen informaci\u00f3n. Sin embargo, tomamos la adversidad como un reto y reforzamos nuestra difusi\u00f3n de contenido en redes sociales para continuar procurando el objetivo que Don Eduardo R. Men\u00e9ndez Rodr\u00edguez estableci\u00f3 hace 33 a\u00f1os.<\/p>\n<p>Con trabajo constante, responsable y profesional hemos logrado construir un medio en el cual han participado personajes de gran prestigio a nivel nacional e internacional. Analistas, expertos, funcionarios, acad\u00e9micos y pol\u00edticos han engalanadonuestras p\u00e1ginas y micr\u00f3fonos con sus perspectivas de c\u00f3mo se desarrolla la vida p\u00fablica del pa\u00eds. Asimismo, candidatos y candidatas de todos los partidos confiaron en nuestra plataforma para hacer llegar mensajes a la ciudadan\u00eda en el marco del proceso electoral 2020-2021.<\/p>\n<p>A todos estos individuos que con generosidad nos regalaron algunas de sus ideas les mandamos un enorme agradecimiento. Gracias al nivel de sus intervenciones nos hemos podido distinguir como un medio de comunicaci\u00f3n de calidad y profesionalismo. <\/p>\n<p>De igual manera, agradezco profundamente a quienes colaboran en La Revista Peninsular pues no ser\u00eda posible cumplir con nuestro compromiso semanal sin ellos ni ellas. Nuestra casa editorial no es nada sin las manos que la sostienen.<\/p>\n<p>Por \u00faltimo, le agradecemos a usted pues es su confianza la que nos permite seguir este proyecto. La Revista Peninsular es lo que es gracias a quienes la leen, por lo que nuestro \u00e9xito se lo debemos a ustedes.<\/p>\n<p>Despu\u00e9s de 33 a\u00f1os, seguimos al pie del ca\u00f1\u00f3n. Con los mismos objetivos establecidos desde el inicio y con la capacidad de renovarnos para alcanzarlos, independientemente de las circunstancias. Muchas gracias a todos quienes contribuyen a hacer posible La Revista Peninsular, esperamos seguir contando con su confianza y colaboraci\u00f3n por muchos a\u00f1os m\u00e1s.<\/p>\n<p><\/p>\n","protected":false},"excerpt":{"rendered":"<p>33 a\u00f1os<\/p>\n","protected":false},"author":1111,"featured_media":34679,"comment_status":"open","ping_status":"open","sticky":false,"template":"","format":"standard","meta":{"tdm_status":"","tdm_grid_status":"","footnotes":""},"categories":[25],"tags":[],"_links":{"self":[{"href":"https:\/\/dralvarez.com.mx\/larevista\/wp-json\/wp\/v2\/posts\/19660"}],"collection":[{"href":"https:\/\/dralvarez.com.mx\/larevista\/wp-json\/wp\/v2\/posts"}],"about":[{"href":"https:\/\/dralvarez.com.mx\/larevista\/wp-json\/wp\/v2\/types\/post"}],"author":[{"embeddable":true,"href":"https:\/\/dralvarez.com.mx\/larevista\/wp-json\/wp\/v2\/users\/1111"}],"replies":[{"embeddable":true,"href":"https:\/\/dralvarez.com.mx\/larevista\/wp-json\/wp\/v2\/comments?post=19660"}],"version-history":[{"count":1,"href":"https:\/\/dralvarez.com.mx\/larevista\/wp-json\/wp\/v2\/posts\/19660\/revisions"}],"predecessor-version":[{"id":34678,"href":"https:\/\/dralvarez.com.mx\/larevista\/wp-json\/wp\/v2\/posts\/19660\/revisions\/34678"}],"wp:featuredmedia":[{"embeddable":true,"href":"https:\/\/dralvarez.com.mx\/larevista\/wp-json\/wp\/v2\/media\/34679"}],"wp:attachment":[{"href":"https:\/\/dralvarez.com.mx\/larevista\/wp-json\/wp\/v2\/media?parent=19660"}],"wp:term":[{"taxonomy":"category","embeddable":true,"href":"https:\/\/dralvarez.com.mx\/larevista\/wp-json\/wp\/v2\/categories?post=19660"},{"taxonomy":"post_tag","embeddable":true,"href":"https:\/\/dralvarez.com.mx\/larevista\/wp-json\/wp\/v2\/tags?post=19660"}],"curies":[{"name":"wp","href":"https:\/\/api.w.org\/{rel}","templated":true}]}}