{"id":19650,"date":"2021-09-26T00:00:00","date_gmt":"2021-09-26T06:00:00","guid":{"rendered":"https:\/\/dralvarez.com.mx\/larevista\/blog\/lo-mas-importante-para-mexico"},"modified":"2024-02-23T10:56:57","modified_gmt":"2024-02-23T16:56:57","slug":"lo-mas-importante-para-mexico","status":"publish","type":"post","link":"https:\/\/dralvarez.com.mx\/larevista\/opiniones\/lo-mas-importante-para-mexico","title":{"rendered":"Lo m\u00e1s importante para M\u00e9xico"},"content":{"rendered":"<p><b>Por: Marco A. Cortez N.<\/b><\/p>\n<p>Hoy dejaremos de lado problemas fundamentales como la pandemia; sus contagios, v\u00edctimas, plan de vacunaci\u00f3n y otros asuntos no menos importantes como las crisis econ\u00f3mica y social, y m\u00e1s delicado a\u00fan, la inseguridad y \u00edndices de criminalidad, as\u00ed como el desabasto de medicinas que, pese a lo dicho por el gobierno federal, varios sectores de la sociedad siguen clamando, especialmente para el tratamiento y atenci\u00f3n de personas con c\u00e1ncer.<\/p>\n<p>Hoy hablaremos de la pol\u00edtica exterior, la misma que encabeza Marcelo Ebrard Casaub\u00f3n y que, al parecer, es su punta de lanza para tratar al t\u00fa por t\u00fa a su compa\u00f1era y actual jefa del gobierno capitalino, Claudia Sheinbaum, quien en las \u00faltimas semanas ha sido entronizada por el mism\u00edsimo presidente como una de las mejores, sino la mejor. Pr\u00e1cticamente el mandatario ha hecho de Claudia la esperanza para la continuidad de la 4T.<\/p>\n<p>Yo no tengo duda que para el presidente L\u00f3pez Obrador una de sus mejores estrategias de pol\u00edtica interna y externa se centra en sus conferencias ma\u00f1aneras. Este es el lugar desde donde gobierna, dicta pol\u00edticas, juzga y sentencia si es necesario a sus adversarios y detractores.<\/p>\n<p>Pero regresando al tema que nos ata\u00f1e, la pol\u00edtica exterior de AMLO es un reflejo de su pol\u00edtica interior. Es decir, hay desorden, y para muestra un bot\u00f3n, la cumbre de Estados Latinoamericanos y de El Caribe (CELAC) que reuni\u00f3 a casi todos los representantes de pa\u00edses del continente con un claro objetivo: desplazar a la OEA y posicionar a la CELAC como el pivote regional, sin embargo, hay un peque\u00f1o, m\u00e1s bien, dos peque\u00f1os detalles: EE.UU. y Canad\u00e1, y sobresaliendo la ausencia del coloso sudamericano Brasil.<\/p>\n<p>El evento de la CELAC, en Palacio Nacional aparentemente fluy\u00f3 bien hasta que dos de sus participantes, los presidentes de Paraguay y de Uruguay ubicaron las dimensiones de otros asistentes, l\u00edderes de Cuba y de Venezuela, sin dejar de lado tambi\u00e9n a Nicaragua. El encuentro, creo yo, no arroj\u00f3 los resultados esperados, aunque s\u00ed dej\u00f3 en claro la idea del presidente mexicano de crear una especie de Uni\u00f3n Americana, algo similar a la Uni\u00f3n Europea, y de la cual, por cierto, Gran Breta\u00f1a ya se retir\u00f3 o est\u00e1 a punto de hacerlo.<\/p>\n<p>Jugando al liderazgo latinoamericano y caribe\u00f1o pienso que el presidente de M\u00e9xico est\u00e1 olvidando que nuestro vecino del norte (Estados Unidos) no solo comparte m\u00e1s de 2 mil kil\u00f3metros de frontera con nuestro pa\u00eds, sino que es una de las tres potencias econ\u00f3micas y pol\u00edticas junto con la Rep\u00fablica Popular China y Rusia.<\/p>\n<p>Y no solo eso, la econom\u00eda de M\u00e9xico depende en m\u00e1s de un 50-60 por ciento de los EEUU am\u00e9n de los 40 millones de compatriotas que viven y trabajan en el vecino pa\u00eds. Cierto, M\u00e9xico es libre y soberano, se lleva con todo el mundo, muy bien, pero esos todos, salvo EE.UU. no le ofrecen a M\u00e9xico lo que hoy tiene y goza. <\/p>\n<p>Un peque\u00f1o ejemplo es el flujo a\u00e9reo y terrestre (el segundo cerrado hasta nuevo aviso) y las remesas ya citadas (40 mil millones de d\u00f3lares al a\u00f1o) que llegan a M\u00e9xico y son enviados por coterr\u00e1neos que laboran en la Uni\u00f3n Americana y, un dato m\u00e1s, \u00bfque pa\u00eds est\u00e1 en mayores posibilidades de vender y\/o donar vacunas contra COVID-19 a nuestro pa\u00eds?<\/p>\n<p>Marcelo est\u00e1 haciendo su lucha por llegar a la grande, siento que Claudia piensa que ya la tiene segura e incluso se da el lujo de decir que a\u00fan no es tiempo para hablar del tema. <\/p>\n<p>Pero saben muy bien que en la pol\u00edtica dos m\u00e1s dos no son 4 son 22, la pol\u00edtica es tan compleja e impredecible como el universo mismo y no creo -a sabiendas del colmillo del jefe m\u00e1ximo, que no ser\u00e1 ni uno ni otro, entre las &#8220;corcholatas&#8221; destapadas a\u00fan siento no se muestra la premiada.<\/p>\n<p>Creo ambos son distractores en este juego de sucesi\u00f3n presidencial. Recordemos aquella m\u00e1xima del ex presidente Ernesto Zedillo cuando despu\u00e9s de no s\u00e9 cu\u00e1ntas d\u00e9cadas, el PRI dej\u00f3 el poder en manos de otro partido. Zedillo dijo m\u00e1s o menos: \u201cA partir de ahora los mexicanos nos debemos acostumbrar a vivir en la alternancia\u201d. <\/p>\n<p>Ya le toc\u00f3 a AMLO, ya hizo o est\u00e1 haciendo lo suyo. Pero el juego de la pol\u00edtica est\u00e1 dise\u00f1ada para entronizar a quien menos se espera. Al tiempo.<\/p>\n<p>PD. Mis oraciones en memoria de mi joven compa\u00f1ero Jonathan Uan que nos dej\u00f3, mucho antes de lo previsto. La vida es tan o m\u00e1s fr\u00e1gil que un p\u00e9talo flotando en medio del oc\u00e9ano.<\/p>\n<p>Hasta la pr\u00f3xima.<\/p>\n","protected":false},"excerpt":{"rendered":"<p>Por: Marco A. Cortez N.<\/p>\n","protected":false},"author":1124,"featured_media":34670,"comment_status":"open","ping_status":"open","sticky":false,"template":"","format":"standard","meta":{"tdm_status":"","tdm_grid_status":"","footnotes":""},"categories":[25],"tags":[],"_links":{"self":[{"href":"https:\/\/dralvarez.com.mx\/larevista\/wp-json\/wp\/v2\/posts\/19650"}],"collection":[{"href":"https:\/\/dralvarez.com.mx\/larevista\/wp-json\/wp\/v2\/posts"}],"about":[{"href":"https:\/\/dralvarez.com.mx\/larevista\/wp-json\/wp\/v2\/types\/post"}],"author":[{"embeddable":true,"href":"https:\/\/dralvarez.com.mx\/larevista\/wp-json\/wp\/v2\/users\/1124"}],"replies":[{"embeddable":true,"href":"https:\/\/dralvarez.com.mx\/larevista\/wp-json\/wp\/v2\/comments?post=19650"}],"version-history":[{"count":1,"href":"https:\/\/dralvarez.com.mx\/larevista\/wp-json\/wp\/v2\/posts\/19650\/revisions"}],"predecessor-version":[{"id":34669,"href":"https:\/\/dralvarez.com.mx\/larevista\/wp-json\/wp\/v2\/posts\/19650\/revisions\/34669"}],"wp:featuredmedia":[{"embeddable":true,"href":"https:\/\/dralvarez.com.mx\/larevista\/wp-json\/wp\/v2\/media\/34670"}],"wp:attachment":[{"href":"https:\/\/dralvarez.com.mx\/larevista\/wp-json\/wp\/v2\/media?parent=19650"}],"wp:term":[{"taxonomy":"category","embeddable":true,"href":"https:\/\/dralvarez.com.mx\/larevista\/wp-json\/wp\/v2\/categories?post=19650"},{"taxonomy":"post_tag","embeddable":true,"href":"https:\/\/dralvarez.com.mx\/larevista\/wp-json\/wp\/v2\/tags?post=19650"}],"curies":[{"name":"wp","href":"https:\/\/api.w.org\/{rel}","templated":true}]}}