{"id":19642,"date":"2021-09-24T00:00:00","date_gmt":"2021-09-24T06:00:00","guid":{"rendered":"https:\/\/dralvarez.com.mx\/larevista\/blog\/33-anos"},"modified":"2024-02-23T10:56:47","modified_gmt":"2024-02-23T16:56:47","slug":"33-anos","status":"publish","type":"post","link":"https:\/\/dralvarez.com.mx\/larevista\/opiniones\/33-anos","title":{"rendered":"33 a\u00f1os"},"content":{"rendered":"<\/p>\n<p><b><i>La revista peninsular<\/i><\/b><\/p>\n<p>Esta es una semana de festejos para La Revista<br \/>\nPeninsular pues cumplimos 33 a\u00f1os de brindarle informaci\u00f3n sobre los sucesos<br \/>\nm\u00e1s relevantes en el \u00e1mbito pol\u00edtico local, nacional e internacional. Nos<br \/>\nsentimos sumamente agradecidos por la confianza que semana a semana nos da pues<br \/>\nnos ha permitido consolidarnos como una lectura imprescindible para la clase<br \/>\npol\u00edtica del sureste mexicano.<\/p>\n<p>Don Eduardo R. Men\u00e9ndez Rodr\u00edguez comenz\u00f3 esta casa<br \/>\neditorial con el objetivo de crear un espacio en el cual se aplaudan las<br \/>\nvirtudes del gobierno, pero se griten sus defectos; un espacio sin<br \/>\nindulgencias, desplantes ni fanatismos, solo un compromiso con la verdad<br \/>\nobjetiva. A m\u00e1s de tres d\u00e9cadas de que iniciara este proyecto, seguimos firmes<br \/>\npor un M\u00e9xico democr\u00e1tico procurando nuestros objetivos fundacionales con<br \/>\nconvicci\u00f3n.<\/p>\n<p>As\u00ed como la gran mayor\u00eda de las empresas e<br \/>\ninstituciones en el mundo, nuestra casa editorial se vio afectada por la<br \/>\npandemia de COVID-19 ya que \u00e9sta modific\u00f3 radicalmente las rutinas y h\u00e1bitos de<br \/>\nlas personas, lo cual cambi\u00f3 c\u00f3mo consumen ahora la informaci\u00f3n. Sin embargo,<br \/>\ntomamos la adversidad como un reto y reforzamos nuestra difusi\u00f3n de contenido<br \/>\nen redes sociales para continuar procurando el objetivo que Don Eduardo R.<br \/>\nMen\u00e9ndez Rodr\u00edguez estableci\u00f3 hace 33 a\u00f1os.<\/p>\n<p>Con trabajo constante, responsable y profesional<br \/>\nhemos logrado construir un medio en el cual han participado personajes de gran<br \/>\nprestigio a nivel nacional e internacional. Analistas, expertos, funcionarios,<br \/>\nacad\u00e9micos y pol\u00edticos han engalanado nuestras p\u00e1ginas y micr\u00f3fonos con sus<br \/>\nperspectivas de c\u00f3mo se desarrolla la vida p\u00fablica del pa\u00eds. Asimismo,<br \/>\ncandidatos y candidatas de todos los partidos confiaron en nuestra plataforma<br \/>\npara hacer llegar mensajes a la ciudadan\u00eda en el marco del proceso electoral<br \/>\n2020-2021.<\/p>\n<p>A todos estos individuos que con generosidad nos<br \/>\nregalaron algunas de sus ideas les mandamos un enorme agradecimiento. Gracias<br \/>\nal nivel de sus intervenciones nos hemos podido distinguir como un medio de<br \/>\ncomunicaci\u00f3n de calidad y profesionalismo.<\/p>\n<p>De igual manera, agradezco profundamente a quienes<br \/>\ncolaboran en La Revista Peninsular pues no ser\u00eda posible cumplir con nuestro<br \/>\ncompromiso semanal sin ellos ni ellas. Nuestra casa editorial no es nada sin<br \/>\nlas manos que la sostienen.<\/p>\n<p>Por \u00faltimo, le agradecemos a usted pues es su<br \/>\nconfianza la que nos permite seguir este proyecto. La Revista Peninsular es lo<br \/>\nque es gracias a quienes la leen, por lo que nuestro \u00e9xito se lo debemos a<br \/>\nustedes.<\/p>\n<p>Despu\u00e9s de 33 a\u00f1os, seguimos al pie del ca\u00f1\u00f3n. Con<br \/>\nlos mismos objetivos establecidos desde el inicio y con la capacidad de<br \/>\nrenovarnos para alcanzarlos, independientemente de las circunstancias. Muchas<br \/>\ngracias a todos quienes contribuyen a hacer posible La Revista Peninsular,<br \/>\nesperamos seguir contando con su confianza y colaboraci\u00f3n por muchos a\u00f1os m\u00e1s.<\/p>\n<p><\/p>\n","protected":false},"excerpt":{"rendered":"<p>Editorial<\/p>\n","protected":false},"author":1111,"featured_media":0,"comment_status":"open","ping_status":"open","sticky":false,"template":"","format":"standard","meta":{"tdm_status":"","tdm_grid_status":"","footnotes":""},"categories":[25],"tags":[],"_links":{"self":[{"href":"https:\/\/dralvarez.com.mx\/larevista\/wp-json\/wp\/v2\/posts\/19642"}],"collection":[{"href":"https:\/\/dralvarez.com.mx\/larevista\/wp-json\/wp\/v2\/posts"}],"about":[{"href":"https:\/\/dralvarez.com.mx\/larevista\/wp-json\/wp\/v2\/types\/post"}],"author":[{"embeddable":true,"href":"https:\/\/dralvarez.com.mx\/larevista\/wp-json\/wp\/v2\/users\/1111"}],"replies":[{"embeddable":true,"href":"https:\/\/dralvarez.com.mx\/larevista\/wp-json\/wp\/v2\/comments?post=19642"}],"version-history":[{"count":1,"href":"https:\/\/dralvarez.com.mx\/larevista\/wp-json\/wp\/v2\/posts\/19642\/revisions"}],"predecessor-version":[{"id":34665,"href":"https:\/\/dralvarez.com.mx\/larevista\/wp-json\/wp\/v2\/posts\/19642\/revisions\/34665"}],"wp:attachment":[{"href":"https:\/\/dralvarez.com.mx\/larevista\/wp-json\/wp\/v2\/media?parent=19642"}],"wp:term":[{"taxonomy":"category","embeddable":true,"href":"https:\/\/dralvarez.com.mx\/larevista\/wp-json\/wp\/v2\/categories?post=19642"},{"taxonomy":"post_tag","embeddable":true,"href":"https:\/\/dralvarez.com.mx\/larevista\/wp-json\/wp\/v2\/tags?post=19642"}],"curies":[{"name":"wp","href":"https:\/\/api.w.org\/{rel}","templated":true}]}}