{"id":19590,"date":"2021-09-20T00:00:00","date_gmt":"2021-09-20T06:00:00","guid":{"rendered":"https:\/\/dralvarez.com.mx\/larevista\/blog\/la-violencia-la-justicia-la-impunidad"},"modified":"2024-02-23T10:54:58","modified_gmt":"2024-02-23T16:54:58","slug":"la-violencia-la-justicia-la-impunidad","status":"publish","type":"post","link":"https:\/\/dralvarez.com.mx\/larevista\/opiniones\/la-violencia-la-justicia-la-impunidad","title":{"rendered":"La violencia, la justicia, la impunidad"},"content":{"rendered":"<\/p>\n<p><b><i>Por Jorge Fern\u00e1ndez Men\u00e9ndez<\/i><\/b><\/p>\n<p>Van cien mil muertes en el sexenio y la violencia y<br \/>\nla inseguridad siguen imparables. Este lunes pasado fue uno de los d\u00edas con<br \/>\nmayor n\u00famero de asesinatos en el pa\u00eds: se cometieron 100, poco m\u00e1s de cuatro<br \/>\npor hora, una muerte cada 14 minutos. El martes 7 de septiembre hubo 105<br \/>\nasesinatos y en los primeros trece d\u00edas del mes, los homicidios sumaron mil 75.<br \/>\nA nivel federal ya estamos en cien mil asesinatos, aproximadamente unos 100<br \/>\ndiarios promedio durante cada d\u00eda de lo que va del sexenio. Muchos m\u00e1s que en<br \/>\nel mismo periodo en los gobiernos de Fox, Calder\u00f3n o Pe\u00f1a Nieto.<\/p>\n<p>Con todo, \u00e9se no es el mayor problema: mucho mayor<br \/>\nque esta ola incontenible de cr\u00edmenes es la impunidad con la que se cometen.<br \/>\nCasi ninguno de los autores de esos cien mil asesinatos o de los 300 mil que se<br \/>\nsumaron entre los sexenios de Fox, Calder\u00f3n y Pe\u00f1a Nieto, o de los autores de<br \/>\ndecenas de miles de desapariciones, ha sido detenido y condenado. Nunca antes<br \/>\nen la historia del pa\u00eds, matar hab\u00eda salido tan barato. Aquello de que la vida<br \/>\nno vale nada, nunca ha estado tan vigente como hoy en d\u00eda.<\/p>\n<p>Mientras persista la impunidad se impone el<br \/>\nempoderamiento de los grupos criminales. Y si la impunidad va acompa\u00f1ada de una<br \/>\npol\u00edtica de contenci\u00f3n y de no enfrentamiento, el empoderamiento criminal es<br \/>\nmucho m\u00e1s notorio a\u00fan.<\/p>\n<p>En este escenario se comenz\u00f3 a aplicar, desde el<br \/>\nmi\u00e9rcoles pasado, la amnist\u00eda que ha otorgado el gobierno federal a cientos de<br \/>\npersonas encarceladas, unas 625 aproximadamente en todo el pa\u00eds. Entre los<br \/>\nliberados no estuvo el secuestrador Israel Vallarta, l\u00edder de la banda de Los<br \/>\nZodiaco, porque no se demostr\u00f3 que haya sido torturado y tiene varios procesos<br \/>\nabiertos en su contra, acusado de distintos delitos. Vallarta, c\u00e9lebre por<br \/>\nhaber sido la pareja de Florence Cassez (liberada por fallas al debido proceso<br \/>\ny por la fuerte presi\u00f3n diplom\u00e1tica del gobierno franc\u00e9s, no porque fuera<br \/>\ninocente de los delitos de los que se la acusaba), como otros delincuentes,<br \/>\nincluyendo algunos de los que cometieron los mayores cr\u00edmenes d\u00e9cada y media<br \/>\natr\u00e1s, trat\u00f3 de liberarse argumentando, tambi\u00e9n, que ha pasado tanto tiempo de<br \/>\nsu detenci\u00f3n y que a\u00fan no tiene condena.<\/p>\n<p>Y es verdad, lo mismo que en muchos otros casos,<br \/>\npero lo cierto es que \u00e9sa es una estrategia legal a la que han optado muchos de<br \/>\nestos personajes para tratar de as\u00ed evadir la acci\u00f3n de la ley. El secretario<br \/>\nde Gobernaci\u00f3n, Ad\u00e1n Augusto L\u00f3pez Hern\u00e1ndez, anunci\u00f3 que Vallarta seguir\u00eda en<br \/>\nla c\u00e1rcel, dando as\u00ed un giro de 180 grados a la tendencia que se hab\u00eda<br \/>\nimpulsado en Gobernaci\u00f3n para la liberaci\u00f3n de \u00e9ste y otros personajes acusados<br \/>\nde graves secuestros argumentando tortura o falta de condena judicial. Ojal\u00e1<br \/>\n\u00e9esta comience a ser la norma y no la excepci\u00f3n.<\/p>\n<p>Cuando se ejerce la justicia, las penas para estos<br \/>\nsujetos pueden ser dur\u00edsimas, por eso tratan de retrasarla todo lo posible.<br \/>\nEsta misma semana uno de los responsables del secuestro y muerte de Fernando<br \/>\nMart\u00ed, hijo del empresario Alejandro Mart\u00ed, fue condenado a 542 a\u00f1os de<br \/>\nprisi\u00f3n, por la pena acumulada de varios secuestros y asesinatos.<\/p>\n<p>Otro caso en el que se brind\u00f3 sentencia esta semana<br \/>\nfue el del narcotraficante Vicente Carrillo Fuentes, condenado a 28 a\u00f1os de<br \/>\nprisi\u00f3n. Hab\u00eda sido detenido desde el 2014. Apenas ahora se dict\u00f3 sentencia.<br \/>\nVicente es el hermano de Amado Carrillo Fuentes, El Se\u00f1or de los Cielos, el m\u00e1s<br \/>\nimportante capo del narcotr\u00e1fico hasta su muerte, en 1997, asesinado durante<br \/>\nuna operaci\u00f3n est\u00e9tica por sus propios m\u00e9dicos, en una conjura interna del<br \/>\nc\u00e1rtel que Amado encabezaba.<\/p>\n<p>La sucesi\u00f3n de Amado Carrillo dividi\u00f3 a lo que era<br \/>\nentonces el c\u00e1rtel hegem\u00f3nico, con epicentro en Ciudad Ju\u00e1rez. El control se lo<br \/>\nquedaron El Chapo Guzm\u00e1n; El Azul Esparragoza y El Mayo Zambada. Hubo dos<br \/>\ngrupos que exigieron su lugar en la mesa de direcci\u00f3n de esa organizaci\u00f3n<br \/>\ncriminal. Unos fueron los Beltr\u00e1n Leyva, los otros los hermanos de El Se\u00f1or de<br \/>\nlos Cielos. La ruptura fue inevitable despu\u00e9s de que uno de los hermanos<br \/>\nBeltr\u00e1n Leyva, apodado El Mochomo (cuyo hijo, por cierto, acaba de obtener una<br \/>\nliberaci\u00f3n anticipada) fue detenido por fuerzas federales (los Beltr\u00e1n Leyva<br \/>\nsiempre dijeron que fue delatado por la gente de El Chapo) y que Rodolfo, el<br \/>\nhermano menor de los Carrillo Fuentes, fuera asesinado junto con su esposa en<br \/>\nun centro comercial en Culiac\u00e1n. Los Beltr\u00e1n, Vicente Carrillo y Los Zetas se<br \/>\nunieron en una alianza para desafiar al C\u00e1rtel de Sinaloa. Desde entonces, el<br \/>\nproceso comenz\u00f3 en 2004, la violencia desatada por la guerra entre c\u00e1rteles ha<br \/>\nsido incontenible.<\/p>\n<p>\u00bfPodr\u00eda cambiar esto con una justicia mucho m\u00e1s<br \/>\nr\u00e1pida y expedita, con sentencias m\u00e1s duras como las que se aplicaron al<br \/>\nsecuestrador de Fernando o a Vicente Carrillo? Por supuesto que s\u00ed, en buena<br \/>\nmedida el que existan condenas y se haga justicia reduce el empoderamiento<br \/>\ncriminal y aumenta la percepci\u00f3n ciudadana de que se combate al crimen: los<br \/>\ngrupos se podr\u00e1n fragmentar y seguir ejerciendo violencia, pero tambi\u00e9n es<br \/>\nverdad que se debilitan. Hoy ni los Beltr\u00e1n Leyva ni Los Zetas ni el C\u00e1rtel de<br \/>\nJu\u00e1rez de los Carrillo Fuente son lo que eran, quedan remanentes de todos<br \/>\nellos, pero est\u00e1n lejos de ser c\u00e1rteles tan poderosos como lo fueron en el<br \/>\npasado. Combatirlos y aplicar la justicia es imprescindible para hacerle frente<br \/>\nal crimen, organizado o no.<\/p>\n<p><\/p>\n","protected":false},"excerpt":{"rendered":"<p>La violencia, la justicia, la impunidad<\/p>\n","protected":false},"author":1036,"featured_media":0,"comment_status":"open","ping_status":"open","sticky":false,"template":"","format":"standard","meta":{"tdm_status":"","tdm_grid_status":"","footnotes":""},"categories":[25],"tags":[],"_links":{"self":[{"href":"https:\/\/dralvarez.com.mx\/larevista\/wp-json\/wp\/v2\/posts\/19590"}],"collection":[{"href":"https:\/\/dralvarez.com.mx\/larevista\/wp-json\/wp\/v2\/posts"}],"about":[{"href":"https:\/\/dralvarez.com.mx\/larevista\/wp-json\/wp\/v2\/types\/post"}],"author":[{"embeddable":true,"href":"https:\/\/dralvarez.com.mx\/larevista\/wp-json\/wp\/v2\/users\/1036"}],"replies":[{"embeddable":true,"href":"https:\/\/dralvarez.com.mx\/larevista\/wp-json\/wp\/v2\/comments?post=19590"}],"version-history":[{"count":1,"href":"https:\/\/dralvarez.com.mx\/larevista\/wp-json\/wp\/v2\/posts\/19590\/revisions"}],"predecessor-version":[{"id":34624,"href":"https:\/\/dralvarez.com.mx\/larevista\/wp-json\/wp\/v2\/posts\/19590\/revisions\/34624"}],"wp:attachment":[{"href":"https:\/\/dralvarez.com.mx\/larevista\/wp-json\/wp\/v2\/media?parent=19590"}],"wp:term":[{"taxonomy":"category","embeddable":true,"href":"https:\/\/dralvarez.com.mx\/larevista\/wp-json\/wp\/v2\/categories?post=19590"},{"taxonomy":"post_tag","embeddable":true,"href":"https:\/\/dralvarez.com.mx\/larevista\/wp-json\/wp\/v2\/tags?post=19590"}],"curies":[{"name":"wp","href":"https:\/\/api.w.org\/{rel}","templated":true}]}}