{"id":19586,"date":"2021-09-20T00:00:00","date_gmt":"2021-09-20T06:00:00","guid":{"rendered":"https:\/\/dralvarez.com.mx\/larevista\/blog\/escogiendo-amigos"},"modified":"2024-02-23T10:54:52","modified_gmt":"2024-02-23T16:54:52","slug":"escogiendo-amigos","status":"publish","type":"post","link":"https:\/\/dralvarez.com.mx\/larevista\/opiniones\/escogiendo-amigos","title":{"rendered":"Escogiendo amigos"},"content":{"rendered":"<p><b><i>Por Pascal Beltr\u00e1n del R\u00edo<\/i><\/b><\/p>\n<p>\u201c\u00a1Viva<br \/>\nla democracia!\u201d fue una de las arengas que lanz\u00f3 el presidente Andr\u00e9s Manuel<br \/>\nL\u00f3pez Obrador en el Grito de Independencia del mi\u00e9rcoles. No es la primera vez<br \/>\nque el mandatario hace un elogio de la democracia. Parte central de su discurso<br \/>\nha sido pedir \u201cque el pueblo decida\u201d.<\/p>\n<p>Suena<br \/>\nextra\u00f1o para un dem\u00f3crata tener como invitado de honor en la principal<br \/>\nceremonia c\u00edvica para los mexicanos al presidente de un pa\u00eds que tiene un<br \/>\nsistema pol\u00edtico de partido de Estado y en el que las elecciones son una<br \/>\nsimulaci\u00f3n, muy a semejanza de lo que pasaba en M\u00e9xico en los tiempos de la<br \/>\nhegemon\u00eda priista. Me refiero a Miguel D\u00edaz-Canel, presidente de Cuba, quien<br \/>\npronunci\u00f3 un discurso en el Z\u00f3calo, previo al desfile del 16 de septiembre.<\/p>\n<p>Tomemos,<br \/>\ncomo ejemplo de la \u201cdemocracia\u201d cubana, los resultados de los comicios para<br \/>\ngobernadores y vicegobernadores celebrados en la isla el 18 de enero de 2020,<br \/>\norganizados en el contexto de la reforma de 2019 a la Constituci\u00f3n.<\/p>\n<p>\u201cReflejo<br \/>\nde un ejercicio leg\u00edtimo de votaci\u00f3n, los delegados a las Asambleas Municipales<br \/>\ndel Poder Popular, constituidos en colegios electorales, eligieron estos cargos<br \/>\na propuesta del presidente de la Rep\u00fablica, Miguel D\u00edaz-Canel Berm\u00fadez\u201d, se<br \/>\npuede leer en la p\u00e1gina del Consejo Nacional Electoral.<\/p>\n<p>All\u00ed<br \/>\nmismo puede uno ver los resultados de las elecciones, provincia por provincia.<br \/>\nLos porcentajes de votaci\u00f3n para los candidatos a gobernadores fluct\u00faan entre<br \/>\n94.73 y 99.85% y a vicegobernadores, entre 93.67 y 99.68 por ciento.<\/p>\n<p>La<br \/>\n\u00faltima vez que Cuba celebr\u00f3 una elecci\u00f3n real \u2013o, por lo menos, pluripartidista<br \/>\ny competida\u2013 fue en 1948. Esa vez, el candidato de Partido Aut\u00e9ntico, Carlos<br \/>\nPr\u00edo Socarr\u00e1s, obtuvo 45.8% de los votos contra 30.3% de Ricardo N\u00fa\u00f1ez, del<br \/>\nPartido Liberal, y Eduardo Chib\u00e1s, del Ortodoxo.<\/p>\n<p>Pese a<br \/>\nhaber quedado en tercer lugar, Chib\u00e1s fue la sorpresa de las elecciones,<br \/>\nimpulsado por simpatizantes j\u00f3venes, entre los que se encontraba un estudiante<br \/>\nde derecho llamado Fidel Castro. Se pensaba que se beneficiar\u00eda electoralmente<br \/>\ncuando muchos de sus seguidores alcanzaran la mayor\u00eda de edad y que eso lo<br \/>\nllevar\u00eda a la presidencia en 1952.<\/p>\n<p>Implacable<br \/>\ndenunciador de la corrupci\u00f3n, Chib\u00e1s protagoniz\u00f3 una pol\u00e9mica cuando no pudo<br \/>\nsostener una acusaci\u00f3n contra un funcionario del gobierno de Pr\u00edas. Ante la<br \/>\nimposibilidad de encontrar pruebas de sus dichos, se suicid\u00f3 en 1951.<\/p>\n<p>Para<br \/>\nentonces, ya hab\u00eda comenzado la efervescencia electoral. El expresidente<br \/>\nFulgencio Batista anunci\u00f3 su candidatura. Por el oficialismo destacaba el<br \/>\ncanciller Carlos Hevia y por los ortodoxos, el soci\u00f3logo Roberto Agramonte,<br \/>\nsucesor natural de Chib\u00e1s. Viendo que era imposible ganar, Batista dio un golpe<br \/>\nde Estado, cuando faltaba un semestre para que terminara el gobierno de Pr\u00edo,<br \/>\nacusando a \u00e9ste de fraguar un fraude electoral.<\/p>\n<p>La<br \/>\ndictadura de Batista acab\u00f3 con la democracia cubana, cosa que se mantuvo luego<br \/>\ndel triunfo de los revolucionarios encabezados por Castro. Tanto Hevia como<br \/>\nAgramonte \u2013ef\u00edmero canciller del nuevo r\u00e9gimen\u2013 vivieron el resto de su vida en<br \/>\nel exilio.<\/p>\n<p>Para un<br \/>\npresidente que alaba la democracia, como Andr\u00e9s Manuel L\u00f3pez Obrador, la<br \/>\ninvitaci\u00f3n a D\u00edaz-Canel resulta una enorme contradicci\u00f3n.<\/p>\n<p>El<br \/>\ntabasque\u00f1o parec\u00eda estar siguiendo el libreto del viejo PRI, en el que M\u00e9xico<br \/>\napoyaba a Cuba para no ser avasallado por Estados Unidos. Pero ya no son esos<br \/>\ntiempos. Para Washington, la presencia en M\u00e9xico del l\u00edder cubano habr\u00e1<br \/>\nparecido una excentricidad m\u00e1s que una molestia real.<\/p>\n<p>Al<br \/>\ncondenar el embargo comercial contra la isla \u2013\u201cbloqueo\u201d, le llam\u00f3\u2013, L\u00f3pez<br \/>\nObrador calc\u00f3 la vieja ret\u00f3rica que siempre deja de lado que esa pol\u00edtica<br \/>\nestadunidense es una de las razones por las que el Partido Comunista sigue en<br \/>\nel poder.<\/p>\n<p>Y decir<br \/>\nque las protestas que se vivieron este verano en la isla son parte de un plan<br \/>\nmal\u00e9volo para \u201cenfrentar al pueblo de Cuba con su gobierno\u201d fue una aut\u00e9ntica<br \/>\nbofetada a quienes all\u00e1 luchan por la democracia, como aqu\u00ed lo hizo L\u00f3pez<br \/>\nObrador durante los a\u00f1os del autoritarismo priista.<\/p>\n<p>No creo<br \/>\nque haya un foco rojo en la relaci\u00f3n de M\u00e9xico con Estados Unidos por ese tipo<br \/>\nde desplantes. Pero si \u00e9stos se acumulan, qui\u00e9n sabe.<\/p><\/p>\n","protected":false},"excerpt":{"rendered":"<p>Escogiendo amigos<\/p>\n","protected":false},"author":1127,"featured_media":0,"comment_status":"open","ping_status":"open","sticky":false,"template":"","format":"standard","meta":{"tdm_status":"","tdm_grid_status":"","footnotes":""},"categories":[25],"tags":[],"_links":{"self":[{"href":"https:\/\/dralvarez.com.mx\/larevista\/wp-json\/wp\/v2\/posts\/19586"}],"collection":[{"href":"https:\/\/dralvarez.com.mx\/larevista\/wp-json\/wp\/v2\/posts"}],"about":[{"href":"https:\/\/dralvarez.com.mx\/larevista\/wp-json\/wp\/v2\/types\/post"}],"author":[{"embeddable":true,"href":"https:\/\/dralvarez.com.mx\/larevista\/wp-json\/wp\/v2\/users\/1127"}],"replies":[{"embeddable":true,"href":"https:\/\/dralvarez.com.mx\/larevista\/wp-json\/wp\/v2\/comments?post=19586"}],"version-history":[{"count":1,"href":"https:\/\/dralvarez.com.mx\/larevista\/wp-json\/wp\/v2\/posts\/19586\/revisions"}],"predecessor-version":[{"id":34621,"href":"https:\/\/dralvarez.com.mx\/larevista\/wp-json\/wp\/v2\/posts\/19586\/revisions\/34621"}],"wp:attachment":[{"href":"https:\/\/dralvarez.com.mx\/larevista\/wp-json\/wp\/v2\/media?parent=19586"}],"wp:term":[{"taxonomy":"category","embeddable":true,"href":"https:\/\/dralvarez.com.mx\/larevista\/wp-json\/wp\/v2\/categories?post=19586"},{"taxonomy":"post_tag","embeddable":true,"href":"https:\/\/dralvarez.com.mx\/larevista\/wp-json\/wp\/v2\/tags?post=19586"}],"curies":[{"name":"wp","href":"https:\/\/api.w.org\/{rel}","templated":true}]}}