{"id":19584,"date":"2021-09-20T00:00:00","date_gmt":"2021-09-20T06:00:00","guid":{"rendered":"https:\/\/dralvarez.com.mx\/larevista\/blog\/elogios-a-la-tirania"},"modified":"2024-02-23T10:54:49","modified_gmt":"2024-02-23T16:54:49","slug":"elogios-a-la-tirania","status":"publish","type":"post","link":"https:\/\/dralvarez.com.mx\/larevista\/opiniones\/elogios-a-la-tirania","title":{"rendered":"Elogios a la tiran\u00eda"},"content":{"rendered":"<\/p>\n<p><b><i>Por Francisco Garfias<\/i><\/b><\/p>\n<p>Palabras duras de L\u00f3pez Obrador hacia Estados<br \/>\nUnidos. Elogios desmedidos al sistema cubano, en presencia del presidente de<br \/>\nese pa\u00eds, Miguel D\u00edaz-Canel, en una fecha simb\u00f3lica para los mexicanos: 16 de<br \/>\nseptiembre.<\/p>\n<p>Al tabasque\u00f1o no parece importarle la ausencia de<br \/>\nlibertades en la isla. Lo tiene sin cuidado el hecho de que el pueblo de Cuba<br \/>\nno tiene m\u00e1s opci\u00f3n de gobierno que el partido comunista de hace seis d\u00e9cadas.<\/p>\n<p>Ni una palabra en el discurso del mandatario<br \/>\nmexicano sobre las manifestaciones del 11 de julio. Ni una l\u00ednea a la represi\u00f3n<br \/>\ny las desapariciones que se reportaron, luego de que los inconformes<br \/>\nprotestaron en las calles.<\/p>\n<p>Nada tampoco sobre el encarcelamiento de opositores<br \/>\nque salieron a la calle a reclamar \u00a1libertad!, libertad de movimiento, libertad<br \/>\nde credo, libertad de expresi\u00f3n, libertad de elegir a las autoridades. \u00bfEso<br \/>\nquiere el Presidente para M\u00e9xico? \u00a1Aguas!<\/p>\n<p>Va textual una parte de lo que dijo el presidente<br \/>\nL\u00f3pez Obrador en su discurso, al pedir \u201crespetuosamente\u201d a Joe Biden levante el<br \/>\nembargo a Cuba. <\/p>\n<p>&nbsp;<\/p>\n<p>\u201cSe ve mal que el gobierno de Estados Unidos utilice<br \/>\nel bloqueo para impedir el bienestar del pueblo de Cuba con el prop\u00f3sito de que<br \/>\n\u00e9ste, obligado por la necesidad, tenga que enfrentar a su propio gobierno. <\/p>\n<p>\u201cSi esta perversa estrategia lograse tener \u00e9xito<br \/>\n\u2014algo que no parece probable por la dignidad a que nos hemos referido\u2014, se<br \/>\nconvertir\u00eda en un triunfo p\u00edrrico, vil y canallesco. En una mancha de \u00e9sas que<br \/>\nno se borran ni con toda el agua de los oc\u00e9anos\u2026<\/p>\n<p>\u201cPodemos estar de acuerdo o no con la Revoluci\u00f3n<br \/>\nCubana y con su gobierno, pero el haber resistido 62 a\u00f1os sin sometimiento es<br \/>\nuna indiscutible haza\u00f1a hist\u00f3rica\u201d.<\/p>\n<p>Al Presidente se le olvid\u00f3 mencionar, obvio, que hoy<br \/>\npor hoy Estados Unidos es el principal proveedor de medicinas y alimentos en la<br \/>\nisla.<\/p>\n<p>El hecho de dar a D\u00edaz-Canel la calidad de invitado<br \/>\nde honor y cederle la palabra durante la celebraci\u00f3n de la Independencia, es<br \/>\nuna se\u00f1al hostil hacia el presidente Biden. <\/p>\n<p>Lo es tambi\u00e9n culpar exclusivamente a la Uni\u00f3n<br \/>\nAmericana de la falta de bienestar en Cuba.<\/p>\n<p>En su discurso, el Presidente de M\u00e9xico asumi\u00f3 como<br \/>\npropios los argumentos de un r\u00e9gimen que no ha logrado llevar a su pueblo al<br \/>\n\u201cpara\u00edso comunista\u201d que prometi\u00f3 desde 1959.<\/p>\n<p>\u00bfCu\u00e1l es la apuesta de L\u00f3pez Obrador frente al<br \/>\npresidente Biden? \u00bfQu\u00e9 busca al endurecer el tono?<\/p>\n<p>Habla el excanciller Jorge Casta\u00f1eda: \u201cNo creo que<br \/>\nbusque nada. Es su estado natural. Es lo que siempre ha cre\u00eddo. Se siente c\u00f3modo.<br \/>\nEs un gran admirador de Fidel Castro y de la Revoluci\u00f3n Cubana. <\/p>\n<p>\u201cSe cuidaba con Trump. Ahorita siente que ya no se<br \/>\ntiene que cuidar. Tiene agarrado a Biden de los h\u2026 con el tema de los<br \/>\nmigrantes. Es procubano. La gente no lo entiende.<\/p>\n<p>\u201cBiden va a aceptarle todo mientras no deje entrar a<br \/>\nlos migrantes. Lo dem\u00e1s no le importa. Los senadores cubanos, los senadores<br \/>\nrepublicanos pueden empezar a patalear. Pero s\u00f3lo ellos: Men\u00e9ndez, Rubio, Cruz,<br \/>\nSalazar\u2026\u201d.<\/p>\n<p>La misma pregunta le hicimos a la periodista Beatriz<br \/>\nPag\u00e9s, una de las cabezas de la organizaci\u00f3n S\u00ed por M\u00e9xico. Nos dijo: <\/p>\n<p>\u201cVamos a ver c\u00f3mo le cae tanto ladrido a Estados<br \/>\nUnidos. Es evidente que est\u00e1 m\u00e1s interesado en los reflectores que en la<br \/>\npol\u00edtica fina para destrabar el bloqueo\u201d.<\/p>\n<p>Con esto, agreg\u00f3, \u201cest\u00e1 colocando a M\u00e9xico en medio<br \/>\nde una lucha de potencias. Muy peligroso\u201d.<\/p>\n<p>El pol\u00edtico y abogado del PRI, H\u00e9ctor Yunes,<br \/>\nreaccion\u00f3 tambi\u00e9n al discurso de L\u00f3pez Obrador.<\/p>\n<p>\u201cEscoja mejor a sus enemigos, se\u00f1or Presidente.<br \/>\nPelearse con EU por defender a un gobierno repudiado por su propio pueblo es<br \/>\nuna mala apuesta diplom\u00e1tica\u201d, resumi\u00f3.<\/p>\n<p>Tan a gusto se siente con el tema que L\u00f3pez Obrador<br \/>\ninsisti\u00f3 en que Cuba merece el \u201cpremio de la dignidad\u201d, y que la isla debe ser<br \/>\nconsiderada como \u201cla nueva Numancia\u201d por su ejemplo de resistencia. Propone,<br \/>\nincluso, que sea declarada Patrimonio de la Humanidad.<\/p>\n<p>\u00bfQu\u00e9 pas\u00f3 en Numancia, pueblo de Castilla, que<br \/>\ndesafi\u00f3 el poder\u00edo de Roma?<\/p>\n<p>Cito a Wikipedia: \u201cLa ciudad se rindi\u00f3 en el verano<br \/>\nde 133 A.C., tras once meses de aislamiento. El hambre hab\u00eda diezmado a la<br \/>\npoblaci\u00f3n, que, seg\u00fan la leyenda, se aliment\u00f3 de carne humana. Muchos<br \/>\nnumantinos prefirieron poner fin a sus vidas y a las de sus familias antes que<br \/>\ncaer en manos de sus enemigos. El resto pas\u00f3 a la esclavitud\u201d.<\/p>\n<p>\u00bfPor qu\u00e9 ser\u00e1 que muchos cubanos prefieren arriesgar<br \/>\nsu vida en fr\u00e1giles balsas para llegar a otros pa\u00edses, en busca de una vida m\u00e1s<br \/>\ndigna? Les dejo la pregunta.<\/p>\n<p><\/p>\n","protected":false},"excerpt":{"rendered":"<p>Elogios a la tiran\u00eda<\/p>\n","protected":false},"author":1035,"featured_media":0,"comment_status":"open","ping_status":"open","sticky":false,"template":"","format":"standard","meta":{"tdm_status":"","tdm_grid_status":"","footnotes":""},"categories":[25],"tags":[],"_links":{"self":[{"href":"https:\/\/dralvarez.com.mx\/larevista\/wp-json\/wp\/v2\/posts\/19584"}],"collection":[{"href":"https:\/\/dralvarez.com.mx\/larevista\/wp-json\/wp\/v2\/posts"}],"about":[{"href":"https:\/\/dralvarez.com.mx\/larevista\/wp-json\/wp\/v2\/types\/post"}],"author":[{"embeddable":true,"href":"https:\/\/dralvarez.com.mx\/larevista\/wp-json\/wp\/v2\/users\/1035"}],"replies":[{"embeddable":true,"href":"https:\/\/dralvarez.com.mx\/larevista\/wp-json\/wp\/v2\/comments?post=19584"}],"version-history":[{"count":1,"href":"https:\/\/dralvarez.com.mx\/larevista\/wp-json\/wp\/v2\/posts\/19584\/revisions"}],"predecessor-version":[{"id":34620,"href":"https:\/\/dralvarez.com.mx\/larevista\/wp-json\/wp\/v2\/posts\/19584\/revisions\/34620"}],"wp:attachment":[{"href":"https:\/\/dralvarez.com.mx\/larevista\/wp-json\/wp\/v2\/media?parent=19584"}],"wp:term":[{"taxonomy":"category","embeddable":true,"href":"https:\/\/dralvarez.com.mx\/larevista\/wp-json\/wp\/v2\/categories?post=19584"},{"taxonomy":"post_tag","embeddable":true,"href":"https:\/\/dralvarez.com.mx\/larevista\/wp-json\/wp\/v2\/tags?post=19584"}],"curies":[{"name":"wp","href":"https:\/\/api.w.org\/{rel}","templated":true}]}}