{"id":19582,"date":"2021-09-20T00:00:00","date_gmt":"2021-09-20T06:00:00","guid":{"rendered":"https:\/\/dralvarez.com.mx\/larevista\/blog\/viva-mexico-3"},"modified":"2024-02-23T10:54:47","modified_gmt":"2024-02-23T16:54:47","slug":"viva-mexico-3","status":"publish","type":"post","link":"https:\/\/dralvarez.com.mx\/larevista\/opiniones\/viva-mexico-3","title":{"rendered":"\u00a1Viva M\u00e9xico!"},"content":{"rendered":"<\/p>\n<p><b><i>La Revista Peninsular&nbsp;<\/i><\/b><\/p>\n<p>En septiembre, considerado el mes patrio en nuestro<br \/>\npa\u00eds, aprovechamos para celebrar los valores y s\u00edmbolos nacionales que nos unen<br \/>\nen torno a un mismo sentido: el desarrollo de M\u00e9xico y el bienestar los<br \/>\nmexicanos.<\/p>\n<p>En este mes celebramos nuestro orgullo nacional pues<br \/>\nel 15 de septiembre se conmemora el inicio de la lucha por nuestra<br \/>\nindependencia. Vale la pena recordar que, en un principio, esta lucha ten\u00eda el<br \/>\nobjetivo de apoyar al monarca espa\u00f1ol Fernando VII tras ser destituido por<br \/>\nNapole\u00f3n Bonaparte en el marco de la invasi\u00f3n francesa en Espa\u00f1a, pero<br \/>\nposteriormente se torn\u00f3 en la gesta por una naci\u00f3n soberana con la obra<br \/>\nSentimientos de la Naci\u00f3n concebida por Jos\u00e9 Mar\u00eda Morelos y Pav\u00f3n y redactada<br \/>\npor Don Andr\u00e9s Quintana Roo.<\/p>\n<p>Si bien, la principal celebraci\u00f3n en septiembre<br \/>\nremembra el inicio de la independencia mexicana, existen otras efem\u00e9rides<br \/>\npropias de este mes las cuales son dignas de mencionar. Hechos hist\u00f3ricos como<br \/>\nla heroica defensa del Castillo de Chapultepec por cadetes del Colegio Militar<br \/>\ndurante la invasi\u00f3n norteamericana de 1847 o la proclamaci\u00f3n de las Leyes de<br \/>\nReforma por Benito Ju\u00e1rez en 1860 durante la Guerra de Reforma. Asimismo, en<br \/>\neste mes han ocurrido cat\u00e1strofes que han marcado profundamente a la sociedad<br \/>\nmexicana como lo son los terremotos de 1985 y del 2017.<\/p>\n<p>En septiembre tambi\u00e9n celebramos a nuestros h\u00e9roes<br \/>\nnacionales quienes con ideas y plomo lucharon por la dignidad y la libertad de<br \/>\nlos mexicanos. Debido a la pandemia, nuestros h\u00e9roes actuales, quienes tambi\u00e9n<br \/>\nmerecen ser celebrados y enaltecidos con honores, est\u00e1n en hospitales y centros<br \/>\nde salud luchando en primera fila contra el COVID-19 para proteger nuestra<br \/>\nsalud.<\/p>\n<p>Es importante recordar y reconocer los cambios que<br \/>\nha atravesado M\u00e9xico, las tragedias que ha sufrido y a los pr\u00f3ceres que ha<br \/>\nconcebido para tener presente su capacidad transformarse y superar<br \/>\nadversidades. Lo anterior es necesario con urgencia pues nuestro pa\u00eds afronta<br \/>\ncomplejos e indignantes problemas como los frecuentes asesinatos de mujeres,<br \/>\nactivistas, ambientalistas, periodistas y candidatos pol\u00edticos.<\/p>\n<p>Septiembre es un mes especial para M\u00e9xico ya que<br \/>\nfestejamos nuestra identidad nacional y reforzamos el orgullo que tenemos por<br \/>\nser mexicanos. No debemos olvidar que nuestro pa\u00eds est\u00e1 lejos de ser perfecto<br \/>\npues, aunque cuenta con una historia y bagaje cultural excepcional, su pleno<br \/>\ndesarrollo se ve obstaculizado por la corrupci\u00f3n y la violencia. Inspir\u00e9monos<br \/>\nen la rica herencia que nos han dejado generaciones de mexicanos y mexicanas<br \/>\npara elevar la Rep\u00fablica Mexicana con el esfuerzo de todos.<\/p>\n<p>Les deseamos muy<br \/>\nfelices fiestas patrias y esperamos que hayan disfrutado responsablemente con<br \/>\nsus seres queridos. \u00a1Viva M\u00e9xico<\/p>\n<p><\/p>\n","protected":false},"excerpt":{"rendered":"<p>\u00a1Viva M\u00e9xico!<\/p>\n","protected":false},"author":1111,"featured_media":0,"comment_status":"open","ping_status":"open","sticky":false,"template":"","format":"standard","meta":{"tdm_status":"","tdm_grid_status":"","footnotes":""},"categories":[25],"tags":[],"_links":{"self":[{"href":"https:\/\/dralvarez.com.mx\/larevista\/wp-json\/wp\/v2\/posts\/19582"}],"collection":[{"href":"https:\/\/dralvarez.com.mx\/larevista\/wp-json\/wp\/v2\/posts"}],"about":[{"href":"https:\/\/dralvarez.com.mx\/larevista\/wp-json\/wp\/v2\/types\/post"}],"author":[{"embeddable":true,"href":"https:\/\/dralvarez.com.mx\/larevista\/wp-json\/wp\/v2\/users\/1111"}],"replies":[{"embeddable":true,"href":"https:\/\/dralvarez.com.mx\/larevista\/wp-json\/wp\/v2\/comments?post=19582"}],"version-history":[{"count":1,"href":"https:\/\/dralvarez.com.mx\/larevista\/wp-json\/wp\/v2\/posts\/19582\/revisions"}],"predecessor-version":[{"id":34619,"href":"https:\/\/dralvarez.com.mx\/larevista\/wp-json\/wp\/v2\/posts\/19582\/revisions\/34619"}],"wp:attachment":[{"href":"https:\/\/dralvarez.com.mx\/larevista\/wp-json\/wp\/v2\/media?parent=19582"}],"wp:term":[{"taxonomy":"category","embeddable":true,"href":"https:\/\/dralvarez.com.mx\/larevista\/wp-json\/wp\/v2\/categories?post=19582"},{"taxonomy":"post_tag","embeddable":true,"href":"https:\/\/dralvarez.com.mx\/larevista\/wp-json\/wp\/v2\/tags?post=19582"}],"curies":[{"name":"wp","href":"https:\/\/api.w.org\/{rel}","templated":true}]}}