{"id":19574,"date":"2021-09-18T00:00:00","date_gmt":"2021-09-18T06:00:00","guid":{"rendered":"https:\/\/dralvarez.com.mx\/larevista\/blog\/ribeira-sacra"},"modified":"2024-02-23T10:54:25","modified_gmt":"2024-02-23T16:54:25","slug":"ribeira-sacra","status":"publish","type":"post","link":"https:\/\/dralvarez.com.mx\/larevista\/opiniones\/ribeira-sacra","title":{"rendered":"Ribeira Sacra\u2026"},"content":{"rendered":"<p><b>Por: Cristina Pad\u00edn.<\/b><\/p>\n<p>No lo recordar\u00eda ya, pero \u00e9l le hab\u00eda le\u00eddo no hacia tanto una novela de intriga y de amor que hablaba de esa zona, de la vendimia en esa zona\u2026 Calentaba con fuerza el sol del dorado septiembre\u2026 admiraba \u00e9l paisajes de ensue\u00f1o y leyenda, ella permanec\u00eda en silencio dentro del hermoso silencio, alg\u00fan p\u00e1jaro trinaba, quiz\u00e1 contemplando el agua del r\u00edo o las rocas o tal vez sin ver nada..<\/p>\n<p>Los nietos ya hab\u00edan vuelto a la escuela. La ni\u00f1a, Manuela, quer\u00eda dedicarse al flamenco y a sus nueve a\u00f1os tomaba clases y bailaba. El ni\u00f1o, Pablo, quer\u00eda ser torero, como El Juli y Talavante, y acud\u00eda a una escuela taurina. En la Primera Comuni\u00f3n del peque\u00f1o ella estaba bien, cantando con su voz de terciopelo, besando con su inmenso amor, dulce y bonita. Vestida de granate..<\/p>\n<p>Viaj\u00f3 con ella all\u00ed porque los dos amaban Galicia, aunque ahora ella no pudiera expresarlo, y porque \u00e9l necesitaba sentir la paz, notar lo que es aut\u00e9ntico, nutrirse de la verdad. Estaban en Ribeira Sacra, tesoro natural y biol\u00f3gico gallego, la hermosura, las monta\u00f1as y los ca\u00f1ones y el r\u00edo, el pasado, la historia, lo que es sagrado, lo que permanece\u2026<\/p>\n<p>En fecha tan se\u00f1alada para la Ribeira Sacra y para Galicia \u00e9l, m\u00e1s de ochenta a\u00f1os, le acarici\u00f3 el cabello a su esposa. Despu\u00e9s beber\u00eda un vino de la zona. Brindar y agradecer la vida siempre reconforta\u2026<\/p>\n<p>Para esta historia me inspir\u00e9 en la divina Ribeira Sacra y en unos abuelitos dependientes que visitaron esta ma\u00f1ana la playa de Siilgar. Nos embellecieron una ma\u00f1ana ya bella<br \/>Al amor incondicional<br \/>A los abuelos. A mi abuela<br \/>A mi Luis<br \/>Al toreo<br \/>A Juli y a Talavante<br \/>A las personas que hacen las cosas bien en el toreo<br \/>A Manuela y a Pablo<br \/>Al vino, no me f\u00edo del que no lo aprecia<br \/>Al flamenco<br \/>A las personas con sensibilidad<\/p>\n","protected":false},"excerpt":{"rendered":"<p>Por: Cristina Pad\u00edn.<\/p>\n","protected":false},"author":1025,"featured_media":34612,"comment_status":"open","ping_status":"open","sticky":false,"template":"","format":"standard","meta":{"tdm_status":"","tdm_grid_status":"","footnotes":""},"categories":[25],"tags":[],"_links":{"self":[{"href":"https:\/\/dralvarez.com.mx\/larevista\/wp-json\/wp\/v2\/posts\/19574"}],"collection":[{"href":"https:\/\/dralvarez.com.mx\/larevista\/wp-json\/wp\/v2\/posts"}],"about":[{"href":"https:\/\/dralvarez.com.mx\/larevista\/wp-json\/wp\/v2\/types\/post"}],"author":[{"embeddable":true,"href":"https:\/\/dralvarez.com.mx\/larevista\/wp-json\/wp\/v2\/users\/1025"}],"replies":[{"embeddable":true,"href":"https:\/\/dralvarez.com.mx\/larevista\/wp-json\/wp\/v2\/comments?post=19574"}],"version-history":[{"count":1,"href":"https:\/\/dralvarez.com.mx\/larevista\/wp-json\/wp\/v2\/posts\/19574\/revisions"}],"predecessor-version":[{"id":34611,"href":"https:\/\/dralvarez.com.mx\/larevista\/wp-json\/wp\/v2\/posts\/19574\/revisions\/34611"}],"wp:featuredmedia":[{"embeddable":true,"href":"https:\/\/dralvarez.com.mx\/larevista\/wp-json\/wp\/v2\/media\/34612"}],"wp:attachment":[{"href":"https:\/\/dralvarez.com.mx\/larevista\/wp-json\/wp\/v2\/media?parent=19574"}],"wp:term":[{"taxonomy":"category","embeddable":true,"href":"https:\/\/dralvarez.com.mx\/larevista\/wp-json\/wp\/v2\/categories?post=19574"},{"taxonomy":"post_tag","embeddable":true,"href":"https:\/\/dralvarez.com.mx\/larevista\/wp-json\/wp\/v2\/tags?post=19574"}],"curies":[{"name":"wp","href":"https:\/\/api.w.org\/{rel}","templated":true}]}}