{"id":19568,"date":"2021-09-17T00:00:00","date_gmt":"2021-09-17T06:00:00","guid":{"rendered":"https:\/\/dralvarez.com.mx\/larevista\/blog\/ricardo-lopez-mendez-el-primer-locutor-de-la-peninsula"},"modified":"2024-02-23T10:53:58","modified_gmt":"2024-02-23T16:53:58","slug":"ricardo-lopez-mendez-el-primer-locutor-de-la-peninsula","status":"publish","type":"post","link":"https:\/\/dralvarez.com.mx\/larevista\/opiniones\/ricardo-lopez-mendez-el-primer-locutor-de-la-peninsula","title":{"rendered":"Ricardo L\u00f3pez M\u00e9ndez, el primer locutor de la Pen\u00ednsula"},"content":{"rendered":"<\/p>\n<p><b>Por: A\u00edda Maria L\u00f3pez Sosa. <\/b><\/p>\n<\/p>\n<p><i><\/i><\/p>\n<blockquote>\n<p><i>\u201cAut\u00e9ntico temperamento de poeta, sensibilidad fin\u00edsima, noble y varonil buen gusto, L\u00f3pez M\u00e9ndez se se\u00f1al\u00f3 desde sus primeras salidas al campo literario como un escritor vigoroso y personal\u201d. <\/i><b>Antonio Mediz Bolio, poeta y pol\u00edtico.<\/b><\/p>\n<p><i>\u201cRicardo L\u00f3pez M\u00e9ndez se distingui\u00f3 por la finura y reciedumbre de sus poemas, como puede verse en las bellas letras que acompa\u00f1an a las canciones de Guty C\u00e1rdenas y en temas nacionales, por el dedicado a Morelos, y su inspirado Credo a la naci\u00f3n mexicana\u201d. <\/i><b>Silvio Zavala, historiador y diplom\u00e1tico.<\/b><\/p>\n<\/blockquote>\n<p><b><\/b><\/p>\n<p>Las palabras se las lleva el viento, s\u00ed, las palabras volaban jubilosas con \u201cEl Himno a la Alegr\u00eda\u201d aquella noche del 18 de septiembre de 1930 cuando iniciaba la radio en M\u00e9xico y con ella los locutores que le dar\u00edan vida con su voz. Conocedor de la fuerza de la palabra bien dicha, el poeta yucateco Ricardo L\u00f3pez M\u00e9ndez ingres\u00f3 como fundador a la XEW Radio: \u201cLa Voz de la Am\u00e9rica Latina\u201d y realiz\u00f3 el primer control remoto desde el Teatro Imperial en Ciudad de M\u00e9xico.<\/p>\n<p>El singular xil\u00f3fono modulaba las notas musicales sol, si, re sol, anunciando el inicio de la transmisi\u00f3n hace 91 a\u00f1os, el cual dar\u00eda identidad a los mexicanos y los acompa\u00f1ar\u00eda en la intimidad de su hogar, t\u00fa a t\u00fa. El asombroso aparato de moda, llamado igual que el lugar donde se realizaban los programas, reun\u00eda a la familia para escuchar al otro lado, la voz matizante de emociones a trav\u00e9s de la palabra sonora. Por 25 a\u00f1os fue productor y conductor de \u201cLa Hora Azul\u201d con Agust\u00edn Lara, en donde le\u00eda las cartas y recib\u00eda las llamadas telef\u00f3nicas de los radioescuchas, previo a que el Flaco de Oro deslizar\u00e1 sus delgados dedos por el piano y entonara una complacencia.<\/p>\n<p>La cultura y la modulaci\u00f3n de la voz, eran necesarios para tomar el micr\u00f3fono. Ricardo L\u00f3pez M\u00e9ndez aventajaba, su vena po\u00e9tica dotaba de musicalidad sus palabras. La acad\u00e9mica Silvia Molina en un texto publicado en la revista de la UNAM lo define \u201ccomo un conocedor del sabor y la fragancia de las palabras\u201d. Los conocimientos en publicidad que ten\u00eda, lo llevaron a fundar los primeros cursos en la Escuela T\u00e9cnica de Publicidad. Su dinamismo e ingenio le dio a la radio un contenido con elegancia: \u201cEl l\u00e1piz labial Tangee no ha revelado jam\u00e1s el secreto de un beso\u201d, slogan de su creaci\u00f3n con el que promocionaba el artilugio de belleza calificado como feminista, parte de la vida cotidiana de las damas. La marca desde su creaci\u00f3n en 1925 promet\u00eda ajustarse al tono de la piel despu\u00e9s de su aplicaci\u00f3n y lo m\u00e1s importante, era indeleble, incapaz, como dijo el poeta, de revelar el secreto de un beso.<\/p>\n<p>Los besos tambi\u00e9n est\u00e1n en sus poemas. \u201cNunca\u201d, son versos premonitorios para un amor de Guty y que \u00e9l mismo musicaliz\u00f3, han trascendido las fronteras del tiempo y el espacio. En la p\u00e1gina oficial de la Sociedad de Autores y Compositores de M\u00e9xico, donde es reconocido como socio-fundador, cuenta la an\u00e9cdota que vivi\u00f3 despu\u00e9s de la Segunda Guerra Mundial cuando lleg\u00f3 a Hollywood para enlazar por primera vez un programa en vivo, dedicado a M\u00e9xico, desde la <i>Melody Broadcasting<\/i>&nbsp;a la XEW y visit\u00f3 a j\u00f3venes militares mexicanos hospitalizados en Los \u00c1ngeles. Estos le dijeron que su canci\u00f3n \u201cAmor, Amor\u201d les gustaba, pero que \u201cNunca\u201d, entonada por sus padres y ellos mismos, les llegaba al alma. La sensibilidad del poeta humedeci\u00f3 su mirada azul y pens\u00f3: \u201cHermano Guty, sin saberlo hicimos una canci\u00f3n para los h\u00e9roes de guerra\u201d.<\/p>\n<p>Su paso por la W \u201cLa grande de M\u00e9xico\u201d, dej\u00f3 un legado hist\u00f3rico y musical. L\u00f3pez M\u00e9ndez fue el primero en producir y realizar \u201cRadiobiograf\u00edas\u201d. Con el \u201cDiario de viaje de un cantante\u201d difund\u00eda las vidas de personajes de la \u00e9poca, cuyos guiones \u00e9l mismo escrib\u00eda. Cre\u00f3 el programa \u201cPor qu\u00e9 cant\u00e9 y por qu\u00e9 canto\u201d, para dar a conocer las motivaciones de quienes se iniciaban en el arte. Su imaginaci\u00f3n lo llev\u00f3 a entablar desde el Pante\u00f3n de San Fernando un \u201cDi\u00e1logo con la muerte\u201d frente a las tumbas de personajes ilustres de la Historia de M\u00e9xico. Sus viajes por el aire eran con su voz y as\u00ed cre\u00f3 \u201cUn viaje a la India por el aire\u201d, que posterior se convirti\u00f3 en un libro con ilustraciones y mapas por el interesante contenido acerca de la tierra ex\u00f3tica.<\/p>\n<p>El escritor franc\u00e9s Jacques de la Lacreitelle dec\u00eda que la radio marca los minutos; el peri\u00f3dico, las horas y el libro, los d\u00edas. Ricardo L\u00f3pez M\u00e9ndez incursion\u00f3 en los tres de ah\u00ed su valor para la Historia de M\u00e9xico, sin embargo, hoy 14 de septiembre, fecha en la que se celebra el \u201cD\u00eda Nacional del Locutor\u201d desde 1957, es justo visibilizar esta faceta del ensayista, guionista y poeta, el primer locutor de la pen\u00ednsula, que si bien su carrera radiof\u00f3nica la hizo en Ciudad de M\u00e9xico, fue reconocido no solo local y nacional, sino internacionalmente. De su amada M\u00e9rida nunca se alej\u00f3, a inicios de los ochenta fund\u00f3 XEMT-FM Est\u00e9reo Joya, como lo hab\u00eda hecho a\u00f1os atr\u00e1s en Ciudad Mante, Tamaulipas.<\/p>\n<p>Fue un personaje patri\u00f3tico, nacionalista, as\u00ed se advierte en los poemas \u00e9picos escritos para su ciudad y el pa\u00eds. El crey\u00f3 en M\u00e9xico, en su raza, en las luchas que particip\u00f3 apoyando al \u201cAp\u00f3stol de los ojos de jade\u201d como llamaba a Felipe Carrillo Puerto, por ello en su madurez escribi\u00f3 el poema en cuatro siglos: \u201cVoz en la piedra\u201d, ya que esta representa <i>\u201cel s\u00edmbolo inm\u00f3vil de tu historia\u2026\u201d, <\/i>la cual va m\u00e1s all\u00e1 de la alegor\u00eda como lo expresa en el \u00faltimo terceto: <i>\u201c\u00a1Intacta tierra del Mayab, intacta,\/ nadie podr\u00e1 llegar hasta tu entra\u00f1a\/ sin que sangren sus manos en la piedra!\u201d. <\/i>El \u201cVate\u201d como lo nombr\u00f3 Antonio Mediz Bolio, vislumbr\u00f3 las sempiternas desigualdades que a la fecha <i>\u201ccrucifican el coraz\u00f3n del viento\u201d.<\/i><\/p><\/p>\n","protected":false},"excerpt":{"rendered":"<p>D\u00eda Nacional del Locutor.<\/p>\n","protected":false},"author":1152,"featured_media":34607,"comment_status":"open","ping_status":"open","sticky":false,"template":"","format":"standard","meta":{"tdm_status":"","tdm_grid_status":"","footnotes":""},"categories":[25],"tags":[],"_links":{"self":[{"href":"https:\/\/dralvarez.com.mx\/larevista\/wp-json\/wp\/v2\/posts\/19568"}],"collection":[{"href":"https:\/\/dralvarez.com.mx\/larevista\/wp-json\/wp\/v2\/posts"}],"about":[{"href":"https:\/\/dralvarez.com.mx\/larevista\/wp-json\/wp\/v2\/types\/post"}],"author":[{"embeddable":true,"href":"https:\/\/dralvarez.com.mx\/larevista\/wp-json\/wp\/v2\/users\/1152"}],"replies":[{"embeddable":true,"href":"https:\/\/dralvarez.com.mx\/larevista\/wp-json\/wp\/v2\/comments?post=19568"}],"version-history":[{"count":1,"href":"https:\/\/dralvarez.com.mx\/larevista\/wp-json\/wp\/v2\/posts\/19568\/revisions"}],"predecessor-version":[{"id":34606,"href":"https:\/\/dralvarez.com.mx\/larevista\/wp-json\/wp\/v2\/posts\/19568\/revisions\/34606"}],"wp:featuredmedia":[{"embeddable":true,"href":"https:\/\/dralvarez.com.mx\/larevista\/wp-json\/wp\/v2\/media\/34607"}],"wp:attachment":[{"href":"https:\/\/dralvarez.com.mx\/larevista\/wp-json\/wp\/v2\/media?parent=19568"}],"wp:term":[{"taxonomy":"category","embeddable":true,"href":"https:\/\/dralvarez.com.mx\/larevista\/wp-json\/wp\/v2\/categories?post=19568"},{"taxonomy":"post_tag","embeddable":true,"href":"https:\/\/dralvarez.com.mx\/larevista\/wp-json\/wp\/v2\/tags?post=19568"}],"curies":[{"name":"wp","href":"https:\/\/api.w.org\/{rel}","templated":true}]}}