{"id":19558,"date":"2021-09-14T00:00:00","date_gmt":"2021-09-14T06:00:00","guid":{"rendered":"https:\/\/dralvarez.com.mx\/larevista\/blog\/talavante-8"},"modified":"2024-02-23T10:53:03","modified_gmt":"2024-02-23T16:53:03","slug":"talavante-8","status":"publish","type":"post","link":"https:\/\/dralvarez.com.mx\/larevista\/opiniones\/talavante-8","title":{"rendered":"Talavante\u2026"},"content":{"rendered":"<p><b>Por: Cristina Pad\u00edn.<\/b><\/p>\n<p>Hay toreros\u2026 que poseen la misma mirada de nobleza hoy que cuando ten\u00edan muy pocos a\u00f1os; que son et\u00e9reos como un suspiro y al mismo tiempo fuertes como la verdad; que son la verdad; que hablan sin eses y con temple; que define muy bien lo que es un genio; que alimentan magia en la mu\u00f1eca y en la muleta y en la piel; que son serenos y son cual serenata; que son un soneto renacentista y la pel\u00edcula m\u00e1s moderna del mundo; que cuando vuelan su capote echan tambi\u00e9n a volar esperanzas e ilusiones; que tienen conversaci\u00f3n y palabras y saben decir mucho; que no son postureo: son realidad; que son sencillos, como el juego de un ni\u00f1o; que son el n\u00famero 1; que poseen sonrisa fresca y de pureza; que comprenden el toreo antiguo; que tienen la voz muy torera; que parecen un junco y una guitarra flamenca; que en torno a sus lances crean una especie de peregrinaciones que se llaman talavantear; que se funden con el toro en una danza de ayer y de hoy; que leen, y leen historias interesantes, y escriben en las arenas leyendas para los tiempos; que embrujan; que son cante de Lorca y Luna de pasi\u00f3n; que son extreme\u00f1os; que combinan fantas\u00eda con filosof\u00eda; que aparecen en azul y goyesco y la oscuridad se hace luz; que son la torer\u00eda y se llaman Alejandro Talavante..<\/p>\n<p>Me emociono al escribir<br \/>A mi mago Talavante: gracias por tanto<br \/>A la familia y cuadrilla de Talavante: sois de 10<br \/>A talavantinos de ley: mi amada hermana (un poco m\u00e1s tomasista..); Albriux; Murga.. Pau..<br \/>Iv\u00e1n.. talavantinos de ley<br \/>A los que siempre est\u00e1n. A los que est\u00e1n por inter\u00e9s NO<br \/>A genios<br \/>A mi amiga Ana<br \/>A Rosario<br \/>A Luis<br \/>A la Plaza de Arles: gracias<br \/>Al toreo<br \/>A la ilusi\u00f3n que despierta el toreo<br \/>A los viajes taurinos<br \/>A Tiempo de silencio, este texto se inspira en un p\u00e1rrafo de esa excelente novela<\/p>\n","protected":false},"excerpt":{"rendered":"<p>Por: Cristina Pad\u00edn.<\/p>\n","protected":false},"author":1025,"featured_media":34597,"comment_status":"open","ping_status":"open","sticky":false,"template":"","format":"standard","meta":{"tdm_status":"","tdm_grid_status":"","footnotes":""},"categories":[25],"tags":[],"_links":{"self":[{"href":"https:\/\/dralvarez.com.mx\/larevista\/wp-json\/wp\/v2\/posts\/19558"}],"collection":[{"href":"https:\/\/dralvarez.com.mx\/larevista\/wp-json\/wp\/v2\/posts"}],"about":[{"href":"https:\/\/dralvarez.com.mx\/larevista\/wp-json\/wp\/v2\/types\/post"}],"author":[{"embeddable":true,"href":"https:\/\/dralvarez.com.mx\/larevista\/wp-json\/wp\/v2\/users\/1025"}],"replies":[{"embeddable":true,"href":"https:\/\/dralvarez.com.mx\/larevista\/wp-json\/wp\/v2\/comments?post=19558"}],"version-history":[{"count":1,"href":"https:\/\/dralvarez.com.mx\/larevista\/wp-json\/wp\/v2\/posts\/19558\/revisions"}],"predecessor-version":[{"id":34596,"href":"https:\/\/dralvarez.com.mx\/larevista\/wp-json\/wp\/v2\/posts\/19558\/revisions\/34596"}],"wp:featuredmedia":[{"embeddable":true,"href":"https:\/\/dralvarez.com.mx\/larevista\/wp-json\/wp\/v2\/media\/34597"}],"wp:attachment":[{"href":"https:\/\/dralvarez.com.mx\/larevista\/wp-json\/wp\/v2\/media?parent=19558"}],"wp:term":[{"taxonomy":"category","embeddable":true,"href":"https:\/\/dralvarez.com.mx\/larevista\/wp-json\/wp\/v2\/categories?post=19558"},{"taxonomy":"post_tag","embeddable":true,"href":"https:\/\/dralvarez.com.mx\/larevista\/wp-json\/wp\/v2\/tags?post=19558"}],"curies":[{"name":"wp","href":"https:\/\/api.w.org\/{rel}","templated":true}]}}