{"id":19546,"date":"2021-09-12T00:00:00","date_gmt":"2021-09-12T06:00:00","guid":{"rendered":"https:\/\/dralvarez.com.mx\/larevista\/blog\/torres-gemelas-tragedia-que-cambio-para-siempre-a-los-eeuu-y-al-mundo-entero"},"modified":"2024-02-23T10:52:45","modified_gmt":"2024-02-23T16:52:45","slug":"torres-gemelas-tragedia-que-cambio-para-siempre-a-los-eeuu-y-al-mundo-entero","status":"publish","type":"post","link":"https:\/\/dralvarez.com.mx\/larevista\/opiniones\/torres-gemelas-tragedia-que-cambio-para-siempre-a-los-eeuu-y-al-mundo-entero","title":{"rendered":"Torres Gemelas, tragedia que cambi\u00f3 para siempre a los EE.UU. y al mundo entero."},"content":{"rendered":"<p><b>Por: Marco A. Cortez N.<\/b><\/p>\n<p>Se dice f\u00e1cil: 20 a\u00f1os. Dos d\u00e9cadas que cambiaron al mundo de manera irreversible; para siempre, y que fue un parteaguas, un antes y un despu\u00e9s tanto de la superpotencia llamada Estados Unidos como de todos quienes est\u00e1n y no cerca de esta naci\u00f3n que recibi\u00f3 un muy duro y doloroso golpe en su coraz\u00f3n. <\/p>\n<p>Cayeron las Torres Gemelas, s\u00edmbolo de poder. Aviones comerciales, previamente secuestrados, fueron desviados de sus rutas originales para que se estrellaran contra las torres, reitero, s\u00edmbolo del poder y del comercio mundial, en el coraz\u00f3n de la gran manzana, la ciudad m\u00e1s famosa y cosmopolita del planeta, Manhattan, Nueva York.<\/p>\n<p>En las aeronaves, adem\u00e1s de sus secuestradores, fueron sacrificados los pasajeros y con estos miles de personas que iniciaban sus labores cotidianas en las torres, adem\u00e1s de decenas de bomberos y polic\u00edas se dieron sus vidas para salvar otras y posteriormente, con los a\u00f1os, cientos m\u00e1s han perdido la vida como consecuencia del humo t\u00f3xico que min\u00f3 la ciudad al desplomarse los colosos, invento conjunto de la arquitectura y la ingenier\u00eda.<\/p>\n<p>Hoy, como hace 20 a\u00f1os, el gobierno y el pueblo de Estados Unidos recuerdan este acontecimiento que los marc\u00f3 para siempre y pr\u00e1cticamente a todos y cada uno de los pa\u00edses del orbe, sean o no socios y\/o aliados de la maquinaria estadounidense, que hoy, hace apenas, unos d\u00edas, su presidente Joe Biden orden\u00f3 finalmente el retiro de las tropas asentadas en Afganist\u00e1n, enigm\u00e1tico pa\u00eds que libr\u00f3 cruentas batallas con los norteamericanos y tambi\u00e9n, si nos acordamos, con los sovi\u00e9ticos que fueron los primeros en invadir este pa\u00eds.<\/p>\n<p>Con mucho inter\u00e9s, vi y escuche, una serie sobre el tema en una plataforma de TV. Realmente interesante porque es precisamente ah\u00ed donde se narra que las torres gemelas no fueron el inicio sino la consecuencia de lo que ya pasaba en Afganist\u00e1n y en otros pa\u00edses aleda\u00f1os, entre ellos, Pakist\u00e1n, lugar donde finalmente fue &#8220;cazado&#8221; Osama Bin Laden, que lleg\u00f3 a ser ubicado como el n\u00famero uno en orden de captura vivo o muerto por el entonces presidente George W. Bush.<\/p>\n<p>Hoy el 11 de septiembre de 2021 recordamos dos d\u00e9cadas de las denominadas &#8220;World Trade Center 1 y 2) conocidas en conjunto como Las Torres Gemelas fueron inauguradas el 4 de abril de 1973 y destruidas en los atentados del 11 de septiembre de 2001, fecha que no se olvida, ni se olvidar\u00e1 porque gran parte de los que vivieron de manera directa o indirecta siguen sufriendo los efectos de este suceso.<\/p>\n<p>Mis condolencias a quienes perdieron a seres queridos y familiares en este terrible acontecimiento y en los eventos que se suscitaron posteriormente y siguen suscit\u00e1ndose, algo que a\u00fan no cicatriza y que tardar\u00e1 muchas d\u00e9cadas m\u00e1s en olvidarse. <\/p>\n<p>Sin duda, mucho dolor y mucho sufrimiento.<\/p>\n","protected":false},"excerpt":{"rendered":"<p>Por: Marco A. Cortez N.<\/p>\n","protected":false},"author":1124,"featured_media":34588,"comment_status":"open","ping_status":"open","sticky":false,"template":"","format":"standard","meta":{"tdm_status":"","tdm_grid_status":"","footnotes":""},"categories":[25],"tags":[],"_links":{"self":[{"href":"https:\/\/dralvarez.com.mx\/larevista\/wp-json\/wp\/v2\/posts\/19546"}],"collection":[{"href":"https:\/\/dralvarez.com.mx\/larevista\/wp-json\/wp\/v2\/posts"}],"about":[{"href":"https:\/\/dralvarez.com.mx\/larevista\/wp-json\/wp\/v2\/types\/post"}],"author":[{"embeddable":true,"href":"https:\/\/dralvarez.com.mx\/larevista\/wp-json\/wp\/v2\/users\/1124"}],"replies":[{"embeddable":true,"href":"https:\/\/dralvarez.com.mx\/larevista\/wp-json\/wp\/v2\/comments?post=19546"}],"version-history":[{"count":1,"href":"https:\/\/dralvarez.com.mx\/larevista\/wp-json\/wp\/v2\/posts\/19546\/revisions"}],"predecessor-version":[{"id":34587,"href":"https:\/\/dralvarez.com.mx\/larevista\/wp-json\/wp\/v2\/posts\/19546\/revisions\/34587"}],"wp:featuredmedia":[{"embeddable":true,"href":"https:\/\/dralvarez.com.mx\/larevista\/wp-json\/wp\/v2\/media\/34588"}],"wp:attachment":[{"href":"https:\/\/dralvarez.com.mx\/larevista\/wp-json\/wp\/v2\/media?parent=19546"}],"wp:term":[{"taxonomy":"category","embeddable":true,"href":"https:\/\/dralvarez.com.mx\/larevista\/wp-json\/wp\/v2\/categories?post=19546"},{"taxonomy":"post_tag","embeddable":true,"href":"https:\/\/dralvarez.com.mx\/larevista\/wp-json\/wp\/v2\/tags?post=19546"}],"curies":[{"name":"wp","href":"https:\/\/api.w.org\/{rel}","templated":true}]}}