{"id":19532,"date":"2021-09-10T00:00:00","date_gmt":"2021-09-10T06:00:00","guid":{"rendered":"https:\/\/dralvarez.com.mx\/larevista\/blog\/el-trabajo-sucio"},"modified":"2024-02-23T10:52:21","modified_gmt":"2024-02-23T16:52:21","slug":"el-trabajo-sucio","status":"publish","type":"post","link":"https:\/\/dralvarez.com.mx\/larevista\/opiniones\/el-trabajo-sucio","title":{"rendered":"El trabajo sucio"},"content":{"rendered":"<\/p>\n<p><b><i>Por Pascal Beltr\u00e1n del R\u00edo&nbsp;<\/i><\/b><\/p>\n<p>De los ocho cruces formales de la frontera<br \/>\nM\u00e9xico-Guatemala, el puesto fronterizo de El Ceibo es el que est\u00e1 m\u00e1s al norte.<br \/>\nTambi\u00e9n, el \u00fanico que no se ubica en Chiapas. Del lado mexicano se encuentra el<br \/>\npoblado Sue\u00f1os de Oro, municipio de Tenosique, estado de Tabasco; del<br \/>\nguatemalteco, El Ceibo, municipio de La Libertad, departamento del Pet\u00e9n.<\/p>\n<p>De acuerdo con informaci\u00f3n oficial del gobierno<br \/>\nmexicano, es el menos transitado de los cruces fronterizos entre los dos<br \/>\npa\u00edses, apenas \u201ccinco a ocho veh\u00edculos diarios\u201d. Del lado guatemalteco de la<br \/>\nfrontera, agrega la p\u00e1gina web de la Canciller\u00eda, la primera poblaci\u00f3n que se<br \/>\nencuentra es El Naranjo, a la que se llega por una brecha de 23 kil\u00f3metros<br \/>\n\u201csumamente rocosa y de una sola v\u00eda\u201d, que \u201cno cuenta con obras para drenaje<br \/>\nsuperficial\u201d. La siguiente es la cabecera del municipio, que se localiza a 134<br \/>\nkil\u00f3metros hacia el sureste. Para ir a la Ciudad de Guatemala son once horas de<br \/>\ncamino y a Tec\u00fan Um\u00e1n, pr\u00e1cticamente diecisiete.<\/p>\n<p>Por ese punto tan aislado de la frontera es por<br \/>\ndonde el gobierno mexicano ha estado deportando a migrantes indocumentados. Y<br \/>\nno s\u00f3lo guatemaltecos, sino de otras nacionalidades, como hondure\u00f1os,<br \/>\nsalvadore\u00f1os y nicarag\u00fcenses.<\/p>\n<p>&nbsp;<\/p>\n<p>De acuerdo con el peri\u00f3dico guatemalteco Prensa<br \/>\nLibre, unos 400 migrantes llegan diariamente a El Ceibo a bordo de autobuses,<br \/>\ndonde son dejados a pesar de la inconformidad del Ministerio de Relaciones<br \/>\nExteriores de Guatemala, que s\u00f3lo reconoce como puntos de internaci\u00f3n de<br \/>\ndeportados el puesto fronterizo de Tec\u00fan Um\u00e1n y el aeropuerto capitalino La<br \/>\nAurora. <\/p>\n<p>Con una superficie que abarca la tercera parte del<br \/>\npa\u00eds, el Pet\u00e9n es el departamento menos densamente poblado de Guatemala. Buena<br \/>\nparte de su territorio est\u00e1 cubierto por selvas, lo que ha permitido la<br \/>\nactividad del narcotr\u00e1fico.<\/p>\n<p>\u201cEntre las personas expulsadas hay familias y ni\u00f1os<br \/>\ny ni\u00f1as no acompa\u00f1ados, que en algunos casos fueron expulsados primero por v\u00eda<br \/>\na\u00e9rea desde Estados Unidos\u201d, denunci\u00f3 esta semana la organizaci\u00f3n Human Rights<br \/>\nWatch. \u201cEl presidente mexicano Andr\u00e9s Manuel L\u00f3pez Obrador y el presidente<br \/>\nestadunidense Joe Biden deber\u00edan poner fin a estas expulsiones peligrosas e<br \/>\nilegales y cerciorarse de que futuras deportaciones se realicen en cumplimiento<br \/>\ndel derecho mexicano, estadunidense e internacional\u201d, agreg\u00f3.<\/p>\n<p>La Casa del Migrante Bel\u00e9n, en El Ceibo, comenz\u00f3 a<br \/>\npublicar el 11 de agosto pasado, en su p\u00e1gina de Facebook, fotograf\u00edas e<br \/>\ninformaci\u00f3n sobre los grupos deportados, entre los que aparecen muchos ni\u00f1os.<\/p>\n<p>\u201cNunca se hab\u00eda visto algo as\u00ed\u201d, declar\u00f3 Andr\u00e9s<br \/>\nTizol, encargado del refugio, a Prensa Libre. Dijo que las personas llegan all\u00ed<br \/>\n\u201cdesorientadas, sin un centavo y con un c\u00famulo de sue\u00f1os rotos\u201d.<\/p>\n<p>Como no tienen dinero, muchas se han echado a andar<br \/>\npor la carretera, agreg\u00f3 Tizol, esperando que alg\u00fan cami\u00f3n las pueda llevar<br \/>\nhasta La Libertad o alg\u00fan otro punto del pa\u00eds.<\/p>\n<p>De acuerdo con una nota de agencia AFP, del 19 de<br \/>\nagosto, \u201cGuatemala pidi\u00f3 informaci\u00f3n a Estados Unidos y M\u00e9xico por la<br \/>\nsorpresiva deportaci\u00f3n de migrantes centroamericanos por una frontera donde no<br \/>\nhay controles migratorios ni de bioseguridad por la pandemia, seg\u00fan inform\u00f3 la<br \/>\ncanciller\u00eda local\u201d.<\/p>\n<p>Aun as\u00ed, el presidente Andr\u00e9s Manuel L\u00f3pez Obrador<br \/>\nsostiene que el papel que M\u00e9xico ha jugado en esta crisis ha sido para \u201ccuidar<br \/>\na los migrantes\u201d.<\/p>\n<p>Por un lado, el mandatario dice que no quiere que<br \/>\nlos centroamericanos y personas de otros or\u00edgenes caigan en manos de bandas<br \/>\ndelincuenciales, con lo que est\u00e1 reconociendo que hay zonas de M\u00e9xico que no<br \/>\nest\u00e1n bajo el control de la autoridad y que esas bandas bien pueden secuestrar<br \/>\na mexicanos que buscan irse a Estados Unidos, pues a ellos no hay quien los<br \/>\n\u201ccuide\u201d. Por otro, su gobierno est\u00e1 deportando a extranjeros por una frontera<br \/>\nremota, donde, a decir de Tizol, corren el riesgo de sufrir alguna vejaci\u00f3n<br \/>\n(Prensa Libre, 24\/VIII\/2021).<\/p>\n<p>El mi\u00e9rcoles, L\u00f3pez Obrador neg\u00f3 que M\u00e9xico est\u00e9<br \/>\nactuando como \u201ct\u00edtere\u201d de Estados Unidos en el tema migratorio. \u00bfC\u00f3mo se le<br \/>\nllama entonces a llevar autobuses llenos de personas de Villahermosa a El Ceibo<br \/>\ny abandonarlas all\u00ed, cuando apenas las acababan de bajar de un avi\u00f3n que las<br \/>\ntrajo a M\u00e9xico, deportadas desde Estados Unidos?<\/p>\n<p><\/p>\n","protected":false},"excerpt":{"rendered":"<p>El trabajo sucio<\/p>\n","protected":false},"author":1127,"featured_media":0,"comment_status":"open","ping_status":"open","sticky":false,"template":"","format":"standard","meta":{"tdm_status":"","tdm_grid_status":"","footnotes":""},"categories":[25],"tags":[],"_links":{"self":[{"href":"https:\/\/dralvarez.com.mx\/larevista\/wp-json\/wp\/v2\/posts\/19532"}],"collection":[{"href":"https:\/\/dralvarez.com.mx\/larevista\/wp-json\/wp\/v2\/posts"}],"about":[{"href":"https:\/\/dralvarez.com.mx\/larevista\/wp-json\/wp\/v2\/types\/post"}],"author":[{"embeddable":true,"href":"https:\/\/dralvarez.com.mx\/larevista\/wp-json\/wp\/v2\/users\/1127"}],"replies":[{"embeddable":true,"href":"https:\/\/dralvarez.com.mx\/larevista\/wp-json\/wp\/v2\/comments?post=19532"}],"version-history":[{"count":1,"href":"https:\/\/dralvarez.com.mx\/larevista\/wp-json\/wp\/v2\/posts\/19532\/revisions"}],"predecessor-version":[{"id":34576,"href":"https:\/\/dralvarez.com.mx\/larevista\/wp-json\/wp\/v2\/posts\/19532\/revisions\/34576"}],"wp:attachment":[{"href":"https:\/\/dralvarez.com.mx\/larevista\/wp-json\/wp\/v2\/media?parent=19532"}],"wp:term":[{"taxonomy":"category","embeddable":true,"href":"https:\/\/dralvarez.com.mx\/larevista\/wp-json\/wp\/v2\/categories?post=19532"},{"taxonomy":"post_tag","embeddable":true,"href":"https:\/\/dralvarez.com.mx\/larevista\/wp-json\/wp\/v2\/tags?post=19532"}],"curies":[{"name":"wp","href":"https:\/\/api.w.org\/{rel}","templated":true}]}}