{"id":19530,"date":"2021-09-10T00:00:00","date_gmt":"2021-09-10T06:00:00","guid":{"rendered":"https:\/\/dralvarez.com.mx\/larevista\/blog\/carlos-castillo-peraza-su-vida-y-obra-siguen-vigentes-a-21-anos-de-su-muerte"},"modified":"2024-02-23T10:52:18","modified_gmt":"2024-02-23T16:52:18","slug":"carlos-castillo-peraza-su-vida-y-obra-siguen-vigentes-a-21-anos-de-su-muerte","status":"publish","type":"post","link":"https:\/\/dralvarez.com.mx\/larevista\/opiniones\/carlos-castillo-peraza-su-vida-y-obra-siguen-vigentes-a-21-anos-de-su-muerte","title":{"rendered":"Carlos Castillo Peraza su vida y obra  siguen vigentes a 21 a\u00f1os de su muerte"},"content":{"rendered":"<\/p>\n<p><b><i>La Revista Peninsular<\/i><\/b> <\/p>\n<p>El 8 de septiembre se cumplieron 21 a\u00f1os de la<br \/>\nmuerte del pensador, pol\u00edtico, periodista, intelectual, escritor y acad\u00e9mico<br \/>\nyucateco Carlos Castillo Peraza. El considerado \u00faltimo ide\u00f3logo panista fue un<br \/>\nactor clave dentro de la pol\u00edtica mexicana y con sus ideas ayud\u00f3 a moldear la<br \/>\ntransici\u00f3n democr\u00e1tica que atraves\u00f3 nuestro pa\u00eds al inicio del siglo XXI. M\u00e1s<br \/>\nimportante, fue un ser humano extraordinario con una insaciable hambre de<br \/>\nconocimiento, una generosidad enorme y una alegr\u00eda que contagiaba a todos<br \/>\nquienes tuvimos el privilegio de conocerlo.<\/p>\n<p>Siempre fiel a sus principios y convicciones, Carlos<br \/>\nCastillo Peraza comenz\u00f3 su carrera pol\u00edtica en el PAN durante tiempos en los<br \/>\ncu\u00e1les era dif\u00edcil ser oposici\u00f3n por el control que ten\u00eda el PRI sobre el<br \/>\nsistema mexicano. Frente a las evidentes adversidades, el reconocido yucateco<br \/>\njam\u00e1s se agach\u00f3 y fue candidato tanto a la gubernatura de Yucat\u00e1n como a la<br \/>\nalcald\u00eda de M\u00e9rida.<\/p>\n<p>Castillo Peraza siempre procur\u00f3 fortalecer la<br \/>\nideolog\u00eda de Acci\u00f3n Nacional para que los panistas tuviesen herramientas que<br \/>\nles permitieran resolver los grandes retos del pa\u00eds. Al ser un convencido de la<br \/>\nimportancia de pensar antes de hablar y actuar, comprend\u00eda la necesidad de que<br \/>\nsu partido tuviese bien definidos sus ideales y su proyecto de naci\u00f3n.<\/p>\n<p>De igual manera, el renombrado yucateco le apostaba<br \/>\na la formaci\u00f3n de cuadros pues entend\u00eda la importancia encaminar liderazgos<br \/>\ngeneracionales hacia una misma causa. Entre los panistas que se formaron con<br \/>\nlas ense\u00f1anzas de Carlos Castillo podemos destacar a Luis Correa, Xavier Abreu,<br \/>\nManuel Fuentes e incluso al expresidente Felipe Calder\u00f3n Hinojosa.<\/p>\n<p>La valent\u00eda y convicciones de Castillo Peraza lo<br \/>\nllevaron a la dirigencia nacional de Acci\u00f3n Nacional en 1993 con lo cual puso<br \/>\nel nombre de Yucat\u00e1n en alto pues fue el primer yucateco en ocupar la<br \/>\npresidencia nacional de un partido pol\u00edtico.<\/p>\n<p>Satisfecho con sus aportaciones al PAN, Carlos<br \/>\nCastillo renunci\u00f3 al partido en 1997 para dedicarse a la vida acad\u00e9mica. Esta<br \/>\nnueva etapa en su vida lo llenaba de entusiasmo pues le permitir\u00eda avocar su<br \/>\npensamiento a temas trascendentales para la vida humana; despu\u00e9s de todo, su<br \/>\nformaci\u00f3n educativa radicaba en la Filosof\u00eda y las Letras.<\/p>\n<p>El 8 de septiembre del 2000, Carlos Castillo Peraza<br \/>\nfalleci\u00f3 a los 53 a\u00f1os de edad a causa de un infarto. Su partida nos doli\u00f3 a<br \/>\nm\u00e1s de uno pues no solo dej\u00f3 de estar uno de los pensadores mexicanos m\u00e1s importantes<br \/>\ndel siglo pasado, tambi\u00e9n dej\u00f3 de estar un esposo, padre, amigo y colega.<\/p>\n<p>Como cada a\u00f1o, recordamos el gran legado que<br \/>\nconstruy\u00f3 Castillo Peraza, primeramente, por el respeto que merece, pero<br \/>\ntambi\u00e9n para inspirar a j\u00f3venes y no tan j\u00f3venes a atreverse a ser pensadores<br \/>\npol\u00edticos. En tiempos en los cuales las ideolog\u00edas no son claras y los partidos<br \/>\nse encuentran en crisis, los pensadores pol\u00edticos pueden ayudar a dar sustancia<br \/>\ny fondo al ejercicio p\u00fablico y a la din\u00e1mica pol\u00edtica, tal como hizo en su<br \/>\ntiempo Carlos Castillo.<\/p>\n<p>A m\u00e1s de 20 a\u00f1os de su fallecimiento, a\u00fan extra\u00f1amos<br \/>\na Carlos Castillo Peraza como si hubiese partido ayer. Afortunadamente, nos<br \/>\nqueda su legado y sus ideas, los cuales aportaron tanto al pa\u00eds que seguramente<br \/>\npermanecer\u00e1n vigentes mientras exista la naci\u00f3n mexicana.<\/p>\n<p><\/p>\n","protected":false},"excerpt":{"rendered":"<p>La Revista Peninsular<\/p>\n","protected":false},"author":1111,"featured_media":0,"comment_status":"open","ping_status":"open","sticky":false,"template":"","format":"standard","meta":{"tdm_status":"","tdm_grid_status":"","footnotes":""},"categories":[25],"tags":[],"_links":{"self":[{"href":"https:\/\/dralvarez.com.mx\/larevista\/wp-json\/wp\/v2\/posts\/19530"}],"collection":[{"href":"https:\/\/dralvarez.com.mx\/larevista\/wp-json\/wp\/v2\/posts"}],"about":[{"href":"https:\/\/dralvarez.com.mx\/larevista\/wp-json\/wp\/v2\/types\/post"}],"author":[{"embeddable":true,"href":"https:\/\/dralvarez.com.mx\/larevista\/wp-json\/wp\/v2\/users\/1111"}],"replies":[{"embeddable":true,"href":"https:\/\/dralvarez.com.mx\/larevista\/wp-json\/wp\/v2\/comments?post=19530"}],"version-history":[{"count":1,"href":"https:\/\/dralvarez.com.mx\/larevista\/wp-json\/wp\/v2\/posts\/19530\/revisions"}],"predecessor-version":[{"id":34575,"href":"https:\/\/dralvarez.com.mx\/larevista\/wp-json\/wp\/v2\/posts\/19530\/revisions\/34575"}],"wp:attachment":[{"href":"https:\/\/dralvarez.com.mx\/larevista\/wp-json\/wp\/v2\/media?parent=19530"}],"wp:term":[{"taxonomy":"category","embeddable":true,"href":"https:\/\/dralvarez.com.mx\/larevista\/wp-json\/wp\/v2\/categories?post=19530"},{"taxonomy":"post_tag","embeddable":true,"href":"https:\/\/dralvarez.com.mx\/larevista\/wp-json\/wp\/v2\/tags?post=19530"}],"curies":[{"name":"wp","href":"https:\/\/api.w.org\/{rel}","templated":true}]}}