{"id":19520,"date":"2021-09-09T00:00:00","date_gmt":"2021-09-09T06:00:00","guid":{"rendered":"https:\/\/dralvarez.com.mx\/larevista\/blog\/el-colegio-2"},"modified":"2024-02-23T10:51:50","modified_gmt":"2024-02-23T16:51:50","slug":"el-colegio-2","status":"publish","type":"post","link":"https:\/\/dralvarez.com.mx\/larevista\/opiniones\/el-colegio-2","title":{"rendered":"El colegio.."},"content":{"rendered":"<p>Galicia amanec\u00eda en leyenda y oro. Jueves de septiembre, inicio de curso escolar para los m\u00e1s peque\u00f1os de los gallegos. Un d\u00eda m\u00e1s tarde comenzar\u00edan los primos, en la maravillosa Andaluc\u00eda..<\/p>\n<p>Se levantaron con ilusi\u00f3n. Como siempre hay que levantarse. Todav\u00eda quedaba arena en los zapatos, a\u00fan la piel sab\u00eda al sal del verano. Escritos los recuerdos de las vacaciones en la memoria\u2026<\/p>\n<p>Con la mochila nueva y los libros forrados salieron a la calle, al primer d\u00eda. A los estudios y las rutinas, a las aulas, a la normalidad tan necesaria. Saludaron a los amigos con emoci\u00f3n\u2026<\/p>\n<p>Y, los mayores del grupo, presum\u00edan ya de estar vacunados. Qu\u00e9 maravilla!<\/p>\n<p>A cada campe\u00f3n empezando las clases<br \/>Hoy al curso que ha iniciado en Galicia<br \/>A mi Galicia<br \/>A mi Andaluc\u00eda<br \/>A Luis<br \/>A Roc\u00edo, Carmen y Luis<br \/>A mi mago (iniciando viaje para verte)<\/p>\n","protected":false},"excerpt":{"rendered":"<p>Galicia amanec\u00eda en leyenda y oro. Jueves de septiembre<\/p>\n","protected":false},"author":1025,"featured_media":34566,"comment_status":"open","ping_status":"open","sticky":false,"template":"","format":"standard","meta":{"tdm_status":"","tdm_grid_status":"","footnotes":""},"categories":[25],"tags":[],"_links":{"self":[{"href":"https:\/\/dralvarez.com.mx\/larevista\/wp-json\/wp\/v2\/posts\/19520"}],"collection":[{"href":"https:\/\/dralvarez.com.mx\/larevista\/wp-json\/wp\/v2\/posts"}],"about":[{"href":"https:\/\/dralvarez.com.mx\/larevista\/wp-json\/wp\/v2\/types\/post"}],"author":[{"embeddable":true,"href":"https:\/\/dralvarez.com.mx\/larevista\/wp-json\/wp\/v2\/users\/1025"}],"replies":[{"embeddable":true,"href":"https:\/\/dralvarez.com.mx\/larevista\/wp-json\/wp\/v2\/comments?post=19520"}],"version-history":[{"count":1,"href":"https:\/\/dralvarez.com.mx\/larevista\/wp-json\/wp\/v2\/posts\/19520\/revisions"}],"predecessor-version":[{"id":34565,"href":"https:\/\/dralvarez.com.mx\/larevista\/wp-json\/wp\/v2\/posts\/19520\/revisions\/34565"}],"wp:featuredmedia":[{"embeddable":true,"href":"https:\/\/dralvarez.com.mx\/larevista\/wp-json\/wp\/v2\/media\/34566"}],"wp:attachment":[{"href":"https:\/\/dralvarez.com.mx\/larevista\/wp-json\/wp\/v2\/media?parent=19520"}],"wp:term":[{"taxonomy":"category","embeddable":true,"href":"https:\/\/dralvarez.com.mx\/larevista\/wp-json\/wp\/v2\/categories?post=19520"},{"taxonomy":"post_tag","embeddable":true,"href":"https:\/\/dralvarez.com.mx\/larevista\/wp-json\/wp\/v2\/tags?post=19520"}],"curies":[{"name":"wp","href":"https:\/\/api.w.org\/{rel}","templated":true}]}}