{"id":19136,"date":"2021-07-23T00:00:00","date_gmt":"2021-07-23T06:00:00","guid":{"rendered":"https:\/\/dralvarez.com.mx\/larevista\/blog\/el-documento-del-departamento-de-estado-que-no-le-va-a-gustar-a-amlo"},"modified":"2024-02-23T10:33:52","modified_gmt":"2024-02-23T16:33:52","slug":"el-documento-del-departamento-de-estado-que-no-le-va-a-gustar-a-amlo","status":"publish","type":"post","link":"https:\/\/dralvarez.com.mx\/larevista\/opiniones\/el-documento-del-departamento-de-estado-que-no-le-va-a-gustar-a-amlo","title":{"rendered":"El documento del Departamento de Estado que no le va a gustar a AMLO"},"content":{"rendered":"<\/p>\n<p><b><i>Por Francisco Garfias<\/i><\/b><b><i>&nbsp;<\/i><\/b><\/p>\n<p>De nuevo los \u201cotros datos\u201d. Dice el presidente L\u00f3pez Obrador que la situaci\u00f3n de M\u00e9xico es inmejorable para la inversi\u00f3n, que es algo que se est\u00e1 dando de manera natural.<\/p>\n<p>No es lo que refleja el documento denominado Declaraci\u00f3n del Clima de Inversi\u00f3n de M\u00e9xico 2021, del Departamento de Estado de la Uni\u00f3n Americana. Dice, textual: \u201cLos inversionistas informan cambios regulatorios repentinos y reversiones de pol\u00edticas. La salud financiera inestable de Pemex y una respuesta fiscal d\u00e9bil a la crisis econ\u00f3mica del covid-19 han contribuido a la incertidumbre en curso \u201d.<\/p>\n<p>En el primer y segundo trimestre de 2020, las tres principales agencias calificadas (Fitch, Moody&#8217;s y Standard and Poor&#8217;s) bajaron la calificaci\u00f3n crediticia soberana de M\u00e9xico y la calificaci\u00f3n crediticia de Pemex al \u201cestado basura\u201d.<\/p>\n<p>El Departamento de Estado reconoce que el Banco de M\u00e9xico revis\u00f3 al alza las expectativas de crecimiento del PIB de M\u00e9xico para 2021 \u2014de 3.3 a 4.8 por ciento\u2014, al igual que el FMI \u2014a 5 por ciento.<\/p>\n<p>\u201cAun as\u00ed, los analistas del Fondo Monetario Internacional anticipan que una recuperaci\u00f3n econ\u00f3mica, a niveles prepand\u00e9micos, podr\u00edan llevar a cabo un cabo un cabo cinco a\u00f1os\u201d, pronostica. La incertidumbre sobre el cumplimiento de los contratos, la inseguridad, la informalidad y la corrupci\u00f3n contin\u00faan obstaculizando el crecimiento econ\u00f3mico sostenido de M\u00e9xico, destaca.<\/p>\n<p>\u201cLos esfuerzos recientes para revertir las reformas energ\u00e9ticas de 2014, incluida la ley de reforma de la electricidad de marzo de 2021, que prioriza la generaci\u00f3n de la compa\u00f1\u00eda el\u00e9ctrica estatal, CFE, a\u00fan m\u00e1s esa incertidumbre\u201d, asegura. A lo que acaba de leer, s\u00famele que apenas el pasado martes una veintena de senadores y congresistas estadunidenses le escribieron al presidente Biden para quejarse del \u201cproteccionismo\u201d del mandatario mexicano en materia energ\u00e9tica.<\/p>\n<p>Le dicen que la Ley de Hidrocarburos y la Ley de la Industria El\u00e9ctrica amenazan las inversiones estadunidenses en materia de energ\u00edas limpias y violan el esp\u00edritu del T-MEC.<\/p>\n<p>Pero AMLO vive en una realidad que imagina. Dice que las protestas provienen de una \u201cminor\u00eda no significativa\u201d (como si se tratara de un tema de masas).<\/p>\n<p>\u201cLa mayor parte de las cadenas productivas en M\u00e9xico, en Estados Unidos, est\u00e1n funcionando y cada vez mejor, porque nosotros producimos muchas cosas que necesitan la industria de Estados Unidos\u201d, asegur\u00f3 en la ma\u00f1anera.<\/p>\n<p>Decir que hay desconfianza entre los inversionistas, seg\u00fan AMLO, es un discurso que tiene que ver m\u00e1s con la \u201cpolitiquer\u00eda\u201d de los que no est\u00e1n de acuerdo con la 4T.<\/p>\n<p>\u201cEs v\u00e1lido y es leg\u00edtimo, pero no tiene que ver con la realidad. No es algo que a m\u00ed me preocupe como Presidente. Llevamos muy buena relaci\u00f3n con el gobierno de Estados Unidos \u201d, asever\u00f3. Lo datos del Banco de M\u00e9xico se\u00f1alan que se ha visto la salida de casi 136,000 millones de pesos en bonos gubernamentales, al cierre de junio pasado.<\/p>\n<p>Esto \u201crefleja la cautela que a\u00fan tienen los inversionistas\u201d, seg\u00fan la revista Expansi\u00f3n. Estados Unidos ha sido la principal fuente de inversi\u00f3n extranjera directa (IED) en M\u00e9xico, con 100.9 mil millones de d\u00f3lares, seg\u00fan la Oficina de An\u00e1lisis Econ\u00f3mico de EU (datos de 2019).<\/p>\n<p>* El martes 27 de julio pr\u00f3ximo se reunir\u00e1 la<br \/>\nComisi\u00f3n Permanente del Congreso de la Uni\u00f3n. La intenci\u00f3n es convocar a<br \/>\nperiodo extraordinario de sesiones con el fin, vuelven a decir, de desaforar a<br \/>\nlos diputados, de Morena, Sa\u00fal Huerta, pederasta, y Mauricio Toledo, PT,<br \/>\nacusado de enriquecimiento il\u00edcito.<\/p>\n<p>Pero tambi\u00e9n para ampliar un mes la entrada en vigor<br \/>\nde la ley que proh\u00edbe la subcontrataci\u00f3n (outsourcing) y el nombramiento de<br \/>\nRogelio Ram\u00edrez de la O como nuevo secretario de Hacienda. El panista Marco<br \/>\nAdame, miembro de la mesa directiva de la Comisi\u00f3n Permanente, nos dice que la<br \/>\nconvocatoria al extraordinario debe cumplir tres condiciones: La definici\u00f3n de<br \/>\nlos temas, la construcci\u00f3n del acuerdo pol\u00edtico necesario, v\u00eda el di\u00e1logo, y el<br \/>\nrespeto al proceso legislativo.<\/p>\n<p>En Acci\u00f3n Nacional est\u00e1n abiertos a la discusi\u00f3n de<br \/>\nprolongar la entrada en vigor de la ley que proh\u00edbe la subcontrataci\u00f3n.<\/p>\n<p>Un transitorio establece que entrar\u00e1 en vigor el<br \/>\npr\u00f3ximo primero de agosto. El senador Monreal propone que se aplace un mes esa<br \/>\nfecha, por la lentitud con la que se ha desarrollado el complicado proceso que<br \/>\nconlleva una ley as\u00ed.<\/p>\n<p>Los panistas han repetido que es imposible de<br \/>\ncumplir ese plazo por todas las implicaciones y dependencias involucradas. \u201cNos<br \/>\nsigue pareciendo igual pensar que en un mes se va a resolver eso. Proponemos<br \/>\nque sea en enero de 2022 cuando entre en vigor\u201d, se\u00f1al\u00f3 Adame.<\/p>\n<p><\/p>\n","protected":false},"excerpt":{"rendered":"<p>El documento del Departamento de Estado que no le va a gustar a AMLO<\/p>\n","protected":false},"author":1035,"featured_media":34222,"comment_status":"open","ping_status":"open","sticky":false,"template":"","format":"standard","meta":{"tdm_status":"","tdm_grid_status":"","footnotes":""},"categories":[25],"tags":[],"_links":{"self":[{"href":"https:\/\/dralvarez.com.mx\/larevista\/wp-json\/wp\/v2\/posts\/19136"}],"collection":[{"href":"https:\/\/dralvarez.com.mx\/larevista\/wp-json\/wp\/v2\/posts"}],"about":[{"href":"https:\/\/dralvarez.com.mx\/larevista\/wp-json\/wp\/v2\/types\/post"}],"author":[{"embeddable":true,"href":"https:\/\/dralvarez.com.mx\/larevista\/wp-json\/wp\/v2\/users\/1035"}],"replies":[{"embeddable":true,"href":"https:\/\/dralvarez.com.mx\/larevista\/wp-json\/wp\/v2\/comments?post=19136"}],"version-history":[{"count":1,"href":"https:\/\/dralvarez.com.mx\/larevista\/wp-json\/wp\/v2\/posts\/19136\/revisions"}],"predecessor-version":[{"id":34221,"href":"https:\/\/dralvarez.com.mx\/larevista\/wp-json\/wp\/v2\/posts\/19136\/revisions\/34221"}],"wp:featuredmedia":[{"embeddable":true,"href":"https:\/\/dralvarez.com.mx\/larevista\/wp-json\/wp\/v2\/media\/34222"}],"wp:attachment":[{"href":"https:\/\/dralvarez.com.mx\/larevista\/wp-json\/wp\/v2\/media?parent=19136"}],"wp:term":[{"taxonomy":"category","embeddable":true,"href":"https:\/\/dralvarez.com.mx\/larevista\/wp-json\/wp\/v2\/categories?post=19136"},{"taxonomy":"post_tag","embeddable":true,"href":"https:\/\/dralvarez.com.mx\/larevista\/wp-json\/wp\/v2\/tags?post=19136"}],"curies":[{"name":"wp","href":"https:\/\/api.w.org\/{rel}","templated":true}]}}