{"id":19134,"date":"2021-07-23T00:00:00","date_gmt":"2021-07-23T06:00:00","guid":{"rendered":"https:\/\/dralvarez.com.mx\/larevista\/blog\/autodefensas"},"modified":"2024-02-23T10:33:50","modified_gmt":"2024-02-23T16:33:50","slug":"autodefensas","status":"publish","type":"post","link":"https:\/\/dralvarez.com.mx\/larevista\/opiniones\/autodefensas","title":{"rendered":"Autodefensas"},"content":{"rendered":"<\/p>\n<p><b><i>Por Pascal Beltr\u00e1n del R\u00edo<\/i><\/b><\/p>\n<p>Estoy de acuerdo con el presidente L\u00f3pez Obrador: los grupos de autodefensa no debieran existir. Para usar sus propias palabras, &#8220;no se puede hacer justicia por propia mano, nadie puede hacer eso, es ilegal y no debe aceptarse&#8221;. Tiene raz\u00f3n.<\/p>\n<p>En un Estado de derecho, la autoridad tiene la obligaci\u00f3n de proveer de seguridad a los gobernados. De hecho, es el cimiento fundamental del pacto democr\u00e1tico: los ciudadanos renuncian a defender su vida y sus pertenencias por sus propios medios y depositan esa tarea en el gobierno, que cuenta con el monopolio del uso leg\u00edtimo de la fuerza.<\/p>\n<p>Lo dice el art\u00edculo 21 de la Constituci\u00f3n: &#8220;La seguridad p\u00fablica es una funci\u00f3n del Estado a cargo de la Federaci\u00f3n, las entidades federativas y los municipios, cuyos fines son salvaguardar la vida, las libertades, la integridad y el patrimonio de las personas&#8221; .<\/p>\n<p>Por tanto, una persona o grupo que toma en sus manos la procuraci\u00f3n de justicia resulta una perversi\u00f3n del Estado de derecho. Desde luego, hablo de una acci\u00f3n sistem\u00e1tica en ese sentido, no de la leg\u00edtima defensa reconocida en el art\u00edculo 15 del C\u00f3digo Penal Federal.<\/p>\n<p>Adem\u00e1s, debemos considerar que, por m\u00e1s leg\u00edtimas que sean las razones para constituirse, los grupos de autodefensa buscan relevar a las autoridades de sus obligaciones constitucionales.<\/p>\n<p>Lo dijo el propio Presidente en su conferencia ma\u00f1anera: \u201cEl Estado tiene la obligaci\u00f3n de garantizar la paz y la tranquilidad\u201d. De acuerdo.<\/p>\n<p>M\u00e1s a\u00fan, los grupos de autodefensa han derivado \u2014en M\u00e9xico y otros pa\u00edses\u2014 en organizaciones abiertamente delincuenciales. Una vez cumplidos sus objetivos expl\u00edcitos de proteger a la poblaci\u00f3n contra agresiones por parte de criminales, han hecho de la violaci\u00f3n de la ley una forma de vida, robando y asesinando. Es el caso de los paramilitares en Colombia y de los grupos que surgieron en Michoac\u00e1n para combatir a los c\u00e1rteles.<\/p>\n<p>Dicho eso, entiendo que la gente decida armarse para repeler la amenaza de los criminales. Cuando la autoridad est\u00e1 ausente, como ha ocurrido y sigue ocurriendo en muchas partes del pa\u00eds, ni modo que los agredidos se queden cruzados de brazos cuando nadie aparece en su defensa.<\/p>\n<p>La creaci\u00f3n de autodefensas \u2014como El Machete, en<br \/>\nPantelh\u00f3, Chiapas\u2014 debe ser vista como un s\u00edntoma y no un fin en s\u00ed misma.<br \/>\nPasada la condena al hecho de que un grupo haga exhibici\u00f3n p\u00fablica de fusiles<br \/>\nde alto poder, sea un c\u00e1rtel del narcotr\u00e1fico o un grupo de ciudadanos que se<br \/>\narma para defenderse, lo que debe seguir es una acci\u00f3n contundente del Estado<br \/>\npor hacer valer la ley y su monopolio de la fuerza leg\u00edtima.<\/p>\n<p>Me llama la atenci\u00f3n que la reacci\u00f3n del Presidente<br \/>\nhaya sido m\u00e1s firme ante la aparici\u00f3n de El Machete, el pasado fin de semana,<br \/>\nque ante el desfile que realiz\u00f3 en una carretera de Michoac\u00e1n el C\u00e1rtel Jalisco<br \/>\nNueva Generaci\u00f3n \u2014con metralletas, drones y tanquetas hechizas\u2014 apenas una<br \/>\nsemana antes.<\/p>\n<p>\u201cEs nuestra responsabilidad garantizar la paz y la<br \/>\ntranquilidad, y lo estamos haciendo\u201d, expres\u00f3 el Presidente el martes pasado.<br \/>\nEstoy de acuerdo con la primera parte de la frase, pero me parece que la<br \/>\nsegunda no se sostiene en los hechos.<\/p>\n<p>Y si no, que pregunten a los familiares de Aranza<br \/>\nRamos, quien buscaba a su esposo desaparecido en Sonora y fue asesinada por<br \/>\npersonas que penetraron en su casa el 15 de julio en Guaymas. O a los<br \/>\nseguidores de Sim\u00f3n Pedro P\u00e9rez L\u00f3pez, activista de la organizaci\u00f3n Las Abejas,<br \/>\nmuerto a balazos en Simojovel, Chiapas, el 5 de julio, cuando iba de compras<br \/>\ncon su hijo. O a los compa\u00f1eros de Gilberto Tapia Mendoza, becario del programa<br \/>\ngubernamental Sembrado Vida, secuestrado el 14 de julio y ultimado tres d\u00edas<br \/>\ndespu\u00e9s cuando hab\u00eda subido a la sierra de Guerrero para convencer a los<br \/>\nj\u00f3venes del municipio de Petatl\u00e1n de que dejaran de sembrar droga.<\/p>\n<p>La mejor manera de mostrar como innecesarios a los<br \/>\ngrupos de autodefensa es haciendo cumplir la ley. Y en el caso de M\u00e9xico eso<br \/>\nimplica recuperar los territorios capturados por la delincuencia organizada y<br \/>\nasegurar que quienes han tenido que huir de la violencia \u2014como en los Altos de<br \/>\nChiapas, la Tierra Caliente de Michoac\u00e1n y la Costa Grande de Guerrero\u2014puedan<br \/>\nvolver a sus casas y sentirse protegidos por la autoridad.<\/p>\n<p><\/p>\n","protected":false},"excerpt":{"rendered":"<p>Autodefensas<\/p>\n","protected":false},"author":1127,"featured_media":34220,"comment_status":"open","ping_status":"open","sticky":false,"template":"","format":"standard","meta":{"tdm_status":"","tdm_grid_status":"","footnotes":""},"categories":[25],"tags":[],"_links":{"self":[{"href":"https:\/\/dralvarez.com.mx\/larevista\/wp-json\/wp\/v2\/posts\/19134"}],"collection":[{"href":"https:\/\/dralvarez.com.mx\/larevista\/wp-json\/wp\/v2\/posts"}],"about":[{"href":"https:\/\/dralvarez.com.mx\/larevista\/wp-json\/wp\/v2\/types\/post"}],"author":[{"embeddable":true,"href":"https:\/\/dralvarez.com.mx\/larevista\/wp-json\/wp\/v2\/users\/1127"}],"replies":[{"embeddable":true,"href":"https:\/\/dralvarez.com.mx\/larevista\/wp-json\/wp\/v2\/comments?post=19134"}],"version-history":[{"count":1,"href":"https:\/\/dralvarez.com.mx\/larevista\/wp-json\/wp\/v2\/posts\/19134\/revisions"}],"predecessor-version":[{"id":34219,"href":"https:\/\/dralvarez.com.mx\/larevista\/wp-json\/wp\/v2\/posts\/19134\/revisions\/34219"}],"wp:featuredmedia":[{"embeddable":true,"href":"https:\/\/dralvarez.com.mx\/larevista\/wp-json\/wp\/v2\/media\/34220"}],"wp:attachment":[{"href":"https:\/\/dralvarez.com.mx\/larevista\/wp-json\/wp\/v2\/media?parent=19134"}],"wp:term":[{"taxonomy":"category","embeddable":true,"href":"https:\/\/dralvarez.com.mx\/larevista\/wp-json\/wp\/v2\/categories?post=19134"},{"taxonomy":"post_tag","embeddable":true,"href":"https:\/\/dralvarez.com.mx\/larevista\/wp-json\/wp\/v2\/tags?post=19134"}],"curies":[{"name":"wp","href":"https:\/\/api.w.org\/{rel}","templated":true}]}}