{"id":19078,"date":"2021-07-16T00:00:00","date_gmt":"2021-07-16T06:00:00","guid":{"rendered":"https:\/\/dralvarez.com.mx\/larevista\/blog\/aquella-reunion-en-los-barandales"},"modified":"2024-02-23T10:31:14","modified_gmt":"2024-02-23T16:31:14","slug":"aquella-reunion-en-los-barandales","status":"publish","type":"post","link":"https:\/\/dralvarez.com.mx\/larevista\/opiniones\/aquella-reunion-en-los-barandales","title":{"rendered":"Aquella reuni\u00f3n en los barandales"},"content":{"rendered":"<p><b><i>Por Pascal Beltr\u00e1n del R\u00edo<\/i><\/b><\/p>\n<p>Era el 25 de abril de 1987. La Corriente Democr\u00e1tica, el movimiento disidente en el PRI, apenas estaba en proceso de consolidaci\u00f3n. Cuauht\u00e9moc C\u00e1rdenas acababa de terminar su periodo como gobernador de Michoac\u00e1n y Porfirio Mu\u00f1oz Ledo no ten\u00eda mucho de haber regresado a M\u00e9xico despu\u00e9s de haber sido embajador ante la ONU. Ambos fueron invitados de honor en una comida que convocaba cada a\u00f1o Manuel Moreno S\u00e1nchez, exl\u00edder del Senado en el sexenio de Adolfo L\u00f3pez Mateos y candidato a la Presidencia por el Partido Socialdem\u00f3crata en 1982. Miembro de las juventudes que apoyaron la campa\u00f1a de Jos\u00e9 Vasconcelos en 1929, Moreno S\u00e1nchez fue el primer priista de relevancia en romper con el entonces partido hegem\u00f3nico desde que lo hiciera el general Miguel Henr\u00edquez Guzm\u00e1n en los a\u00f1os 50.<\/p>\n<p>La comida, realizada en el rancho Los Barandales, en Ocoyoacac, Estado de M\u00e9xico, ser\u00eda la presentaci\u00f3n en p\u00fablico de la Corriente Democr\u00e1tica. Asistieron integrantes de la oposici\u00f3n, como Manuel Stephens y Arturo Whaley, del Partido Socialista Unificado de M\u00e9xico; Francisco Ortiz Mendoza y Cuauht\u00e9moc Amezcua, del Partido Popular Socialista, y Javier Livas, del PAN. Tambi\u00e9n empresarios, como Alejandro Gurza Obreg\u00f3n. Y hasta prominentes miembros del PRI, como el exl\u00edder nacional del partido y secretario de Pesca en funciones, Pedro Ojeda Paullada, y el exsecretario de Programaci\u00f3n y Presupuesto, Carlos Tello Mac\u00edas, quienes se retiraron cuando se dieron cuenta del prop\u00f3sito de la reuni\u00f3n. El encuentro result\u00f3 una \u201cbomba pol\u00edtica\u201d, describe C\u00e1rdenas en sus memorias, pues ocurri\u00f3 \u201cs\u00f3lo dos semanas despu\u00e9s de los ataques que el presidente del PRI (Jorge de la Vega Dom\u00ednguez) hab\u00eda lanzado a la Corriente en la XIII Asamblea\u201d del partido. El fen\u00f3meno desatado por la disidencia interna del PRI llev\u00f3 a la dirigencia a realizar, en el verano de 1987, una inusitada pasarela de aspirantes presidenciales. Era la primera vez que se reconoc\u00eda la existencia de una lista de tapados desde que Leandro Rovirosa Wade, secretario de Recursos Hidr\u00e1ulicos, dio a conocer, en 1975, los nombres de quienes aspiraban a suceder al presidente Luis Echeverr\u00eda.<\/p>\n<p>Pero la pasarela de los \u201cseis distinguidos priistas\u201d no obst\u00f3 para que, dos d\u00edas antes del destape de Carlos Salinas de Gortari, el presidente Miguel de la Madrid le comunicara que \u201cten\u00eda muchas posibilidades\u201d de ser el nominado, seg\u00fan le cont\u00f3 a Jorge Casta\u00f1eda para su libro La Herencia. As\u00ed, De la Madrid se adelant\u00f3 a una reuni\u00f3n ya programada con el Consejo Pol\u00edtico del PRI, en la que De la Vega le informar\u00eda sobre la auscultaci\u00f3n realizada entre los liderazgos priistas para evaluar a los aspirantes. En la misma, De la Vega presentar\u00eda una terna al Presidente \u2014integrada por Manuel Bartlett, Alfredo del Mazo y Salinas de Gortari\u2014 y, enseguida, le pedir\u00eda su opini\u00f3n. \u201cLes dije que para m\u00ed esos tres eran la terna finalista \u2014relat\u00f3 el exmandatario a Casta\u00f1eda\u2014 y que ya que me ped\u00edan mi opini\u00f3n, pues opinaba a favor de Salinas\u201d.<\/p>\n<p>El s\u00e1bado pasado, 34 a\u00f1os despu\u00e9s de esos hechos, se realiz\u00f3 otra reuni\u00f3n pol\u00edtica en Ocoyoacac. \u00c9sta fue para apoyar las aspiraciones presidenciales de Marcelo Ebrard, mismas que el propio canciller se encargar\u00eda de oficializar en la conferencia ma\u00f1anera del lunes 12. Como un interesante paralelismo, entre los cerca de 150 asistentes a la comida estuvo la subsecretaria de Relaciones Exteriores, Carmen Moreno Toscano, hija de Moreno S\u00e1nchez. El encuentro fue precedido por dos menciones de Ebrard que hizo el presidente L\u00f3pez Obrador como parte de un grupo de funcionarios que, seg\u00fan \u00e9l, podr\u00edan sucederlo cuando deje el poder. Sean o no relevantes las coincidencias con lo ocurrido en 1987, Ebrard tratar\u00e1 de ganar la candidatura presidencial de Morena, remando contra la evidente voluntad del Presidente de dejar como su sucesora a la jefa de Gobierno capitalina, Claudia Sheinbaum. Es su favorita, como lo era Salinas para De la Madrid.<\/p>\n<p>Ebrard podr\u00eda ir por Morena, pero, si no, hay otros partidos que parecer\u00edan dispuestos a postularlo. Y es que, al igual que en 1987, en la comida del s\u00e1bado en Ocoyoacac hab\u00eda militantes del partido del gobierno, pero tambi\u00e9n de otras organizaciones pol\u00edticas: el Partido Verde <\/p>\n","protected":false},"excerpt":{"rendered":"<p>Aquella reuni\u00f3n en los barandales<\/p>\n","protected":false},"author":1127,"featured_media":34169,"comment_status":"open","ping_status":"open","sticky":false,"template":"","format":"standard","meta":{"tdm_status":"","tdm_grid_status":"","footnotes":""},"categories":[25],"tags":[],"_links":{"self":[{"href":"https:\/\/dralvarez.com.mx\/larevista\/wp-json\/wp\/v2\/posts\/19078"}],"collection":[{"href":"https:\/\/dralvarez.com.mx\/larevista\/wp-json\/wp\/v2\/posts"}],"about":[{"href":"https:\/\/dralvarez.com.mx\/larevista\/wp-json\/wp\/v2\/types\/post"}],"author":[{"embeddable":true,"href":"https:\/\/dralvarez.com.mx\/larevista\/wp-json\/wp\/v2\/users\/1127"}],"replies":[{"embeddable":true,"href":"https:\/\/dralvarez.com.mx\/larevista\/wp-json\/wp\/v2\/comments?post=19078"}],"version-history":[{"count":1,"href":"https:\/\/dralvarez.com.mx\/larevista\/wp-json\/wp\/v2\/posts\/19078\/revisions"}],"predecessor-version":[{"id":34168,"href":"https:\/\/dralvarez.com.mx\/larevista\/wp-json\/wp\/v2\/posts\/19078\/revisions\/34168"}],"wp:featuredmedia":[{"embeddable":true,"href":"https:\/\/dralvarez.com.mx\/larevista\/wp-json\/wp\/v2\/media\/34169"}],"wp:attachment":[{"href":"https:\/\/dralvarez.com.mx\/larevista\/wp-json\/wp\/v2\/media?parent=19078"}],"wp:term":[{"taxonomy":"category","embeddable":true,"href":"https:\/\/dralvarez.com.mx\/larevista\/wp-json\/wp\/v2\/categories?post=19078"},{"taxonomy":"post_tag","embeddable":true,"href":"https:\/\/dralvarez.com.mx\/larevista\/wp-json\/wp\/v2\/tags?post=19078"}],"curies":[{"name":"wp","href":"https:\/\/api.w.org\/{rel}","templated":true}]}}