{"id":19060,"date":"2021-07-16T00:00:00","date_gmt":"2021-07-16T06:00:00","guid":{"rendered":"https:\/\/dralvarez.com.mx\/larevista\/blog\/virgen-del-carmen"},"modified":"2024-02-23T10:30:13","modified_gmt":"2024-02-23T16:30:13","slug":"virgen-del-carmen","status":"publish","type":"post","link":"https:\/\/dralvarez.com.mx\/larevista\/opiniones\/virgen-del-carmen","title":{"rendered":"Virgen del Carmen.."},"content":{"rendered":"<p>Su abuelo paterno viv\u00eda ya en el cielo, fue marinero en Galicia. Cuando \u00e9l era peque\u00f1o le contaba de la vida en el mar, una vida tan apasionante como dura, le narraba batallas de temporales y olas, le explicaba de las redes y de las noches de pesca\u2026 y de la Reina de los Mares\u2026<\/p>\n<p>Su abuelo materno, sevillano, viv\u00eda una dicha dichosa y plena. Era trabajador, tan trabajador como lo fue el gallego, siempre hab\u00eda cultivado el campo. Gustaba del toreo, igual que el gallego, cu\u00e1nto hab\u00edan hablado de Joselito y de Belmonte, y sent\u00eda devoci\u00f3n por la Virgen del Carmen\u2026<\/p>\n<p>Su madre llevaba ese nombre tan nuestro, tan espa\u00f1ol, tan torero, tan flamenco. Dicen que significa poema! Puede ser\u2026 Su madre le ense\u00f1\u00f3 a amar a la Virgen del Carmen. Salve, Reina de los Mares, dec\u00eda cada 16 de julio. Qu\u00e9 hermosa es! Ahora, \u00e9l, viv\u00eda un algo con una chiquilla llamada Carmen\u2026<\/p>\n<p>Cuando despert\u00f3 la Virgen del Carmen segu\u00eda sonriendo.<\/p>\n<p>Galicia no se entiende sin san Juan. Tampoco sin la Virgen del Carmen<br \/>Viva la Patrona del mar<br \/>Viva Espa\u00f1a<br \/>A mi querida Carmen<br \/>A cada Carmen: vaya nombre bonito<br \/>A mi Luis<br \/>A las personas con sensibilidad<br \/>A las gentes del mar<br \/>Al toreo<br \/>Al flamenco<br \/>A mi amada abuela: gallega y trabajadora<br \/>A Paty<br \/>Y a lo nuestro<\/p>\n","protected":false},"excerpt":{"rendered":"<p>Cuando so\u00f1\u00f3 la Virgen del Carmen estaba sonriendo<\/p>\n","protected":false},"author":1025,"featured_media":34152,"comment_status":"open","ping_status":"open","sticky":false,"template":"","format":"standard","meta":{"tdm_status":"","tdm_grid_status":"","footnotes":""},"categories":[25],"tags":[],"_links":{"self":[{"href":"https:\/\/dralvarez.com.mx\/larevista\/wp-json\/wp\/v2\/posts\/19060"}],"collection":[{"href":"https:\/\/dralvarez.com.mx\/larevista\/wp-json\/wp\/v2\/posts"}],"about":[{"href":"https:\/\/dralvarez.com.mx\/larevista\/wp-json\/wp\/v2\/types\/post"}],"author":[{"embeddable":true,"href":"https:\/\/dralvarez.com.mx\/larevista\/wp-json\/wp\/v2\/users\/1025"}],"replies":[{"embeddable":true,"href":"https:\/\/dralvarez.com.mx\/larevista\/wp-json\/wp\/v2\/comments?post=19060"}],"version-history":[{"count":1,"href":"https:\/\/dralvarez.com.mx\/larevista\/wp-json\/wp\/v2\/posts\/19060\/revisions"}],"predecessor-version":[{"id":34151,"href":"https:\/\/dralvarez.com.mx\/larevista\/wp-json\/wp\/v2\/posts\/19060\/revisions\/34151"}],"wp:featuredmedia":[{"embeddable":true,"href":"https:\/\/dralvarez.com.mx\/larevista\/wp-json\/wp\/v2\/media\/34152"}],"wp:attachment":[{"href":"https:\/\/dralvarez.com.mx\/larevista\/wp-json\/wp\/v2\/media?parent=19060"}],"wp:term":[{"taxonomy":"category","embeddable":true,"href":"https:\/\/dralvarez.com.mx\/larevista\/wp-json\/wp\/v2\/categories?post=19060"},{"taxonomy":"post_tag","embeddable":true,"href":"https:\/\/dralvarez.com.mx\/larevista\/wp-json\/wp\/v2\/tags?post=19060"}],"curies":[{"name":"wp","href":"https:\/\/api.w.org\/{rel}","templated":true}]}}