{"id":19034,"date":"2021-07-12T00:00:00","date_gmt":"2021-07-12T06:00:00","guid":{"rendered":"https:\/\/dralvarez.com.mx\/larevista\/blog\/el-belial-energetico-competencia"},"modified":"2024-02-23T10:28:49","modified_gmt":"2024-02-23T16:28:49","slug":"el-belial-energetico-competencia","status":"publish","type":"post","link":"https:\/\/dralvarez.com.mx\/larevista\/opiniones\/el-belial-energetico-competencia","title":{"rendered":"El belial energ\u00e9tico &#8211; \u00a1Competencia!"},"content":{"rendered":"<p><b>Por: Ramses Pech \u2013 Grupo Caraiva \u2013 Le\u00f3n &amp; Pech architect.<\/b><\/p>\n<\/p>\n<p>El mundo esta<br \/>\nmodificando la forma de utilizar las energ\u00edas, y est\u00e1 siendo ligadas a en gran<br \/>\nparte en el futuro, alineada con los recursos financieros y tecnol\u00f3gicos, que<br \/>\npodr\u00e1n tener en cada naci\u00f3n.<\/p>\n<p>Pero existen dentro<br \/>\nde los pa\u00edses pensamientos no alineados a la realidad, y convirti\u00e9ndose en una<br \/>\nrebeld\u00eda, que causara estragos en el futuro inmediato. Pensar que una<br \/>\nadministraci\u00f3n de un naci\u00f3n, puede cubrir todas las necesidades ante una<br \/>\nmodernidad inminente de las ideolog\u00edas o las formas de llevarla, y no adaptarse<br \/>\nen forma camale\u00f3nica de acuerdo con los tiempos, significa que una pa\u00eds no<br \/>\ntiene la capacidad para poder tener un futuro.<\/p>\n<p>Es absurdo, ir\u00f3nico<br \/>\ny retrograda en el tiempo, considerar que una economia de una naci\u00f3n, basa su<br \/>\ncrecimiento por decisiones unilaterales, por medio de la administraci\u00f3n en<br \/>\nturno, y esta considera que <b>es la toda poderosa<\/b>, para poder cubrir las<br \/>\nnecesidades de cada individuo. Al especular que debe ser asi, coartara al libre<br \/>\nalbedr\u00edo de decidir por propia cuenta de la sociedad, el rumbo que desea llevar<br \/>\nen el mundo, y no dejando que cada mente asuma sus propias decisiones, buenas o<br \/>\nmalas.<\/p>\n<p>Esto ser\u00eda de igual<br \/>\nforma, &nbsp;cuando crees que dominar la<br \/>\ndecisi\u00f3n de un individuo o empresas, pretendas controlar la forma como prefiere<br \/>\ncada uno adquirir o comercializar, algo dentro de un mercado, y de acuerdo con<br \/>\nla evoluci\u00f3n de la innovaci\u00f3n del ser humano, en tener el derecho a poder<br \/>\ntenerlo.<\/p>\n<p>Acaso no<br \/>\nimplementamos durante el progreso de la humanidad, que para poder tenerlo<br \/>\ndeber\u00e1s esforzarte con conocimiento, habilidades, y invenci\u00f3n. Es acaso, que<br \/>\ncada individuo de sus decisiones que tome debe responsabilizar a un gobierno. <b>La<br \/>\ninnovaci\u00f3n, fue creado para no regular a el conocimiento.<\/b><\/p>\n<p>En el mundo hay una autosugesti\u00f3n<br \/>\ncreada, y se llama competencia. El problema de ella, es que fue desvirtuada, y<br \/>\ncuyo prop\u00f3sito de su ignici\u00f3n fue la retroalimentaci\u00f3n, en el conocimiento para<br \/>\npoder mejorar cada respuesta a una necesidad del ser humano en el mundo, y un<br \/>\nprincipio no fue tomado en cuenta a el planeta; pero en este siglo XXI esta<br \/>\ndentro de la ecuaci\u00f3n al tener la diplomacia ambientalista.<\/p>\n<p>La competencia fue instaurada,<br \/>\ncomo una biblia documental mejorada en forma continua, cuyo fundamento podemos<br \/>\nresumir en que orienta a tener un crecimiento de la productividad individual o<br \/>\ngrupal. No contar con ella dentro de una naci\u00f3n, desacelera la inversi\u00f3n<br \/>\nempresarial, disminuyen la innovaci\u00f3n, los ingresos , y la riqueza de un pa\u00eds ;<br \/>\ny dando a lugar a una mayor desigualdad dentro de la sociedad. Tenemos el<br \/>\nejemplo de pa\u00edses con ideolog\u00edas de control del estado ,han migrado a una<br \/>\napertura para adquirir conocimiento, y despu\u00e9s ser parte del mercado mundial,<br \/>\ndejando de ser importadores compulsivos.<\/p>\n<p>La competencia<br \/>\nsurgi\u00f3 como una respuestas a los monopolios, debido a que no ten\u00edan una<br \/>\nevoluci\u00f3n continua, y solo hab\u00eda un solo ente que invert\u00eda. Esta a su vez,<br \/>\nincrementa las posibilidades de que una administraci\u00f3n de una naci\u00f3n, pueda<br \/>\ntener acceso a recursos financieros para poder tener una continuidad evolutiva<br \/>\ndentro del mundo, al no hacerlo no podr\u00e1 tener una fuerza econ\u00f3mica,<br \/>\nfinanciera, tecnol\u00f3gica, salud, ambiental<a target=\"_blank\" rel=\"nofollow noopener\">[1]<\/a> y<br \/>\ncon conocimiento, dejando a la merced al futuro de las generaciones. Tomando<br \/>\nalgunas anotaciones del programa de la competencia en la econom\u00eda<br \/>\nestadounidense<a target=\"_blank\" rel=\"nofollow noopener\">[2]<\/a> promulgada recientemente,<br \/>\nencontramos que:<\/p>\n<\/p>\n<ul>\n<li>La competencia<br \/>\ninadecuada <b>frena el crecimiento econ\u00f3mico y la innovaci\u00f3n<\/b>. <\/li>\n<li><b>Las empresas<br \/>\npeque\u00f1as e independientes <\/b>existentes<br \/>\ndeber\u00e1n tener mejores condiciones equitativas para que accedan a los mercados y<br \/>\nobtengan un <b>rendimiento justo.<\/b><\/li>\n<li>Hemos visto en<br \/>\nlas \u00faltimas d\u00e9cadas, <b>menos competencia y m\u00e1s concentraci\u00f3n en algunas<br \/>\nempresas<\/b>, y eso frena la economia. <\/li>\n<li>En lugar de<br \/>\ncompetir por los consumidores, <b>est\u00e1n consumiendo a sus competidores<\/b>.<br \/>\nEsto esta sucediendo en algunos pa\u00edses por medio de la inversi\u00f3n p\u00fablica.<\/li>\n<li><b>A medida que<br \/>\nla competencia disminuye<\/b>, las<br \/>\nempresas no sienten la presi\u00f3n de innovar o invertir en su fuerza<br \/>\nlaboral. Eso perjudica a las familias trabajadoras y perjudica a la<br \/>\neconom\u00eda. Por qu\u00e9 el individuo no le interesa el conocimiento,<br \/>\nconvirtiendo en aut\u00f3mata de la cotidianidad.<\/li>\n<li>Cualquier<br \/>\nmercado sin competencia no es mercado; <b>es explotaci\u00f3n porque no hay<br \/>\nigualdad<\/b>.<\/li>\n<\/ul>\n<p>Franklin Roosevelt<br \/>\n&nbsp;&#8220;el derecho de todo empresario, grande y peque\u00f1o, a comerciar en una<br \/>\natm\u00f3sfera <b>libre de competencia desleal y dominaci\u00f3n por monopolios<\/b>&#8220;<\/p>\n<p>En M\u00e9xico se pretende<br \/>\ncontrolar a el mercado para bajar precios, con empresas del estado<a target=\"_blank\" rel=\"nofollow noopener\">[3]<\/a>,<br \/>\nen el mercado ENERGETICO (Gas Bienestar<a target=\"_blank\" rel=\"nofollow noopener\">[4]<\/a>),<br \/>\ny otros. Pero a todo esto, cual es el objetivo, a sabiendas que no invertimos<br \/>\nen innovaci\u00f3n por parte de un gobierno, siempre lo hace una inversi\u00f3n privada,<br \/>\ny en algunos casos en conjunto.<\/p>\n<p>Realmente estamos<br \/>\nentendiendo en Mexico que es una transici\u00f3n energ\u00e9tica<a target=\"_blank\" rel=\"nofollow noopener\">[5]<\/a>,<br \/>\nporque la realidad actual solo se habla y comenta una parte del todo<a target=\"_blank\" rel=\"nofollow noopener\">[6]<\/a>, y<br \/>\nno esta conceptualizado, a en cuanto el conocimiento que hay para tener en  un mercado en cada pa\u00eds que pretende ser<br \/>\ncompetente.<\/p>\n<p>No soltemos al<br \/>\nBELIAL en el sector energ\u00e9tico, por que si no quedaremos aislados en el<br \/>\nplaneta.<\/p>\n<div>\n<div>\n<p><a target=\"_blank\" rel=\"nofollow noopener\"><small>[1]<\/small><\/a><small> UK cambia a E10 <\/small><a target=\"_blank\" rel=\"nofollow noopener\" href=\"https:\/\/twitter.com\/economiaoil\/status\/1413470735025143810?s=20\"><small>https:\/\/twitter.com\/economiaoil\/status\/1413470735025143810?s=20<\/small><\/a><\/p>\n<p><small><\/p>\n<p><\/small><\/div>\n<p><small><\/p>\n<p><\/small><\/p>\n<div><small><\/p>\n<p><\/small><\/p>\n<p><a target=\"_blank\" rel=\"nofollow noopener\"><small>[2]<\/small><\/a><small> Orden Ejecutiva <\/small><a target=\"_blank\" rel=\"nofollow noopener\" href=\"https:\/\/www.whitehouse.gov\/briefing-room\/speeches-remarks\/2021\/07\/09\/remarks-by-president-biden-at-signing-of-an-executive-order-promoting-competition-in-the-american-economy\/\"><small>Remarks by President<br \/>\nBiden At Signing of An Executive Order Promoting Competition in the American<br \/>\nEconomy | The White House<\/small><\/a><\/p>\n<p><small><\/p>\n<p><\/small><\/div>\n<p><small><\/p>\n<p><\/small><\/p>\n<div><small><\/p>\n<p><\/small><\/p>\n<p><a target=\"_blank\" rel=\"nofollow noopener\"><small>[3]<\/small><\/a><small> Gasto en energ\u00eda en mexico <\/small><a target=\"_blank\" rel=\"nofollow noopener\" href=\"https:\/\/twitter.com\/economiaoil\/status\/1413210353287237639?s=20\"><small>https:\/\/twitter.com\/economiaoil\/status\/1413210353287237639?s=20<\/small><\/a><\/p>\n<p><small><\/p>\n<p><\/small><\/div>\n<p><small><\/p>\n<p><\/small><\/p>\n<div><small><\/p>\n<p><\/small><\/p>\n<p><a target=\"_blank\" rel=\"nofollow noopener\"><small>[4]<\/small><\/a><small> Gas Bienestar Explicaci\u00f3n <\/small><a target=\"_blank\" rel=\"nofollow noopener\" href=\"https:\/\/twitter.com\/economiaoil\/status\/1412922667733295106?s=20\"><small>https:\/\/twitter.com\/economiaoil\/status\/1412922667733295106?s=20<\/small><\/a><small> \/<br \/>\n<\/small><a target=\"_blank\" rel=\"nofollow noopener\" href=\"https:\/\/twitter.com\/economiaoil\/status\/1413243141751255044?s=20\"><small>https:\/\/twitter.com\/economiaoil\/status\/1413243141751255044?s=20<\/small><\/a><\/p>\n<p><small><\/p>\n<p><\/small><\/div>\n<p><small><\/p>\n<p><\/small><\/p>\n<div><small><\/p>\n<p><\/small><\/p>\n<p><a target=\"_blank\" rel=\"nofollow noopener\"><small>[5]<\/small><\/a><small> Transici\u00f3n Energ\u00e9tica <\/small><a target=\"_blank\" rel=\"nofollow noopener\" href=\"https:\/\/fb.watch\/6GGiY0EUna\/\"><small>https:\/\/fb.watch\/6GGiY0EUna\/<\/small><\/a><\/p>\n<p><small><\/p>\n<p><\/small><\/div>\n<p><small><\/p>\n<p><\/small><\/p>\n<div><small><\/p>\n<p><\/small><\/p>\n<p><a target=\"_blank\" rel=\"nofollow noopener\"><small>[6]<\/small><\/a><small> Carros El\u00e9ctricos <\/small><a target=\"_blank\" rel=\"nofollow noopener\" href=\"https:\/\/twitter.com\/economiaoil\/status\/1412048892938555395?s=20\"><small>https:\/\/twitter.com\/economiaoil\/status\/1412048892938555395?s=20<\/small><\/a><\/p>\n<\/div>\n<\/div>\n","protected":false},"excerpt":{"rendered":"<p>Por: Ramses Pech \u2013 Grupo Caraiva \u2013 Le\u00f3n &#038; Pech architect.<\/p>\n","protected":false},"author":1139,"featured_media":34129,"comment_status":"open","ping_status":"open","sticky":false,"template":"","format":"standard","meta":{"tdm_status":"","tdm_grid_status":"","footnotes":""},"categories":[25],"tags":[],"_links":{"self":[{"href":"https:\/\/dralvarez.com.mx\/larevista\/wp-json\/wp\/v2\/posts\/19034"}],"collection":[{"href":"https:\/\/dralvarez.com.mx\/larevista\/wp-json\/wp\/v2\/posts"}],"about":[{"href":"https:\/\/dralvarez.com.mx\/larevista\/wp-json\/wp\/v2\/types\/post"}],"author":[{"embeddable":true,"href":"https:\/\/dralvarez.com.mx\/larevista\/wp-json\/wp\/v2\/users\/1139"}],"replies":[{"embeddable":true,"href":"https:\/\/dralvarez.com.mx\/larevista\/wp-json\/wp\/v2\/comments?post=19034"}],"version-history":[{"count":1,"href":"https:\/\/dralvarez.com.mx\/larevista\/wp-json\/wp\/v2\/posts\/19034\/revisions"}],"predecessor-version":[{"id":34128,"href":"https:\/\/dralvarez.com.mx\/larevista\/wp-json\/wp\/v2\/posts\/19034\/revisions\/34128"}],"wp:featuredmedia":[{"embeddable":true,"href":"https:\/\/dralvarez.com.mx\/larevista\/wp-json\/wp\/v2\/media\/34129"}],"wp:attachment":[{"href":"https:\/\/dralvarez.com.mx\/larevista\/wp-json\/wp\/v2\/media?parent=19034"}],"wp:term":[{"taxonomy":"category","embeddable":true,"href":"https:\/\/dralvarez.com.mx\/larevista\/wp-json\/wp\/v2\/categories?post=19034"},{"taxonomy":"post_tag","embeddable":true,"href":"https:\/\/dralvarez.com.mx\/larevista\/wp-json\/wp\/v2\/tags?post=19034"}],"curies":[{"name":"wp","href":"https:\/\/api.w.org\/{rel}","templated":true}]}}