{"id":19018,"date":"2021-07-09T00:00:00","date_gmt":"2021-07-09T06:00:00","guid":{"rendered":"https:\/\/dralvarez.com.mx\/larevista\/blog\/arranca-la-carrera-por-la-sucesion-presidencial"},"modified":"2024-02-23T10:28:17","modified_gmt":"2024-02-23T16:28:17","slug":"arranca-la-carrera-por-la-sucesion-presidencial","status":"publish","type":"post","link":"https:\/\/dralvarez.com.mx\/larevista\/opiniones\/arranca-la-carrera-por-la-sucesion-presidencial","title":{"rendered":"Arranca la carrera por la sucesi\u00f3n presidencial"},"content":{"rendered":"<p><b><i>La revista peninsular&nbsp;<\/i><\/b><\/p>\n<p>A pesar de que las elecciones fueron hace poco m\u00e1s de un mes, los movimientos con miras a los comicios del 2024 ya comenzaron. Despu\u00e9s de que el presidente L\u00f3pez Obrador revelara los nombres de quienes podr\u00edan competir por Morena para la presidencia, el dirigente nacional del PAN dio a conocer que una de las principales opciones de su partido para dicha contienda es el gobernador Mauricio Vila Dosal.<br \/>A principios de semana, Andr\u00e9s Manuel L\u00f3pez Obrador habl\u00f3 de su posible sucesor en un acto que record\u00f3 a aquel PRI de anta\u00f1o que defin\u00eda el futuro democr\u00e1tico del pa\u00eds desde Palacio Nacional. Entre los nombres que comparti\u00f3 el presidente, mencion\u00f3 a los dos aspirantes m\u00e1s claros, Claudia Sheinbaum y Marcelo Ebrard, e incluy\u00f3 a personajes que usualmente pasaban desapercibidos en este tema como Roc\u00edo Nahle o Esteban Moctezuma.<\/p>\n<p>Es necesario se\u00f1alar que el presidente omiti\u00f3 el nombre del senador Ricardo Monreal, quien hasta hace unos d\u00edas figuraba como la tercera opci\u00f3n, por debajo de Sheinbaum y Ebrard, para contender por la sucesi\u00f3n. Esto ha sido interpretado como un acto de reprimenda por parte de L\u00f3pez Obrador debido la presunta operaci\u00f3n pol\u00edtica emprendida por el zacatecano en la Ciudad de M\u00e9xico, la cual ocasion\u00f3 la derrota de Morena en importantes delegaciones capitalinas.<\/p>\n<p>Para no quedarse atr\u00e1s, el dirigente nacional del PAN, Marko Cort\u00e9s, comparti\u00f3 horas m\u00e1s tarde que el gobernador Mauricio Vila Dosal es uno de los proyectos m\u00e1s fuertes que tiene su partido para contender por la presidencia en el 2024. De acuerdo al l\u00edder panista, el mandatario yucateco destaca por los resultados que ha construido durante su gesti\u00f3n y por ser uno de los mejor evaluados en el pa\u00eds.<\/p>\n<p>De esta manera, el gobernador Vila Dosal se suma a la pugna interna de Acci\u00f3n Nacional por la candidatura presidencial en la cual, por ahora, solo tiene enfrente a Ricardo Anaya. A principios de este a\u00f1o, Anaya hizo p\u00fablica su intenci\u00f3n de competir nuevamente por la presidencia y anunci\u00f3 que emprender\u00eda una gira por todo el pa\u00eds para dar a conocer su proyecto.<\/p>\n<p>El destape de Mauricio Vila fue visto con buenos ojos pues su capacidad para gobernar est\u00e1 plenamente demostrada con el desarrollo que ha tenido Yucat\u00e1n en los \u00faltimos a\u00f1os. Parece que el mandatario yucateco est\u00e1 consiente que \u00e9sta es su mayor fortaleza pues, ante los comentarios de Marko Cort\u00e9s, respondi\u00f3 que su prioridad al momento era continuar trabajando por los yucatecos.<\/p>\n<p>Por otro lado, el mayor reto que tiene el gobernador Vila Dosal es el de darse a conocer en el pa\u00eds pues entre los aspirantes a la presidencia se encuentran personajes ya conocidos por los mexicanos. Los aspirantes de Morena, por ejemplo, cuentan con un alto nivel de conocimiento ya que manejan temas de inter\u00e9s nacional o tienen alta exposici\u00f3n en medios de comunicaci\u00f3n por las conferencias matutinas del presidente.<\/p>\n<p>Aunque lo anterior implica un arduo trabajo, no es un objetivo imposible. Para nadie es secreto que Yucat\u00e1n es una de las entidades con mejores \u00edndices de seguridad y crecimiento econ\u00f3mico en M\u00e9xico, ambos temas de sumo inter\u00e9s para el pa\u00eds. El reto de Mauricio Vila ser\u00e1 lograr que las personas relacionen su nombre y su proyecto con el desarrollo del estado para lo cual tiene un gran aliado en Marko Cort\u00e9s debido a su alcance a nivel nacional.<\/p>\n<p>Las elecciones del 2024 est\u00e1n m\u00e1s cerca de lo que parece, por lo que los partidos comienzan a organizar sus cartas desde ahora. El mismo d\u00eda en que el presidente L\u00f3pez Obrador mencion\u00f3 a las principales opciones de Morena para la candidatura presidencial, Marko Cort\u00e9s destap\u00f3 a Mauricio Vila como uno de los liderazgos con mayores posibilidades de representar al PAN en dicha contienda. Sin duda, el gobernador yucateco cuenta con las capacidades para asumir tal encomienda, pero antes deber\u00e1 realizar un intenso trabajo a nivel nacional para darse a conocer entre el electorado. Aunque esta ser\u00e1 una tarea compleja, no es imposible; despu\u00e9s de todo, no hay mejor carta de presentaci\u00f3n que Yucat\u00e1n.<\/p>\n","protected":false},"excerpt":{"rendered":"<p>Editorial<\/p>\n","protected":false},"author":1111,"featured_media":0,"comment_status":"open","ping_status":"open","sticky":false,"template":"","format":"standard","meta":{"tdm_status":"","tdm_grid_status":"","footnotes":""},"categories":[25],"tags":[],"_links":{"self":[{"href":"https:\/\/dralvarez.com.mx\/larevista\/wp-json\/wp\/v2\/posts\/19018"}],"collection":[{"href":"https:\/\/dralvarez.com.mx\/larevista\/wp-json\/wp\/v2\/posts"}],"about":[{"href":"https:\/\/dralvarez.com.mx\/larevista\/wp-json\/wp\/v2\/types\/post"}],"author":[{"embeddable":true,"href":"https:\/\/dralvarez.com.mx\/larevista\/wp-json\/wp\/v2\/users\/1111"}],"replies":[{"embeddable":true,"href":"https:\/\/dralvarez.com.mx\/larevista\/wp-json\/wp\/v2\/comments?post=19018"}],"version-history":[{"count":1,"href":"https:\/\/dralvarez.com.mx\/larevista\/wp-json\/wp\/v2\/posts\/19018\/revisions"}],"predecessor-version":[{"id":34114,"href":"https:\/\/dralvarez.com.mx\/larevista\/wp-json\/wp\/v2\/posts\/19018\/revisions\/34114"}],"wp:attachment":[{"href":"https:\/\/dralvarez.com.mx\/larevista\/wp-json\/wp\/v2\/media?parent=19018"}],"wp:term":[{"taxonomy":"category","embeddable":true,"href":"https:\/\/dralvarez.com.mx\/larevista\/wp-json\/wp\/v2\/categories?post=19018"},{"taxonomy":"post_tag","embeddable":true,"href":"https:\/\/dralvarez.com.mx\/larevista\/wp-json\/wp\/v2\/tags?post=19018"}],"curies":[{"name":"wp","href":"https:\/\/api.w.org\/{rel}","templated":true}]}}