{"id":19016,"date":"2021-07-09T00:00:00","date_gmt":"2021-07-09T06:00:00","guid":{"rendered":"https:\/\/dralvarez.com.mx\/larevista\/blog\/la-guerra-del-manana"},"modified":"2024-02-23T10:28:12","modified_gmt":"2024-02-23T16:28:12","slug":"la-guerra-del-manana","status":"publish","type":"post","link":"https:\/\/dralvarez.com.mx\/larevista\/opiniones\/la-guerra-del-manana","title":{"rendered":"La Guerra del Ma\u00f1ana"},"content":{"rendered":"<p><b><i>En la pantalla, por: David Moreno<\/i><\/b><\/p>\n<p>Dos constantes dentro del g\u00e9nero de la ciencia ficci\u00f3n son los viajes en el tiempo y el contacto con la otredad imaginada. En cuanto a lo segundo hablo del contacto con civilizaciones o entidades que vienen de otros planetas o incluso de otros universos. Estas representaciones del otro intergal\u00e1ctico suelen tener dos vertientes: la del alien mesi\u00e1nico, el que trae un mensaje trascendental para la humanidad, o la del invasor es decir la del que busca imponer su civilizaci\u00f3n sobre la terr\u00edcola. Existe una tercera vertiente: la del depredador, una entidad alien\u00edgena que responde solamente a un instinto por convertirse en la especie dominante y depredar a los humanos que est\u00e1n debajo de ella en la cadena alimenticia. En la Guerra del Ma\u00f1ana de Chris McKay los humanos tendr\u00e1n que viajar en el tiempo para enfrentarse a esta tercera vertiente de alien\u00edgenas y evitar la extinci\u00f3n de nuestra especie, algo que tal vez pudiera parecer trillado pero que McKay va a resolver con mucho sentido de la narraci\u00f3n audiovisual e introduciendo elementos que hacen de la pel\u00edcula un producto entretenido y sumamente disfrutable.<\/p>\n<p>La Guerra del Ma\u00f1ana cuenta la historia de Dan Forester (Chris Pratt) quien ense\u00f1a ciencias en una escuela preparatoria, vive en un suburbio con su esposa e hija,  tiene un pasado militar, se encuentra distanciado de su padre y vive inconforme con el rumbo que ha tomado su carrera profesional. La vida de Forester\u2013 y la de toda la humanidad \u2013 se ve interrumpida cuando en plena final del Mundial de Qatar en 2022, un grupo de humanos provenientes del futuro se aparecen en el centro de la cancha para pedir la ayuda de la generaci\u00f3n que les precedi\u00f3: el planeta ha sido invadido por una especie extraterrestre y est\u00e1n perdiendo la guerra. Lo que sigue es que el mundo entero se une para intentar frenar a la amenaza del futuro y soldados de todos los pa\u00edses son enviados a pelear al a\u00f1o 2051, sin embargo no todos los militares resultan aptos para el viaje temporal por lo que cuando los que si logran viajar al futuro son barridos y la humanidad tiene la necesidad de reclutar a personas comunes a\u00fan cuando no tengan el bagaje militar. Ese es uno de los primeros aciertos del filme pues muestra a personas que van a enfrentar a una amenaza que evidentemente los supera simplemente porque de ellas depende ya no el futuro de toda una especie, sino el de sus hijos que son los que han tenido que enfrentar de primera mano a la invasi\u00f3n. Eso genera que los lazos afectivos sean la principal raz\u00f3n por la que se defienda a la humanidad y McKay logra retratar el miedo pero a su vez la determinaci\u00f3n de quienes salen a arriesgarse por amor. Evidentemente Dan Forester ser\u00e1 reclutado y por su experiencia en situaciones de combate podr\u00e1 sortear con mayor fortuna el violento encuentro con los invasores. En el futuro se encontrar\u00e1 con su hija Muri (Yvonne Strahovski) quien se ha convertido en un elemento muy importante para la resistencia  pues ha heredado de su padre la vocaci\u00f3n por la ciencia. Padre e hija explorar\u00e1n lo que fue su relaci\u00f3n, intentar\u00e1n sanar heridas y se enfrentar\u00e1n juntos a la cat\u00e1strofe planetaria.<\/p>\n<p>Ah\u00ed es donde aparecen subtextos que le dan consistencia a la pel\u00edcula. La relaci\u00f3n padre \u2013 hija entre Dan y Muri ser\u00e1 importante durante la primera parte del filme para dar paso en la segunda a la que tiene el protagonista con su propio progenitor James Forester (J.K. Simmons) con quien tendr\u00e1 que hacer equipo para poder salvar lo que queda del mundo y a su familia. Al final La Guerra del Ma\u00f1ana es una pel\u00edcula que aprovecha a la Ciencia Ficci\u00f3n para contarnos historias m\u00e1s \u00edntimas \u2013 sin profundizar en ellas \u2013 que logran que el espectador se relacione con los personajes y con los objetivos que el guion ha trazado para los mismos. Un filme que si bien no transformar\u00e1, ni renovar\u00e1 al g\u00e9nero, si lo utiliza correctamente para no caer en la tentaci\u00f3n efectista y entretener a trav\u00e9s de una historia bien contada. <\/p>\n<p>&nbsp; La Guerra del Ma\u00f1ana est\u00e1 disponible en Prime Video. <\/p>\n","protected":false},"excerpt":{"rendered":"<p>En la pantalla<\/p>\n","protected":false},"author":1117,"featured_media":34113,"comment_status":"open","ping_status":"open","sticky":false,"template":"","format":"standard","meta":{"tdm_status":"","tdm_grid_status":"","footnotes":""},"categories":[25],"tags":[],"_links":{"self":[{"href":"https:\/\/dralvarez.com.mx\/larevista\/wp-json\/wp\/v2\/posts\/19016"}],"collection":[{"href":"https:\/\/dralvarez.com.mx\/larevista\/wp-json\/wp\/v2\/posts"}],"about":[{"href":"https:\/\/dralvarez.com.mx\/larevista\/wp-json\/wp\/v2\/types\/post"}],"author":[{"embeddable":true,"href":"https:\/\/dralvarez.com.mx\/larevista\/wp-json\/wp\/v2\/users\/1117"}],"replies":[{"embeddable":true,"href":"https:\/\/dralvarez.com.mx\/larevista\/wp-json\/wp\/v2\/comments?post=19016"}],"version-history":[{"count":1,"href":"https:\/\/dralvarez.com.mx\/larevista\/wp-json\/wp\/v2\/posts\/19016\/revisions"}],"predecessor-version":[{"id":34112,"href":"https:\/\/dralvarez.com.mx\/larevista\/wp-json\/wp\/v2\/posts\/19016\/revisions\/34112"}],"wp:featuredmedia":[{"embeddable":true,"href":"https:\/\/dralvarez.com.mx\/larevista\/wp-json\/wp\/v2\/media\/34113"}],"wp:attachment":[{"href":"https:\/\/dralvarez.com.mx\/larevista\/wp-json\/wp\/v2\/media?parent=19016"}],"wp:term":[{"taxonomy":"category","embeddable":true,"href":"https:\/\/dralvarez.com.mx\/larevista\/wp-json\/wp\/v2\/categories?post=19016"},{"taxonomy":"post_tag","embeddable":true,"href":"https:\/\/dralvarez.com.mx\/larevista\/wp-json\/wp\/v2\/tags?post=19016"}],"curies":[{"name":"wp","href":"https:\/\/api.w.org\/{rel}","templated":true}]}}