{"id":19008,"date":"2021-07-09T00:00:00","date_gmt":"2021-07-09T06:00:00","guid":{"rendered":"https:\/\/dralvarez.com.mx\/larevista\/blog\/obsesion-o-eleccion-persistencia-del-amarillo-en-van-gogh-2"},"modified":"2024-02-23T10:27:49","modified_gmt":"2024-02-23T16:27:49","slug":"obsesion-o-eleccion-persistencia-del-amarillo-en-van-gogh-2","status":"publish","type":"post","link":"https:\/\/dralvarez.com.mx\/larevista\/opiniones\/obsesion-o-eleccion-persistencia-del-amarillo-en-van-gogh-2","title":{"rendered":"\u00bfObsesi\u00f3n o elecci\u00f3n?  Persistencia del amarillo en Van Gogh"},"content":{"rendered":"<p><b><i>Cultura, por:&nbsp;A\u00edda Mar\u00eda L\u00f3pez Sosa.<\/i><\/b><\/p>\n<p>\u201cAlgunos pintores transforman el sol en<br \/>una mancha amarilla, otros transforman<br \/>una mancha amarilla en el sol\u201d.<br \/>Pablo Picasso<\/p>\n<p>Las obras y sus autores cuando traspasan las barreras del tiempo y del espacio son motivo de estudio, an\u00e1lisis y en ocasiones de especulaci\u00f3n. Tal es el caso del pintor holand\u00e9s Vincent Van Gogh (1853-1890), quien a 131 a\u00f1os de su fallecimiento contin\u00faa despertando el inter\u00e9s no solo del arte, sino de la ciencia. En \u00faltimas fechas han surgido cuestionamientos respecto a la paleta monocrom\u00e1tica de sus \u00f3leos, donde el amarillo en sus diversas tonalidades da vida lo mismo a un paisaje urbano o campirano, un ramo de flores o al fondo del lienzo como en \u201cLa arlesiana\u201d.<\/p>\n<p>El 29 de julio Van Gogh se suicid\u00f3 dispar\u00e1ndose el pecho a los 37 a\u00f1os, viv\u00eda en la soledad, la miseria, la locura y el olvido. Apenas en los \u00faltimos meses de su aciaga existencia tuvo dos peque\u00f1as alegr\u00edas cuando un destacado cr\u00edtico public\u00f3 en el Mercure de France un estudio de su pintura y su hermano Th\u00e9o, marchand de cuadros impresionistas y esculturas, logr\u00f3 vender a modesto precio por primera y \u00fanica vez una de sus pinturas: \u201cLa vi\u00f1a roja\u201d. Era tanto su infortunio que cuando su hermano no le enviaba dinero y los tubos de pintura se vaciaban, tomaba un lote de sus pinturas y las vend\u00eda a un ropavejero para que revendiera para repintar. El precio fijado era entre cincuenta c\u00e9ntimos y un franco por diez lienzos, lo que resulta inconcebible ahora que valen miles de euros.<\/p>\n<p>La ciencia est\u00e1 tratando de encontrar una explicaci\u00f3n a su obsesi\u00f3n por el amarillo: alegre, optimista, brillante, divertido vibrante, en\u00e9rgico, opuesto a la sombr\u00eda personalidad del artista, \u201cEl amarillo es capaz de encantar a Dios\u201d, dec\u00eda. El color tambi\u00e9n fascin\u00f3 a otros creadores como Jorge Luis Borges que escribi\u00f3 un poema compar\u00e1ndolo al oro y a Gabriel Garc\u00eda M\u00e1rquez que ten\u00eda al amarillo como amuleto; durante su proceso creativo siempre estaba cerca de un ramo de rosas amarillas. No es para menos que lo considerara de buena fortuna cuando en su exitosa novela \u201cCien a\u00f1os de soledad\u201d, dicho color ilumina sus letras en bellas im\u00e1genes como la lluvia de min\u00fasculas plantas amarillas que cayeron toda una noche, s\u00edmbolo de la inmortalidad.<\/p>\n<p>La persistencia de Van Gogh por el uso del amarillo se intensific\u00f3 durante sus \u00faltimos a\u00f1os cuando viv\u00eda en Arl\u00e9s y pint\u00f3 \u201cTerraza de caf\u00e9 de noche\u201d y en la serie de girasoles se vuelve pr\u00e1cticamente monocrom\u00e1tico llegando al extremo en \u201cMembrillos, limones, peras y uvas\u201d, amarillo lienzo y marco en sus diferentes gamas. Quiz\u00e1 los medicamentos que tomaba para la esquizofrenia hayan contribuido, los digit\u00e1licos producen visi\u00f3n amarilla llamada xantopsia, estos le ocasionaban problemas g\u00e1stricos que remediaba con santoninas que tambi\u00e9n producen el afecto amarillento en la visi\u00f3n. A la absenta le atribu\u00eda la alteraci\u00f3n en la precepci\u00f3n de color: \u201cSe comprender\u00e1 que para alcanzar la nota amarilla conseguida este verano, me ha hecho falta empinar un poco el codo\u201d, escribi\u00f3 el 24 de marzo de 1889.<\/p>\n<p>En la carta a Th\u00e9o del 25 de mayo de 1889 expresa su fascinaci\u00f3n por el amarillo, una elecci\u00f3n consciente de su inspiraci\u00f3n: \u201cEstoy leyendo El Sue\u00f1o de Zola, la descripci\u00f3n de la protagonista es como si estuviera hecha de amarillos diferentes, enteros y rotos\u201d. Siguiendo la cronolog\u00eda de sus pinturas no se observan cambios significativos en las pinceladas fuertes y expresivas durante su estancia en el hospital psiqui\u00e1trico Saint Paul de Mausole (150 pinturas), donde se intern\u00f3 despu\u00e9s de la automutilaci\u00f3n de la oreja en 1889, un a\u00f1o antes de morir. Las horas felices eran cuando las pasaba con su amante ingrata que siempre gastaba y nunca era suficiente, como llamaba a la pintura.<\/p>\n<p>Estudios recientes han desentra\u00f1ado el origen de los amarillos de Van Gogh en particular el Amarillo de Calcuta de \u201cLa noche estrellada\u201d, color de bajo costo utilizado en las estatuas y estampados hind\u00fas que comenz\u00f3 a importarse a Europa en el siglo XIX en forma de pasta para diluirse en agua. Siendo las vacas sagradas en la India, nadie imaginaba que los pastores las alimentaban \u00fanicamente con hojas de mango para que su orina fuera amarilla, misma que herv\u00edan y secaban al sol para formar la pasta maloliente. Por supuesto el abuso de los animales que mor\u00edan por la deficiente nutrici\u00f3n dej\u00f3 al descubierto el mercado negro prohibiendo la explotaci\u00f3n a comienzos del siglo XX cuando Van Gogh ya hab\u00eda muerto. Ahora el color se fabrica sint\u00e9ticamente como otros pigmentos.<\/p>\n<p>La gloria de Van Gogh es p\u00f3stuma, cinco d\u00e9cadas despu\u00e9s de su muerte sus pinturas se cotizaban tan altas como deseaba en vida. En 1958 el \u201cJard\u00edn p\u00fablico en Arl\u00e9s\u201d se subast\u00f3 en 132,000 libras esterlinas y las exposiciones retrospectivas de su obra abarrotaron los museos como la del \u201cl\u00b4Orangerie de Par\u00eds en 1947. Se calcula que pint\u00f3 en sus \u00faltimos diez a\u00f1os de vida cerca de 900 cuadros y la misma cantidad de dibujos, jornadas agotadoras como lo expresa en sus misivas.<\/p>\n<p>En la \u00faltima carta a su hermano y que llevaba consigo al momento que se dispar\u00f3, agradec\u00eda los 50 francos que \u00e9ste le envi\u00f3 por la venta de su cuadro, \u201c\u2026solo podemos hacer que sean nuestros cuadros los que hablen.\u201d, escribi\u00f3. \u00bfQui\u00e9n le hubiera dicho que seguir\u00edan hablando a m\u00e1s de un siglo despu\u00e9s?<\/p>\n","protected":false},"excerpt":{"rendered":"<p>Cultura<\/p>\n","protected":false},"author":1152,"featured_media":34105,"comment_status":"open","ping_status":"open","sticky":false,"template":"","format":"standard","meta":{"tdm_status":"","tdm_grid_status":"","footnotes":""},"categories":[25],"tags":[],"_links":{"self":[{"href":"https:\/\/dralvarez.com.mx\/larevista\/wp-json\/wp\/v2\/posts\/19008"}],"collection":[{"href":"https:\/\/dralvarez.com.mx\/larevista\/wp-json\/wp\/v2\/posts"}],"about":[{"href":"https:\/\/dralvarez.com.mx\/larevista\/wp-json\/wp\/v2\/types\/post"}],"author":[{"embeddable":true,"href":"https:\/\/dralvarez.com.mx\/larevista\/wp-json\/wp\/v2\/users\/1152"}],"replies":[{"embeddable":true,"href":"https:\/\/dralvarez.com.mx\/larevista\/wp-json\/wp\/v2\/comments?post=19008"}],"version-history":[{"count":1,"href":"https:\/\/dralvarez.com.mx\/larevista\/wp-json\/wp\/v2\/posts\/19008\/revisions"}],"predecessor-version":[{"id":34104,"href":"https:\/\/dralvarez.com.mx\/larevista\/wp-json\/wp\/v2\/posts\/19008\/revisions\/34104"}],"wp:featuredmedia":[{"embeddable":true,"href":"https:\/\/dralvarez.com.mx\/larevista\/wp-json\/wp\/v2\/media\/34105"}],"wp:attachment":[{"href":"https:\/\/dralvarez.com.mx\/larevista\/wp-json\/wp\/v2\/media?parent=19008"}],"wp:term":[{"taxonomy":"category","embeddable":true,"href":"https:\/\/dralvarez.com.mx\/larevista\/wp-json\/wp\/v2\/categories?post=19008"},{"taxonomy":"post_tag","embeddable":true,"href":"https:\/\/dralvarez.com.mx\/larevista\/wp-json\/wp\/v2\/tags?post=19008"}],"curies":[{"name":"wp","href":"https:\/\/api.w.org\/{rel}","templated":true}]}}