{"id":19006,"date":"2021-07-09T00:00:00","date_gmt":"2021-07-09T06:00:00","guid":{"rendered":"https:\/\/dralvarez.com.mx\/larevista\/blog\/el-sueno-pequenito"},"modified":"2024-02-23T10:27:28","modified_gmt":"2024-02-23T16:27:28","slug":"el-sueno-pequenito","status":"publish","type":"post","link":"https:\/\/dralvarez.com.mx\/larevista\/opiniones\/el-sueno-pequenito","title":{"rendered":"El Sue\u00f1o peque\u00f1ito&#8230;"},"content":{"rendered":"<p><b>Por: Cristina Pad\u00edn.<\/b><\/p>\n<p>Naci\u00f3 en un atardecer de julio. A Galicia la noticia de su nacimiento lleg\u00f3 pasadas las diez y cuarto, y el sol remoloneaba antes de dormir. Las tardes de julio son infinitas, largas, bellas..<\/p>\n<p>Era hijo de la Esperanza y de la Ilusi\u00f3n. Era de la categor\u00eda de los sue\u00f1os: un Sue\u00f1o peque\u00f1ito. Llevaba aromas de leyenda y sabores de misterio, alma de bohemia errante y color de oro y miel..<\/p>\n<p>El Sue\u00f1o peque\u00f1ito en su primera noche produjo muy felices sue\u00f1os..<\/p>\n<p>Ahora mismo, a las cinco de un 8 de julio, se habla de \u00e9l en la hermosa Sevilla y en la divina Zaragoza. Es algo con duende que puede ser real. Chiquitito, limpio, puro. Es un Sue\u00f1o que alimenta deseos..<\/p>\n<p>..y ganas de lances y de faenas. Tiene nombre muy sonoro, y empieza con la A..<\/p>\n<p>Qu\u00e9 ser\u00e1?<\/p>\n<p>Dedicado a los sue\u00f1os: peque\u00f1os y grandes<br \/>A mi torero: Alejandro Talavante<br \/>A cada ser taurino que disfruta el toreo y compra sus entradas<br \/>A Albriux<br \/>A mi Luis<br \/>A las tardes de julio<br \/>A Sevilla<br \/>A Zaragoza<br \/>A los atardeceres gallegos<br \/>Y a la ilusi\u00f3n<\/p>\n<p><\/p>\n","protected":false},"excerpt":{"rendered":"<p>Por: Cristina Pad\u00edn.<\/p>\n","protected":false},"author":1025,"featured_media":34103,"comment_status":"open","ping_status":"open","sticky":false,"template":"","format":"standard","meta":{"tdm_status":"","tdm_grid_status":"","footnotes":""},"categories":[25],"tags":[],"_links":{"self":[{"href":"https:\/\/dralvarez.com.mx\/larevista\/wp-json\/wp\/v2\/posts\/19006"}],"collection":[{"href":"https:\/\/dralvarez.com.mx\/larevista\/wp-json\/wp\/v2\/posts"}],"about":[{"href":"https:\/\/dralvarez.com.mx\/larevista\/wp-json\/wp\/v2\/types\/post"}],"author":[{"embeddable":true,"href":"https:\/\/dralvarez.com.mx\/larevista\/wp-json\/wp\/v2\/users\/1025"}],"replies":[{"embeddable":true,"href":"https:\/\/dralvarez.com.mx\/larevista\/wp-json\/wp\/v2\/comments?post=19006"}],"version-history":[{"count":1,"href":"https:\/\/dralvarez.com.mx\/larevista\/wp-json\/wp\/v2\/posts\/19006\/revisions"}],"predecessor-version":[{"id":34102,"href":"https:\/\/dralvarez.com.mx\/larevista\/wp-json\/wp\/v2\/posts\/19006\/revisions\/34102"}],"wp:featuredmedia":[{"embeddable":true,"href":"https:\/\/dralvarez.com.mx\/larevista\/wp-json\/wp\/v2\/media\/34103"}],"wp:attachment":[{"href":"https:\/\/dralvarez.com.mx\/larevista\/wp-json\/wp\/v2\/media?parent=19006"}],"wp:term":[{"taxonomy":"category","embeddable":true,"href":"https:\/\/dralvarez.com.mx\/larevista\/wp-json\/wp\/v2\/categories?post=19006"},{"taxonomy":"post_tag","embeddable":true,"href":"https:\/\/dralvarez.com.mx\/larevista\/wp-json\/wp\/v2\/tags?post=19006"}],"curies":[{"name":"wp","href":"https:\/\/api.w.org\/{rel}","templated":true}]}}