{"id":18960,"date":"2021-07-02T00:00:00","date_gmt":"2021-07-02T06:00:00","guid":{"rendered":"https:\/\/dralvarez.com.mx\/larevista\/blog\/revocacion-o-ratificacion"},"modified":"2024-02-23T10:24:52","modified_gmt":"2024-02-23T16:24:52","slug":"revocacion-o-ratificacion","status":"publish","type":"post","link":"https:\/\/dralvarez.com.mx\/larevista\/opiniones\/revocacion-o-ratificacion","title":{"rendered":"\u00bfRevocaci\u00f3n o ratificaci\u00f3n?"},"content":{"rendered":"<p><b><i>Por Pascal Beltr\u00e1n del R\u00edo<\/i><\/b><\/p>\n<p>En su informe trimestral, esta semana en Palacio Nacional, el presidente Andr\u00e9s Manuel L\u00f3pez Obrador mostr\u00f3 su disposici\u00f3n \u2013por no decir que su entusiasmo\u2013 de someterse al proceso de revocaci\u00f3n de mandato incluido en la Constituci\u00f3n a fines de 2019.<\/p>\n<p>El mandatario presumi\u00f3 una encuesta telef\u00f3nica realizada por su gobierno \u2013y de la que no se hizo p\u00fablica metodolog\u00eda alguna\u2013 que le dar\u00eda un apoyo de 72.4% en caso de que los ciudadanos sean consultados sobre su permanencia en el poder. De acuerdo con el mismo sondeo, \u00fanicamente 22.7% estar\u00eda a favor de que deje el cargo.<\/p>\n<p>El 24 de junio de 2018, durante un acto de campa\u00f1a en Le\u00f3n, Guanajuato, el entonces candidato presidencial prometi\u00f3 impulsar una reforma para preguntar a la ciudadan\u00eda, a la mitad del mandato, si quer\u00eda que el Presidente siguiera en el puesto.<\/p>\n<p>\u201cMe voy a poner a prueba, va a haber una consulta a mitad del sexenio y se le va a preguntar a la gente si quiere que contin\u00fae o que renuncie, porque el pueblo pone y el pueblo quita\u201d, afirm\u00f3 L\u00f3pez Obrador. \u201cSe va a aplicar la democracia participativa y, como voy a querer terminar el sexenio, me voy a apurar para ganar la consulta\u201d.<\/p>\n<p>El tabasque\u00f1o quer\u00eda que la continuidad del Presidente se consultara a la par de las elecciones intermedias. Sin embargo, las negociaciones con la oposici\u00f3n para sacar adelante la reforma constitucional dispusieron que la votaci\u00f3n sobre la permanencia del Ejecutivo se realizara despu\u00e9s de que \u00e9ste hubiese rebasado la mitad de su mandato.<\/p>\n<p>Se hicieron entonces cambios a los art\u00edculos 35, 36, 41, 81, 84, 99, 116 y 122 de la Carta Magna para permitir la revocaci\u00f3n del mandato del Presidente de la Rep\u00fablica y los gobernadores de los estados.<\/p>\n<p>En el primer caso, qued\u00f3 establecido que se requiere recabar un n\u00famero de firmas de ciudadanos equivalente a 3% de la lista nominal de electores y la convocatoria del Instituto Nacional Electoral a una votaci\u00f3n libre, directa y secreta para decidir si el Presidente termina el periodo para el que fue elegido.<\/p>\n<p>En los art\u00edculos transitorios de la reforma, se incluy\u00f3 un calendario especial para el periodo 2018-2024, que ordena que las firmas se recaben \u201cdurante el mes de noviembre y hasta el 15 de diciembre de 2021\u201d. De acuerdo con el n\u00famero actual de electores en el listado nominal, se requerir\u00eda de poco m\u00e1s de 2.8 millones de firmas para echar a andar el proceso de revocaci\u00f3n, mismas que tendr\u00edan que levantarse en 45 d\u00edas y en por lo menos 17 entidades federativas, donde tambi\u00e9n tendr\u00edan que representar 3% o m\u00e1s del listado nominal respectivo.<\/p>\n<p>La petici\u00f3n para realizar el ejercicio \u201cdeber\u00e1 presentarse dentro de los primeros 15 d\u00edas del mes de diciembre de 2021\u201d, se agrega en los transitorios. \u201cEn caso de que la solicitud sea procedente, el Instituto Nacional Electoral emitir\u00e1 la convocatoria dentro de los veinte d\u00edas siguientes al vencimiento del plazo para la presentaci\u00f3n de la solicitud\u201d, es decir, a m\u00e1s tardar el 4 de enero de 2022. \u201cLa jornada de votaci\u00f3n ser\u00e1 a los sesenta d\u00edas de expedida la convocatoria\u201d, esto es, el 5 de marzo de 2022 como plazo m\u00e1ximo.<\/p>\n<p>Si se convoca a dicho proceso, los ciudadanos tendr\u00edan que ir a las urnas dentro de ocho meses para decidir si el presidente L\u00f3pez Obrador se queda o se va. Eso ocurrir\u00eda despu\u00e9s de haber votado en las elecciones intermedias, el pasado 6 de junio, y en la consulta popular, a realizarse el pr\u00f3ximo 1 de agosto, misma que, por cierto, no fue mencionada por el mandatario en su informe de ayer. Es decir, tres votaciones nacionales en un lapso de nueve meses.<\/p>\n<p>En caso de ser removido de su cargo, dice la reforma constitucional, el presidente de la C\u00e1mara de Diputados ocupar\u00eda temporalmente el Ejecutivo en lo que el Congreso designa a quien termine el sexenio.<\/p>\n<p>En su mensaje de esta semana, L\u00f3pez Obrador ech\u00f3 a andar la discusi\u00f3n sobre la revocaci\u00f3n presidencial, con lo que mostr\u00f3 su deseo de mantenerse permanentemente en campa\u00f1a.<\/p>\n<p>De acuerdo con sus datos, no tendr\u00eda problema en salir adelante del proceso, por lo que la elecci\u00f3n de marzo entrante ser\u00eda, en realidad, una ratificaci\u00f3n del mandato. Sobre todo, si quienes juntan las firmas para convocarla son sus propios partidarios.<\/p>\n","protected":false},"excerpt":{"rendered":"<p>\u00bfRevocaci\u00f3n o ratificaci\u00f3n?<\/p>\n","protected":false},"author":1127,"featured_media":0,"comment_status":"open","ping_status":"open","sticky":false,"template":"","format":"standard","meta":{"tdm_status":"","tdm_grid_status":"","footnotes":""},"categories":[25],"tags":[],"_links":{"self":[{"href":"https:\/\/dralvarez.com.mx\/larevista\/wp-json\/wp\/v2\/posts\/18960"}],"collection":[{"href":"https:\/\/dralvarez.com.mx\/larevista\/wp-json\/wp\/v2\/posts"}],"about":[{"href":"https:\/\/dralvarez.com.mx\/larevista\/wp-json\/wp\/v2\/types\/post"}],"author":[{"embeddable":true,"href":"https:\/\/dralvarez.com.mx\/larevista\/wp-json\/wp\/v2\/users\/1127"}],"replies":[{"embeddable":true,"href":"https:\/\/dralvarez.com.mx\/larevista\/wp-json\/wp\/v2\/comments?post=18960"}],"version-history":[{"count":1,"href":"https:\/\/dralvarez.com.mx\/larevista\/wp-json\/wp\/v2\/posts\/18960\/revisions"}],"predecessor-version":[{"id":34062,"href":"https:\/\/dralvarez.com.mx\/larevista\/wp-json\/wp\/v2\/posts\/18960\/revisions\/34062"}],"wp:attachment":[{"href":"https:\/\/dralvarez.com.mx\/larevista\/wp-json\/wp\/v2\/media?parent=18960"}],"wp:term":[{"taxonomy":"category","embeddable":true,"href":"https:\/\/dralvarez.com.mx\/larevista\/wp-json\/wp\/v2\/categories?post=18960"},{"taxonomy":"post_tag","embeddable":true,"href":"https:\/\/dralvarez.com.mx\/larevista\/wp-json\/wp\/v2\/tags?post=18960"}],"curies":[{"name":"wp","href":"https:\/\/api.w.org\/{rel}","templated":true}]}}