{"id":18958,"date":"2021-07-02T00:00:00","date_gmt":"2021-07-02T06:00:00","guid":{"rendered":"https:\/\/dralvarez.com.mx\/larevista\/blog\/un-informe-con-sabor-a-mananera"},"modified":"2024-02-23T10:24:48","modified_gmt":"2024-02-23T16:24:48","slug":"un-informe-con-sabor-a-mananera","status":"publish","type":"post","link":"https:\/\/dralvarez.com.mx\/larevista\/opiniones\/un-informe-con-sabor-a-mananera","title":{"rendered":"Un informe con sabor a ma\u00f1anera"},"content":{"rendered":"<p><b><i>Por Jorge Fern\u00e1ndez Men\u00e9ndez<\/i><\/b><\/p>\n<p>El informe del presidente L\u00f3pez Obrador, para celebrar los tres a\u00f1os de su victoria electoral de 2018, tuvo sabor a ma\u00f1anera. Poca informaci\u00f3n, datos controvertidos, mucha opini\u00f3n pol\u00edtica, varias descalificaciones, incluso la lectura de una encuesta de la propia Presidencia que no coincide con otras encuestas y ni siquiera con los resultados electorales.<\/p>\n<p>Sobre la pandemia, el Presidente hizo una suerte de corte de caja. No hubo, por supuesto, autocr\u00edtica alguna, no se habl\u00f3 siquiera del n\u00famero de muertos, salvo para decir que no estamos en los primeros lugares mundiales. Se reconoci\u00f3 el esfuerzo de la vacunaci\u00f3n y llam\u00f3 profundamente la atenci\u00f3n de que en el primer lugar de los agradecimientos por el apoyo internacional recibido con vacunas anticovid, se pusiera a Cuba en primer lugar, incluso con un silencio presidencial para dimensionar ese apoyo. Que sepamos, Cuba no ha enviado vacunas ni equipo para vacunar, tampoco aqu\u00ed se est\u00e1 vacunando con la vacuna que est\u00e1 produciendo el r\u00e9gimen cubano.<\/p>\n<p>En lo econ\u00f3mico hubo cifras optimistas, pero no se rese\u00f1aron los da\u00f1os que dej\u00f3 la pandemia, comenzando por la ca\u00edda brutal del PIB en 2020. No se dijo que esta misma semana se inform\u00f3 que existen 67 millones de mexicanos en la pobreza, y que ha habido, seg\u00fan cifras del Coneval, 14 millones 600 mil mexicanos m\u00e1s pobres que en 2018. Los empleos perdidos por la pandemia y que a\u00fan no se han recuperado suman unos 650 mil.<\/p>\n<p>No entend\u00ed la reflexi\u00f3n que se hizo respecto a la seguridad. Una vez m\u00e1s, el Presidente, sin una sola autocr\u00edtica respecto al tema que m\u00e1s preocupa a la ciudadan\u00eda, dijo que hered\u00f3 los c\u00e1rteles del periodo que \u00e9l llama neoliberal, pero \u00e9sa es una pobre coartada. En M\u00e9xico hubo primero un c\u00e1rtel hegem\u00f3nico (a\u00f1os 80), luego tres (hasta mediados del 90), luego lleg\u00f3 a haber siete y desde la destrucci\u00f3n de Los Zetas tenemos dos c\u00e1rteles, pero hay unas cien organizaciones y bandas criminales importantes que operan en todo el pa\u00eds. Algunas se heredaron, otras son nuevas, pero lo que importa es c\u00f3mo influye eso en la seguridad cotidiana.<\/p>\n<p>Y esa seguridad no ha mejorado o, mejor dicho, ha mejorado en algunos lugares del pa\u00eds en algunos rubros, como el secuestro o el robo de veh\u00edculos, y ha empeorado en otros, como los feminicidios, la extorsi\u00f3n, el robo en carreteras y en transporte, mientras los asesinatos aumentan, no disminuyen: en 2018 hubo 34 mil 200 asesinatos; en 2019, 36 mil 600; en 2020, con todo y confinamiento, 34 mil 500, en este 2021 llevamos unos 15 mil en los primeros cinco meses del a\u00f1o y junio ha sido un mes terriblemente violento, con diez masacres cometidas en distintos lugares del pa\u00eds.<\/p>\n<p>Por cierto, la masacre de Reynosa no mereci\u00f3 una l\u00ednea en el informe. Insistir en que hay una nueva estrategia que prioriza en los pobres, en los medios humanos y no en la violencia, no dice absolutamente nada. En seguridad, la eficacia se mide por resultados y nadie se siente hoy m\u00e1s seguro que hace tres a\u00f1os y los n\u00fameros lo muestran.<\/p>\n<p>Me desconcertaron los largos minutos que le dedic\u00f3 el Presidente a lo que llam\u00f3 el bloque opositor, conservador. Sum\u00f3 a ese bloque, sin diferenciaci\u00f3n alguna, a todo aquel que no est\u00e9 de acuerdo con \u00e9l, desde empresarios hasta comunicadores y, obviamente, a todos los partidos que no lo apoyan.<\/p>\n<p>Pero la exposici\u00f3n oscil\u00f3 entre la m\u00e1s cruda descalificaci\u00f3n hasta los llamados de unidad. No entend\u00ed c\u00f3mo frase\u00f3 sus diferencias con Ju\u00e1rez, cuando dijo que los conservadores tambi\u00e9n son mexicanos. Como ocurre con la seguridad, los resultados electorales tuvieron una lectura, digamos que parcial, vista desde una perspectiva muy optimista de los distritos ganados por Morena y sus aliados, pero se olvida que los n\u00fameros absolutos dan otro panorama, como lo hacen los resultados en la Ciudad de M\u00e9xico, en Nuevo Le\u00f3n, en el cintur\u00f3n conurbado de las grandes ciudades y en la mayor\u00eda de las capitales estales, incluso de los estados donde Morena gan\u00f3 gubernaturas. El triunfo absoluto del que habl\u00f3 no fue tal. Indudablemente el oficialismo triunf\u00f3 en junio pasado, pero lo hizo tambi\u00e9n en medio de varios retrocesos (perdi\u00f3 varias decenas de diputados) y derrotas locales.<\/p>\n<p>Tambi\u00e9n present\u00f3 el Presidente una encuesta telef\u00f3nica, que, si no me equivoco, fue levantada con una muestra de dos mil llamadas, donde exhibi\u00f3 n\u00fameros muy halag\u00fce\u00f1os para su gesti\u00f3n. El problema es que es una encuesta propia, telef\u00f3nica y con una muestra peque\u00f1a y, por ende, poco confiable.<\/p>\n<p>Me parece que lo que no se termina de comprender es que esta administraci\u00f3n entr\u00f3 ya en su segunda mitad. En tres a\u00f1os habr\u00e1 ya un nuevo mandatario electo. Habr\u00e1 todo un proceso, largo y tortuoso, manejado por el presidente L\u00f3pez Obrador, para el destape de sus sucesor o sucesora, pero se olvida que en ese proceso, que ya se ha iniciado, la capacidad presidencial, su espacio y capacidad de maniobra termina acot\u00e1ndose, siendo siempre decreciente. Y en el cuarto a\u00f1o, o sea, en 2022, dentro de unos meses, algunos funcionarios comenzar\u00e1n a pensar en c\u00f3mo quedar\u00e1n ellos en la sucesi\u00f3n, otros en c\u00f3mo cerrar\u00e1n sus gestiones para que en el futuro no los persigan y muchos m\u00e1s a tratar de acomodarse de cara al futuro. Y ese proceso, insistimos, ya comenz\u00f3.<\/p>\n","protected":false},"excerpt":{"rendered":"<p>Un informe con sabor a ma\u00f1anera<\/p>\n","protected":false},"author":1036,"featured_media":34061,"comment_status":"open","ping_status":"open","sticky":false,"template":"","format":"standard","meta":{"tdm_status":"","tdm_grid_status":"","footnotes":""},"categories":[25],"tags":[],"_links":{"self":[{"href":"https:\/\/dralvarez.com.mx\/larevista\/wp-json\/wp\/v2\/posts\/18958"}],"collection":[{"href":"https:\/\/dralvarez.com.mx\/larevista\/wp-json\/wp\/v2\/posts"}],"about":[{"href":"https:\/\/dralvarez.com.mx\/larevista\/wp-json\/wp\/v2\/types\/post"}],"author":[{"embeddable":true,"href":"https:\/\/dralvarez.com.mx\/larevista\/wp-json\/wp\/v2\/users\/1036"}],"replies":[{"embeddable":true,"href":"https:\/\/dralvarez.com.mx\/larevista\/wp-json\/wp\/v2\/comments?post=18958"}],"version-history":[{"count":1,"href":"https:\/\/dralvarez.com.mx\/larevista\/wp-json\/wp\/v2\/posts\/18958\/revisions"}],"predecessor-version":[{"id":34060,"href":"https:\/\/dralvarez.com.mx\/larevista\/wp-json\/wp\/v2\/posts\/18958\/revisions\/34060"}],"wp:featuredmedia":[{"embeddable":true,"href":"https:\/\/dralvarez.com.mx\/larevista\/wp-json\/wp\/v2\/media\/34061"}],"wp:attachment":[{"href":"https:\/\/dralvarez.com.mx\/larevista\/wp-json\/wp\/v2\/media?parent=18958"}],"wp:term":[{"taxonomy":"category","embeddable":true,"href":"https:\/\/dralvarez.com.mx\/larevista\/wp-json\/wp\/v2\/categories?post=18958"},{"taxonomy":"post_tag","embeddable":true,"href":"https:\/\/dralvarez.com.mx\/larevista\/wp-json\/wp\/v2\/tags?post=18958"}],"curies":[{"name":"wp","href":"https:\/\/api.w.org\/{rel}","templated":true}]}}