{"id":18952,"date":"2021-07-02T00:00:00","date_gmt":"2021-07-02T06:00:00","guid":{"rendered":"https:\/\/dralvarez.com.mx\/larevista\/blog\/empatia-y-trato-digno-lo-que-esperan-los-profesores-de-vidal-aguilar-en-la-segey-2"},"modified":"2024-02-23T10:24:31","modified_gmt":"2024-02-23T16:24:31","slug":"empatia-y-trato-digno-lo-que-esperan-los-profesores-de-vidal-aguilar-en-la-segey-2","status":"publish","type":"post","link":"https:\/\/dralvarez.com.mx\/larevista\/opiniones\/empatia-y-trato-digno-lo-que-esperan-los-profesores-de-vidal-aguilar-en-la-segey-2","title":{"rendered":"Empat\u00eda y trato digno: Lo que esperan  los profesores de Vidal Aguilar en la SEGEY"},"content":{"rendered":"<p><b><i>Por Jose Miguel Rosado Pat<\/i><\/b><\/p>\n<p><b><i>Correo: ponchojmr91@hotmail.com<\/i><\/b><\/p>\n<p><b><i><\/p>\n<p><\/i><\/b><\/p>\n<p><b><i>@JosMiguelRosado<\/i><\/b><\/p>\n<p>El nombramiento del empresario y pol\u00edtico Liborio<br \/>\nVidal Aguilar como titular de la Secretar\u00eda de Educaci\u00f3n del gobierno del<br \/>\nestado, ha causado esc\u00e1ndalo entre algunos sectores que se dicen \u201cagraviados\u201d<br \/>\npor la decisi\u00f3n del gobernador Vila Dosal.<\/p>\n<p>En tanto, personas ajenas al \u00e1mbito educativo acusan<br \/>\nla designaci\u00f3n de ser una decisi\u00f3n netamente pol\u00edtica, en conocido rotativo<br \/>\nlocal se publica una nota a cuatro columnas titulada: \u201cSNTE respalda a nuevo<br \/>\nsecretario de Educaci\u00f3n\u201d, en ella el delegado de la secci\u00f3n 57, Jes\u00fas Jaime<br \/>\nRoch\u00edn Carrillo, declar\u00f3 a ese medio que, el nuevo titular de la Secretar\u00eda,<br \/>\n\u201ccuenta con toda la experiencia pol\u00edtica y capacidad para darle buen curso al<br \/>\nsector en esta entidad, y para superar los retos del regreso a las clases<br \/>\npresenciales ante la contingencia sanitaria\u201d.<\/p>\n<p>Deteng\u00e1monos un momento: Las principales cr\u00edticas al<br \/>\nvallisoletano han sido, la primera, que no cuenta con un t\u00edtulo universitario;<br \/>\nla segunda, que carece de las habilidades y conocimientos en el \u00e1rea educativa<br \/>\nlo que, por consiguiente, le vaticinar\u00eda un prominente fracaso en su gesti\u00f3n al<br \/>\nfrente de dicha Secretar\u00eda.<\/p>\n<p>Respecto del primer se\u00f1alamiento cabe decir que, si<br \/>\nbien el personaje no cuenta con t\u00edtulo universitario, eso no significa que sea<br \/>\nun hombre falto de visi\u00f3n o de m\u00e9todo para desempe\u00f1ar sus funciones, pues m\u00e1s<br \/>\nall\u00e1 de los cargos pol\u00edticos, se ha desempe\u00f1ado como Secretario de Desarrollo<br \/>\nSocial (Pol\u00edtica Comunitaria y Social en aquel momento) y cuenta con el<br \/>\nreconocimiento de la comunidad empresarial, \u00e1mbito en el que ha demostrado<br \/>\nresultados y ha hecho uso de sus vinculaciones con China y otros pa\u00edses para<br \/>\npotencializarlos. No cualquiera es capaz de crear empresas, generar empleos y<br \/>\nprocurar prosperidad para otros, adem\u00e1s de fomentar la propia. Todo hombre o<br \/>\nmujer de negocios o con verdadero oficio para los asuntos p\u00fablicos, debe tener<br \/>\nuna cualidad antes que cualquier otra y esa es liderazgo. Persona p\u00fablica (o<br \/>\nque intente serlo) que carece de liderazgo, est\u00e1 condenada, tarde o temprano,<br \/>\nal fracaso total.<\/p>\n<p>Ser l\u00edder tiene muchas implicaciones, la primera,<br \/>\nreconocer las cualidades, aptitudes y actitudes de cada colaborador; esto es<br \/>\nfundamental para todo l\u00edder puesto que, s\u00f3lo aquel que sepa valorar y reconocer<br \/>\nlas cualidades y virtudes de los dem\u00e1s, ser\u00e1 capaz de conformar un equipo leal,<br \/>\nconsistente y agradecido con el l\u00edder y, sobre todo, comprometido con el<br \/>\nproyecto al cual se invita a participar.<\/p>\n<p>Desde esta perspectiva, el l\u00edder no necesita ser el<br \/>\nexperto en cada \u00e1rea que tendr\u00e1 bajo su responsabilidad, pero s\u00ed deber\u00e1<br \/>\nprocurar rodearse de lo mejor en cada una para lograr los mejores resultados.<br \/>\nEsta es la clave de los personajes m\u00e1s exitosos, tanto en lo p\u00fablico como en lo<br \/>\nprivado.<\/p>\n<p>A t\u00edtulo personal, creo que en eso consistir\u00e1 el<br \/>\n\u00e9xito de la labor de Liborio Vidal al frente de la SEGEY; y, si a eso le<br \/>\nagregamos su capacidad de gesti\u00f3n y amistad con el Presidente de la rep\u00fablica,<br \/>\nse augurar\u00eda que, por lo menos los principales problemas que aquejan al gremio<br \/>\nmagisterial y a la educaci\u00f3n en la entidad, se resolver\u00e1n de forma \u00f3ptima.  <\/p>\n<p>Pero, vamos, ir\u00e9 m\u00e1s all\u00e1 de lo que pudiera ser la<br \/>\nopini\u00f3n de un columnista; me he puesto en contacto con algunos profesores,<br \/>\ntodos ellos amigos personales desde hace m\u00e1s de una d\u00e9cada, que ocupan actualmente<br \/>\nresponsabilidades en dos de las tres organizaciones sindicales que agrupan a<br \/>\nlas y los profesores de Yucat\u00e1n y, aunque acordamos en reunirnos para seguir<br \/>\nplaticando del tema m\u00e1s a detalle, pude recoger de sus comentarios que se tiene<br \/>\ngran expectativa de la futura gesti\u00f3n del reci\u00e9n nombrado encargado de la<br \/>\neducaci\u00f3n b\u00e1sica en la entidad.<\/p>\n<p>Me parece interesante que dos de esos l\u00edderes<br \/>\nmagisteriales, aunque pertenecen a organizaciones sindicales diferentes,<br \/>\ncoincidieran en que, la llegada de Vidal Aguilar, significar\u00eda tambi\u00e9n un<br \/>\ncambio al interior de la SEGEY y, eso s\u00ed, que esperan ver removidos de sus<br \/>\ncargos a \u201cciertos personajes\u201d que han tratado con \u201cparticular\u201d prepotencia y<br \/>\ndesd\u00e9n al gremio magisterial; me compartieron, ven en Liborio, \u201cun hombre<br \/>\nproveniente de la cultura del esfuerzo\u201d con el que se puede construir una<br \/>\nrelaci\u00f3n de empat\u00eda que no han podido establecer con otro secretario de<br \/>\neducaci\u00f3n en los \u00faltimos quince a\u00f1os.<\/p>\n<p>Por lo pronto, est\u00e1 pendiente una charla m\u00e1s extensa<br \/>\ncon estos l\u00edderes para conocer m\u00e1s acerca de sus inquietudes y percepciones<br \/>\nacerca de lo que esperan del nuevo titular y del nuevo equipo que, dicen,<br \/>\nesperan se integre con su llegada.<\/p>\n<p>Continuar\u00e1.<\/p>\n<p><\/p>\n","protected":false},"excerpt":{"rendered":"<p>Empat\u00eda y trato digno: Lo que esperan los profesores de Vidal Aguilar en la SEGEY<\/p>\n","protected":false},"author":1144,"featured_media":34056,"comment_status":"open","ping_status":"open","sticky":false,"template":"","format":"standard","meta":{"tdm_status":"","tdm_grid_status":"","footnotes":""},"categories":[25],"tags":[],"_links":{"self":[{"href":"https:\/\/dralvarez.com.mx\/larevista\/wp-json\/wp\/v2\/posts\/18952"}],"collection":[{"href":"https:\/\/dralvarez.com.mx\/larevista\/wp-json\/wp\/v2\/posts"}],"about":[{"href":"https:\/\/dralvarez.com.mx\/larevista\/wp-json\/wp\/v2\/types\/post"}],"author":[{"embeddable":true,"href":"https:\/\/dralvarez.com.mx\/larevista\/wp-json\/wp\/v2\/users\/1144"}],"replies":[{"embeddable":true,"href":"https:\/\/dralvarez.com.mx\/larevista\/wp-json\/wp\/v2\/comments?post=18952"}],"version-history":[{"count":1,"href":"https:\/\/dralvarez.com.mx\/larevista\/wp-json\/wp\/v2\/posts\/18952\/revisions"}],"predecessor-version":[{"id":34055,"href":"https:\/\/dralvarez.com.mx\/larevista\/wp-json\/wp\/v2\/posts\/18952\/revisions\/34055"}],"wp:featuredmedia":[{"embeddable":true,"href":"https:\/\/dralvarez.com.mx\/larevista\/wp-json\/wp\/v2\/media\/34056"}],"wp:attachment":[{"href":"https:\/\/dralvarez.com.mx\/larevista\/wp-json\/wp\/v2\/media?parent=18952"}],"wp:term":[{"taxonomy":"category","embeddable":true,"href":"https:\/\/dralvarez.com.mx\/larevista\/wp-json\/wp\/v2\/categories?post=18952"},{"taxonomy":"post_tag","embeddable":true,"href":"https:\/\/dralvarez.com.mx\/larevista\/wp-json\/wp\/v2\/tags?post=18952"}],"curies":[{"name":"wp","href":"https:\/\/api.w.org\/{rel}","templated":true}]}}