{"id":18946,"date":"2021-07-02T00:00:00","date_gmt":"2021-07-02T06:00:00","guid":{"rendered":"https:\/\/dralvarez.com.mx\/larevista\/blog\/las-leyendas-del-tiempo"},"modified":"2024-02-23T10:24:05","modified_gmt":"2024-02-23T16:24:05","slug":"las-leyendas-del-tiempo","status":"publish","type":"post","link":"https:\/\/dralvarez.com.mx\/larevista\/opiniones\/las-leyendas-del-tiempo","title":{"rendered":"Las leyendas del tiempo&#8230;"},"content":{"rendered":"<p><b>Por: Cristina Pad\u00edn.&nbsp;<\/b><\/p>\n<p>Y amar es conocer, comprender, respetar y saber. Saber sentir una leyenda del tiempo. Tiempo de verano, buler\u00eda, y ese amor que a veces es fantas\u00eda. Fantas\u00eda es una voz que canta y emociona piel y alma.<\/p>\n<p>Alma: pureza, esencia, flamenco, lo que es fresco como el agua. Como el agua que sonr\u00ede en la fuente al verano y a la guitarra y a los castillos de arena. Arena y sal, arena y ole. Ole: viva el toreo, viva Espa\u00f1a.<\/p>\n<p>Espa\u00f1a es flamenco. Y la luz de una farola, y un beso que se roba, y una copa a medianoche, y un nos\u00e9qu\u00e9 que enamora y tiritando de calor, que es julio. Y volando volando la m\u00fasica va sonando..<\/p>\n<p>Sonando y so\u00f1ando: leyendas del tiempo.<\/p>\n<p>Espa\u00f1a no se entiende sin toreo y sin flamenco.<br \/>A la memoria de Camar\u00f3n<br \/>Y de su amigo Manzanares, el que es eterno<br \/>Para mi querida Luc\u00eda<br \/>Para el primer a\u00f1o de Mar\u00eda<br \/>Para mi Luis<br \/>Para el toreo<br \/>Y para todos los amantes de la cultura y las costumbres<br \/>Para la m\u00fasica<\/p>\n<p><\/p>\n","protected":false},"excerpt":{"rendered":"<p>Por: Cristina Pad\u00edn.<\/p>\n","protected":false},"author":1025,"featured_media":34051,"comment_status":"open","ping_status":"open","sticky":false,"template":"","format":"standard","meta":{"tdm_status":"","tdm_grid_status":"","footnotes":""},"categories":[25],"tags":[],"_links":{"self":[{"href":"https:\/\/dralvarez.com.mx\/larevista\/wp-json\/wp\/v2\/posts\/18946"}],"collection":[{"href":"https:\/\/dralvarez.com.mx\/larevista\/wp-json\/wp\/v2\/posts"}],"about":[{"href":"https:\/\/dralvarez.com.mx\/larevista\/wp-json\/wp\/v2\/types\/post"}],"author":[{"embeddable":true,"href":"https:\/\/dralvarez.com.mx\/larevista\/wp-json\/wp\/v2\/users\/1025"}],"replies":[{"embeddable":true,"href":"https:\/\/dralvarez.com.mx\/larevista\/wp-json\/wp\/v2\/comments?post=18946"}],"version-history":[{"count":1,"href":"https:\/\/dralvarez.com.mx\/larevista\/wp-json\/wp\/v2\/posts\/18946\/revisions"}],"predecessor-version":[{"id":34050,"href":"https:\/\/dralvarez.com.mx\/larevista\/wp-json\/wp\/v2\/posts\/18946\/revisions\/34050"}],"wp:featuredmedia":[{"embeddable":true,"href":"https:\/\/dralvarez.com.mx\/larevista\/wp-json\/wp\/v2\/media\/34051"}],"wp:attachment":[{"href":"https:\/\/dralvarez.com.mx\/larevista\/wp-json\/wp\/v2\/media?parent=18946"}],"wp:term":[{"taxonomy":"category","embeddable":true,"href":"https:\/\/dralvarez.com.mx\/larevista\/wp-json\/wp\/v2\/categories?post=18946"},{"taxonomy":"post_tag","embeddable":true,"href":"https:\/\/dralvarez.com.mx\/larevista\/wp-json\/wp\/v2\/tags?post=18946"}],"curies":[{"name":"wp","href":"https:\/\/api.w.org\/{rel}","templated":true}]}}