{"id":18344,"date":"2021-04-21T00:00:00","date_gmt":"2021-04-21T06:00:00","guid":{"rendered":"https:\/\/dralvarez.com.mx\/larevista\/blog\/creera-amlo-que-el-coronavirus-puede-leer-gafetes"},"modified":"2024-02-23T09:38:19","modified_gmt":"2024-02-23T15:38:19","slug":"creera-amlo-que-el-coronavirus-puede-leer-gafetes","status":"publish","type":"post","link":"https:\/\/dralvarez.com.mx\/larevista\/opiniones\/creera-amlo-que-el-coronavirus-puede-leer-gafetes","title":{"rendered":"\u00bfCreer\u00e1 AMLO que el coronavirus puede leer gafetes?"},"content":{"rendered":"<p><b>Por: Eduardo Ru\u00edz-Healy.<\/b><\/p>\n<\/p>\n<p>Hasta el 8 de agosto del a\u00f1o pasado 87 000 trabajadores del sector salud hab\u00edan enfermado de COVID-19 y de este total hab\u00edan muerto 1171.<\/p>\n<p>Lo anterior de acuerdo con el reporte semanal de esa misma fecha que emiti\u00f3 la Secretar\u00eda de Salud, que en su primera p\u00e1gina explica que \u201cLa informaci\u00f3n que se presenta corresponde al an\u00e1lisis de la variable \u201cocupaci\u00f3n\u201d del Sistema de Vigilancia Epidemiol\u00f3gica de Enfermedad Respiratoria Viral (SISVER). El an\u00e1lisis refleja los casos que refirieron desempe\u00f1ar una ocupaci\u00f3n relacionada a la salud (dentista, enfermero, laboratorista, m\u00e9dico u otro trabajador de la salud)\u201d.<\/p>\n<p>Incre\u00edblemente, tambi\u00e9n anota que \u201cEs importante precisar que la informaci\u00f3n recabada en SISVER no permite identificar si el contagio sucedi\u00f3 en el lugar de trabajo, en el hogar o la comunidad, tampoco establecer si el personal de salud se encuentra laborando actualmente en una unidad de atenci\u00f3n m\u00e9dica\u201d.<\/p>\n<p>Y digo incre\u00edblemente porque se supondr\u00eda que, para efectos epidemiol\u00f3gicos, ser\u00eda importante conocer d\u00f3nde enferm\u00f3 cada uno de ellos y cu\u00e1les de los que murieron fueron infectados mientras atend\u00edan a alg\u00fan paciente.<\/p>\n<p>Transcurrieron 35 semanas y en cada uno de los reportes semanales se mostr\u00f3 iba en aumento el n\u00famero de trabajadores de salud infectados y fallecidos. En el reporte del 7 de septiembre ya eran 106 956 casos acumulados con 1435 defunciones; en el del 5 de octubre, 122 041 casos con 1646 defunciones; en el del 9 de noviembre, 144 083 casos con 1924 defunciones; en el del 7 de diciembre, 164 196 casos son 21798 defunciones.<\/p>\n<p>Lleg\u00f3 2021 y cada semana se emitieron los reportes que se\u00f1alaban que m\u00e9dicos, dentistas, enfermeras, laboratoristas, y otros trabajadores de la salud segu\u00edan enfermando y muriendo despu\u00e9s de contraer la enfermedad.<\/p>\n<div>\n<div>\n<div>\n<div>\n<div><\/div>\n<\/div>\n<\/div>\n<\/div>\n<\/div>\n<p>El reporte m\u00e1s reciente que aparece en el sitio <a target=\"_blank\" rel=\"nofollow noopener\" href=\"https:\/\/www.gob.mx\/salud\/documentos\/informes-sobre-el-personal-de-salud-covid-19-en-mexico\">https:\/\/www.gob.mx\/salud\/documentos\/informes-sobre-el-personal-de-salud-covid-19-en-mexico<\/a>&nbsp;corresponde al 12 de abril pasado y en se anota que hasta ese d\u00eda hab\u00edan enfermado 234 066 trabajadores y que 3764 hab\u00edan sucumbido frente al virus SARS-CoV-2 o alguna de sus variantes.<\/p>\n<p>Lo anterior significa que en las 35 semanas que transcurrieron desde el primer reporte, el del 8 de agosto del a\u00f1o pasado, hasta el lunes de la semana pasada, el n\u00famero de personal de salud que enferm\u00f3 aument\u00f3 en 268.9% y el de fallecidos en 321.3%.<\/p>\n<p>Tambi\u00e9n significa que hasta ahora es en M\u00e9xico en donde m\u00e1s personal de salud ha muerto durante la pandemia, porque los 3764 fallecidos superan a los 3600 que han perdido la vida en Estados Unidos.<\/p>\n<p>En vista de que el reporte no permite identificar donde ocurri\u00f3 el contagio es imposible establecer cu\u00e1ntos de los enfermos y fallecidos contrajeron la enfermedad en un hospital o consultorio particular.<\/p>\n<p>Al negarse a vacunar a decenas de miles de m\u00e9dicos, dentistas, enfermeras y dem\u00e1s trabajadores de la salud que trabajan en el sector privado, el presidente Andr\u00e9s Manuel L\u00f3pez Obrador act\u00faa como si estuviera convencido de que el coronavirus puede leer gafetes y distinguir entre quienes trabajan en el sector p\u00fablico y el privado. De paso olvida que una mayor\u00eda de los pacientes y familiares de estos trabajadores de la salud muy probablemente no votar\u00e1n por MORENA el 6 de junio venidero.<\/p>\n<p><strong>Twitter: @ruizhealy<\/strong><br \/><strong>Facebook: Eduardo J Ruiz-Healy<\/strong><br \/><strong>Instagram: ruizhealy<\/strong><br \/><strong>Sitio: <a target=\"_blank\" rel=\"nofollow noopener\" href=\"https:\/\/ruizhealytimes.com\/\">ruizhealytimes.com<\/a><\/strong><\/p><\/p>\n","protected":false},"excerpt":{"rendered":"<p>Por: Eduardo Ru\u00edz-Healy.<\/p>\n","protected":false},"author":1054,"featured_media":33508,"comment_status":"open","ping_status":"open","sticky":false,"template":"","format":"standard","meta":{"tdm_status":"","tdm_grid_status":"","footnotes":""},"categories":[25],"tags":[],"_links":{"self":[{"href":"https:\/\/dralvarez.com.mx\/larevista\/wp-json\/wp\/v2\/posts\/18344"}],"collection":[{"href":"https:\/\/dralvarez.com.mx\/larevista\/wp-json\/wp\/v2\/posts"}],"about":[{"href":"https:\/\/dralvarez.com.mx\/larevista\/wp-json\/wp\/v2\/types\/post"}],"author":[{"embeddable":true,"href":"https:\/\/dralvarez.com.mx\/larevista\/wp-json\/wp\/v2\/users\/1054"}],"replies":[{"embeddable":true,"href":"https:\/\/dralvarez.com.mx\/larevista\/wp-json\/wp\/v2\/comments?post=18344"}],"version-history":[{"count":1,"href":"https:\/\/dralvarez.com.mx\/larevista\/wp-json\/wp\/v2\/posts\/18344\/revisions"}],"predecessor-version":[{"id":33507,"href":"https:\/\/dralvarez.com.mx\/larevista\/wp-json\/wp\/v2\/posts\/18344\/revisions\/33507"}],"wp:featuredmedia":[{"embeddable":true,"href":"https:\/\/dralvarez.com.mx\/larevista\/wp-json\/wp\/v2\/media\/33508"}],"wp:attachment":[{"href":"https:\/\/dralvarez.com.mx\/larevista\/wp-json\/wp\/v2\/media?parent=18344"}],"wp:term":[{"taxonomy":"category","embeddable":true,"href":"https:\/\/dralvarez.com.mx\/larevista\/wp-json\/wp\/v2\/categories?post=18344"},{"taxonomy":"post_tag","embeddable":true,"href":"https:\/\/dralvarez.com.mx\/larevista\/wp-json\/wp\/v2\/tags?post=18344"}],"curies":[{"name":"wp","href":"https:\/\/api.w.org\/{rel}","templated":true}]}}